{"id":369772,"date":"2023-02-02T08:20:00","date_gmt":"2023-02-02T11:20:00","guid":{"rendered":"https:\/\/notinor.com\/jujuy\/?p=369772"},"modified":"2023-02-02T08:55:04","modified_gmt":"2023-02-02T11:55:04","slug":"lamas-pamela-candela","status":"publish","type":"post","link":"https:\/\/notinor.com\/jujuy\/lamas-pamela-candela\/","title":{"rendered":"LAMAS, Pamela Candela"},"content":{"rendered":"\n<p><strong>Falleci\u00f3 el d\u00eda 31 de enero de 2023, a hs. 22:26, a la edad de 13 a\u00f1os. \u201cSoy graciosa y curiosa. Me pregunto porque la vida es tan corta. Oigo truenos y la fuerte ventisca, veo el gran arco\u00edris. Quiero que la gente sea m\u00e1s cuidadosa, soy graciosa y curiosa. Siento amistad, pretendo reciclar, me asusta la curiosidad, me preocupa mi familia, lloro por la muerte, lloro al ver a mi madre llorar. Soy graciosa y curiosa, entiendo lo que no es tener abuelo, digo no a la guerra\u201d. Sus padres: N\u00e9lida Amanda Apaza y Wilfredo Iv\u00e1n Lamas; su hermana: Victoria Jazm\u00edn Lamas; sus primos; sus t\u00edos y dem\u00e1s familiares comunican que sus restos mortales ser\u00e1n inhumados hoy 02 de febrero a hs. 18:00 en el cementerio de B\u00e1rcena. Casa de duelo Francisco Burruchaga 35, Volc\u00e1n. Servicio Previsi\u00f3n Social SRL, Avda. Hip\u00f3lito Irigoyen 1250. Tel. 0388 4222492 S.S de Jujuy.<\/strong><\/p>\n","protected":false},"excerpt":{"rendered":"<p>Falleci\u00f3 el d\u00eda 31 de enero de 2023, a hs. 22:26, a la edad de 13 a\u00f1os. \u201cSoy graciosa y curiosa. Me pregunto porque la vida es tan corta. Oigo truenos y la fuerte ventisca, veo el gran arco\u00edris. Quiero que la gente sea m\u00e1s cuidadosa, soy graciosa y curiosa. Siento amistad, pretendo reciclar, me [&hellip;]<\/p>\n","protected":false},"author":5,"featured_media":129720,"comment_status":"open","ping_status":"open","sticky":false,"template":"","format":"standard","meta":{"_stopmodifiedupdate":false,"_modified_date":"","inline_featured_image":false,"spay_email":"","jetpack_publicize_message":""},"categories":[523],"tags":[],"jetpack_featured_media_url":"https:\/\/notinor.com\/jujuy\/wp-content\/uploads\/2017\/08\/Obituarios1.jpg","jetpack_publicize_connections":[],"_links":{"self":[{"href":"https:\/\/notinor.com\/jujuy\/wp-json\/wp\/v2\/posts\/369772"}],"collection":[{"href":"https:\/\/notinor.com\/jujuy\/wp-json\/wp\/v2\/posts"}],"about":[{"href":"https:\/\/notinor.com\/jujuy\/wp-json\/wp\/v2\/types\/post"}],"author":[{"embeddable":true,"href":"https:\/\/notinor.com\/jujuy\/wp-json\/wp\/v2\/users\/5"}],"replies":[{"embeddable":true,"href":"https:\/\/notinor.com\/jujuy\/wp-json\/wp\/v2\/comments?post=369772"}],"version-history":[{"count":1,"href":"https:\/\/notinor.com\/jujuy\/wp-json\/wp\/v2\/posts\/369772\/revisions"}],"predecessor-version":[{"id":369773,"href":"https:\/\/notinor.com\/jujuy\/wp-json\/wp\/v2\/posts\/369772\/revisions\/369773"}],"wp:featuredmedia":[{"embeddable":true,"href":"https:\/\/notinor.com\/jujuy\/wp-json\/wp\/v2\/media\/129720"}],"wp:attachment":[{"href":"https:\/\/notinor.com\/jujuy\/wp-json\/wp\/v2\/media?parent=369772"}],"wp:term":[{"taxonomy":"category","embeddable":true,"href":"https:\/\/notinor.com\/jujuy\/wp-json\/wp\/v2\/categories?post=369772"},{"taxonomy":"post_tag","embeddable":true,"href":"https:\/\/notinor.com\/jujuy\/wp-json\/wp\/v2\/tags?post=369772"}],"curies":[{"name":"wp","href":"https:\/\/api.w.org\/{rel}","templated":true}]}}