{"id":369768,"date":"2023-02-02T08:10:00","date_gmt":"2023-02-02T11:10:00","guid":{"rendered":"https:\/\/notinor.com\/jujuy\/?p=369768"},"modified":"2023-02-02T08:45:08","modified_gmt":"2023-02-02T11:45:08","slug":"franco-matias-mauricio","status":"publish","type":"post","link":"https:\/\/notinor.com\/jujuy\/franco-matias-mauricio\/","title":{"rendered":"FRANCO, Mat\u00edas Mauricio"},"content":{"rendered":"\n<p><strong>Falleci\u00f3 el d\u00eda 31 de enero de 2023, a hs. 05:30. C.A.S.R. y B.P., a la edad de 24 a\u00f1os. Sus padres: Amelia Rosa Armella y Santos Prudencio Franco; sus hermanos: Fernando, Alejandro, Daniel, Ariel, Mariana, Ricardo, Luis, Nicol\u00e1s y dem\u00e1s familiares comunican a sus amistades y personas piadosas que sus restos fueron inhumados ayer 01 de febrero en el cementerio Jard\u00edn del Castillo. Ruegan elevar una oraci\u00f3n en su memoria. Servicio de tanatopraxia y ceremonial empresa Futuro SRL. Ram\u00edrez de Velazco 137 S.S. de Jujuy, Jujuy. Tel. 0388- 4240090- 4232086. Para Caruso SA.<\/strong><\/p>\n","protected":false},"excerpt":{"rendered":"<p>Falleci\u00f3 el d\u00eda 31 de enero de 2023, a hs. 05:30. C.A.S.R. y B.P., a la edad de 24 a\u00f1os. Sus padres: Amelia Rosa Armella y Santos Prudencio Franco; sus hermanos: Fernando, Alejandro, Daniel, Ariel, Mariana, Ricardo, Luis, Nicol\u00e1s y dem\u00e1s familiares comunican a sus amistades y personas piadosas que sus restos fueron inhumados ayer [&hellip;]<\/p>\n","protected":false},"author":5,"featured_media":129720,"comment_status":"open","ping_status":"open","sticky":false,"template":"","format":"standard","meta":{"_stopmodifiedupdate":false,"_modified_date":"","inline_featured_image":false,"spay_email":"","jetpack_publicize_message":""},"categories":[523],"tags":[],"jetpack_featured_media_url":"https:\/\/notinor.com\/jujuy\/wp-content\/uploads\/2017\/08\/Obituarios1.jpg","jetpack_publicize_connections":[],"_links":{"self":[{"href":"https:\/\/notinor.com\/jujuy\/wp-json\/wp\/v2\/posts\/369768"}],"collection":[{"href":"https:\/\/notinor.com\/jujuy\/wp-json\/wp\/v2\/posts"}],"about":[{"href":"https:\/\/notinor.com\/jujuy\/wp-json\/wp\/v2\/types\/post"}],"author":[{"embeddable":true,"href":"https:\/\/notinor.com\/jujuy\/wp-json\/wp\/v2\/users\/5"}],"replies":[{"embeddable":true,"href":"https:\/\/notinor.com\/jujuy\/wp-json\/wp\/v2\/comments?post=369768"}],"version-history":[{"count":1,"href":"https:\/\/notinor.com\/jujuy\/wp-json\/wp\/v2\/posts\/369768\/revisions"}],"predecessor-version":[{"id":369769,"href":"https:\/\/notinor.com\/jujuy\/wp-json\/wp\/v2\/posts\/369768\/revisions\/369769"}],"wp:featuredmedia":[{"embeddable":true,"href":"https:\/\/notinor.com\/jujuy\/wp-json\/wp\/v2\/media\/129720"}],"wp:attachment":[{"href":"https:\/\/notinor.com\/jujuy\/wp-json\/wp\/v2\/media?parent=369768"}],"wp:term":[{"taxonomy":"category","embeddable":true,"href":"https:\/\/notinor.com\/jujuy\/wp-json\/wp\/v2\/categories?post=369768"},{"taxonomy":"post_tag","embeddable":true,"href":"https:\/\/notinor.com\/jujuy\/wp-json\/wp\/v2\/tags?post=369768"}],"curies":[{"name":"wp","href":"https:\/\/api.w.org\/{rel}","templated":true}]}}