{"id":369766,"date":"2023-02-02T08:05:00","date_gmt":"2023-02-02T11:05:00","guid":{"rendered":"https:\/\/notinor.com\/jujuy\/?p=369766"},"modified":"2023-02-02T08:41:57","modified_gmt":"2023-02-02T11:41:57","slug":"echazu-julio-belisario","status":"publish","type":"post","link":"https:\/\/notinor.com\/jujuy\/echazu-julio-belisario\/","title":{"rendered":"ECHAZ\u00da, Julio Belisario"},"content":{"rendered":"\n<p><strong>Falleci\u00f3 el d\u00eda 31 de enero de 2023, a hs. 18:30. C.A.S.R. y B.P., a la edad de 72 a\u00f1os. Su esposa: Elsa; sus hijos: Silvia y Ra\u00fal; sus nietas: Bel\u00e9n, Camila y dem\u00e1s familiares comunican a sus amistades y personas piadosas que sus restos fueron inhumados ayer 01 de febrero en el cementerio Jard\u00edn del Castillo. Ruegan elevar una oraci\u00f3n en su memoria. Servicio de tanatopraxia y ceremonial empresa Futuro SRL. Ramirez de Velazco 137 S.S. de Jujuy, Jujuy. Tel. 0388- 4240090-4232086.<\/strong><\/p>\n","protected":false},"excerpt":{"rendered":"<p>Falleci\u00f3 el d\u00eda 31 de enero de 2023, a hs. 18:30. C.A.S.R. y B.P., a la edad de 72 a\u00f1os. Su esposa: Elsa; sus hijos: Silvia y Ra\u00fal; sus nietas: Bel\u00e9n, Camila y dem\u00e1s familiares comunican a sus amistades y personas piadosas que sus restos fueron inhumados ayer 01 de febrero en el cementerio Jard\u00edn [&hellip;]<\/p>\n","protected":false},"author":5,"featured_media":129720,"comment_status":"open","ping_status":"open","sticky":false,"template":"","format":"standard","meta":{"_stopmodifiedupdate":false,"_modified_date":"","inline_featured_image":false,"spay_email":"","jetpack_publicize_message":""},"categories":[523],"tags":[],"jetpack_featured_media_url":"https:\/\/notinor.com\/jujuy\/wp-content\/uploads\/2017\/08\/Obituarios1.jpg","jetpack_publicize_connections":[],"_links":{"self":[{"href":"https:\/\/notinor.com\/jujuy\/wp-json\/wp\/v2\/posts\/369766"}],"collection":[{"href":"https:\/\/notinor.com\/jujuy\/wp-json\/wp\/v2\/posts"}],"about":[{"href":"https:\/\/notinor.com\/jujuy\/wp-json\/wp\/v2\/types\/post"}],"author":[{"embeddable":true,"href":"https:\/\/notinor.com\/jujuy\/wp-json\/wp\/v2\/users\/5"}],"replies":[{"embeddable":true,"href":"https:\/\/notinor.com\/jujuy\/wp-json\/wp\/v2\/comments?post=369766"}],"version-history":[{"count":1,"href":"https:\/\/notinor.com\/jujuy\/wp-json\/wp\/v2\/posts\/369766\/revisions"}],"predecessor-version":[{"id":369767,"href":"https:\/\/notinor.com\/jujuy\/wp-json\/wp\/v2\/posts\/369766\/revisions\/369767"}],"wp:featuredmedia":[{"embeddable":true,"href":"https:\/\/notinor.com\/jujuy\/wp-json\/wp\/v2\/media\/129720"}],"wp:attachment":[{"href":"https:\/\/notinor.com\/jujuy\/wp-json\/wp\/v2\/media?parent=369766"}],"wp:term":[{"taxonomy":"category","embeddable":true,"href":"https:\/\/notinor.com\/jujuy\/wp-json\/wp\/v2\/categories?post=369766"},{"taxonomy":"post_tag","embeddable":true,"href":"https:\/\/notinor.com\/jujuy\/wp-json\/wp\/v2\/tags?post=369766"}],"curies":[{"name":"wp","href":"https:\/\/api.w.org\/{rel}","templated":true}]}}