{"id":369726,"date":"2023-02-01T21:31:05","date_gmt":"2023-02-02T00:31:05","guid":{"rendered":"https:\/\/notinor.com\/jujuy\/?p=369726"},"modified":"2023-02-02T16:18:34","modified_gmt":"2023-02-02T19:18:34","slug":"estudiantes-jujenos-podran-participar-de-un-encuentro-de-freestyle-el-proximo-viernes","status":"publish","type":"post","link":"https:\/\/notinor.com\/jujuy\/estudiantes-jujenos-podran-participar-de-un-encuentro-de-freestyle-el-proximo-viernes\/","title":{"rendered":"<strong>Estudiantes juje\u00f1os podr\u00e1n participar de un encuentro de Freestyle el pr\u00f3ximo viernes<\/strong>"},"content":{"rendered":"\n<p><strong>Por Fabian Vargas<\/strong><\/p>\n\n\n\n<p class=\"has-medium-font-size\"><strong><em>Se realizar\u00e1 en horas de la tarde y pueden inscribirse j\u00f3venes de entre 13 y 19 a\u00f1os. Ser\u00e1 en el anfiteatro \u201cLas Lavanderas\u201d, en caso de que llueva se realizar\u00e1 en el IES N\u00b0 11 ubicado en calle Alvear de la capital juje\u00f1a.<\/em><\/strong><\/p>\n\n\n<div class=\"wp-block-image\">\n<figure class=\"aligncenter size-full\"><img decoding=\"async\" loading=\"lazy\" width=\"800\" height=\"450\" src=\"https:\/\/notinor.com\/jujuy\/wp-content\/uploads\/2023\/02\/fernanda-montenovi.jpg\" alt=\"\" class=\"wp-image-369727\" srcset=\"https:\/\/notinor.com\/jujuy\/wp-content\/uploads\/2023\/02\/fernanda-montenovi.jpg 800w, https:\/\/notinor.com\/jujuy\/wp-content\/uploads\/2023\/02\/fernanda-montenovi-649x365.jpg 649w, https:\/\/notinor.com\/jujuy\/wp-content\/uploads\/2023\/02\/fernanda-montenovi-500x280.jpg 500w, https:\/\/notinor.com\/jujuy\/wp-content\/uploads\/2023\/02\/fernanda-montenovi-768x432.jpg 768w, https:\/\/notinor.com\/jujuy\/wp-content\/uploads\/2023\/02\/fernanda-montenovi-750x422.jpg 750w\" sizes=\"(max-width: 800px) 100vw, 800px\" \/><\/figure><\/div>\n\n\n<p>El Ministerio de Educaci\u00f3n ultima detalles para la primera batalla estudiantil de Freestyle, que tendr\u00e1 lugar el pr\u00f3ximo viernes 3 a partir de horas 17 en el anfiteatro de Las Lavanderas, ubicado en el parque lineal Xibi Xibi. Fernanda Montenovi, Secretaria de Equidad Educativa, se\u00f1al\u00f3 que dicho evento forma parte de las actividades de Escuela de Verano que se desarrolla en&nbsp; la provincia con diferentes alternativas para ni\u00f1os, ni\u00f1as&nbsp; y adolescentes.<\/p>\n\n\n\n<p>Al respecto, la secretaria de Equidad Educativa de la provincia de Jujuy, Fernanda Montenovi, manifest\u00f3 a Notinor que \u201cen el marco de las Escuelas de Verano, esta propuesta de la provincia que nos est\u00e1 dando muchas satisfacciones se va a realizar este viernes en el Anfiteatro Las Lavanderas a las 17 horas, es una instancia m\u00e1s en el encuentro de los j\u00f3venes, la inscripci\u00f3n ya est\u00e1 habilitada y tenemos varios inscriptos, es una competencia de Free Style, algo poco com\u00fan para los m\u00e1s grandes, algo que vamos conociendo de a poco y reconocemos que es una nueva forma que tienen los j\u00f3venes de comunicarse\u201d.<\/p>\n\n\n\n<p>\u201cSe pueden inscribir en la p\u00e1gina del Ministerio de Educaci\u00f3n, pero tambi\u00e9n pueden hacerlo hasta un rato antes de la competencia en el lugar del evento\u201d, dijo.<\/p>\n\n\n\n<p>Montenovi se\u00f1al\u00f3 adem\u00e1s que \u201cpueden participar de entre 13 y 19 a\u00f1os, quiz\u00e1s un poquito m\u00e1s grandes tambi\u00e9n, que sean chicos que quieren participar, hemos encontrado chicos con much\u00edsimo talento\u201d.<\/p>\n\n\n\n<p>\u201cLo novedoso es que si bien ellos tienen tem\u00e1ticas libres, nosotros hemos propuesto algunas tem\u00e1ticas sobre el cuidado del medio ambiente, la educaci\u00f3n sexual integral (ESI) sobre el cuidado de ellos mismos, estas tem\u00e1ticas bien cuidadas y con respeto van a ser priorizadas para que ellos puedan decir lo que sienten y lo que saben de estas tem\u00e1ticas, como tambi\u00e9n de otras que puedan llegar a proponer\u201d, indic\u00f3.<\/p>\n\n\n\n<p>Asimismo, la funcionaria provincial record\u00f3 que \u201clos invitamos a que vayan a este encuentro, en caso de que llueva lo pasar\u00edamos a la misma hora al IES N\u00b0 11 ubicado en la calle Alvear 1142. Ya tenemos m\u00e1s de 100 inscriptos en toda la provincia, chicos que son destacados en lo que hacen, algunos de ellos har\u00e1n de jurados y nos van a acompa\u00f1ar en esta propuesta\u201d.<\/p>\n\n\n\n<p class=\"has-medium-font-size\"><strong>Una actividad novedosa<\/strong><\/p>\n\n\n\n<p>En tanto, Montenovi se refiri\u00f3 a lo novedoso de este tipo de actividades en el \u00e1mbito educativo, destacando que \u201cpara nosotros es algo nuevo que hemos encontrado en estas pr\u00e1cticas art\u00edsticas y tiene una riqueza enorme, esto de ampliar el vocabulario y la rapidez que tienen que tener para responder a los est\u00edmulos que le manda el contrincante, tiene muchas cosas a favor de lo que es el acto educativo en s\u00ed, tiene mucha improvisaci\u00f3n, mucha creatividad, mucha destreza y habilidad, son muchas las aptitudes que se ponen en juego en este tipo de competencias\u201d.<\/p>\n\n\n\n<p class=\"has-medium-font-size\"><strong>Escuelas de Verano<\/strong><\/p>\n\n\n\n<p>La secretaria de Equidad Educativa remarc\u00f3 que \u201clas Escuelas de Verano son una actividad del Ministerio de Educaci\u00f3n de la provincia donde hay muchos ministerios involucrados, desde el Ministerio de Educaci\u00f3n se han hecho diferentes talleres en toda la provincia de Educaci\u00f3n Sexual Integral (ESI), se ha trabajado mucho en rob\u00f3tica y educaci\u00f3n digital, se trabaj\u00f3 en momentos de lectura, hubo eventos recreativos y deportivos; hay dos aulas m\u00f3viles, una en Lozano y una en Valle Grande donde se dieron capacitaciones en programaci\u00f3n y en reparaci\u00f3n de calefones solares, fueron muchas las actividades que se llevaron a cabo en el marco de las escuelas de verano\u201d.<\/p>\n\n\n\n<iframe loading=\"lazy\" src=\"https:\/\/www.facebook.com\/plugins\/video.php?height=314&href=https%3A%2F%2Fwww.facebook.com%2Fdiarionotinor%2Fvideos%2F519340846852542%2F&show_text=false&width=560&t=0\" width=\"560\" height=\"314\" style=\"border:none;overflow:hidden\" scrolling=\"no\" frameborder=\"0\" allowfullscreen=\"true\" allow=\"autoplay; clipboard-write; encrypted-media; picture-in-picture; web-share\" allowFullScreen=\"true\"><\/iframe>\n\n\n\n<p class=\"has-medium-font-size\"><strong>Educaci\u00f3n Sexual Integral (ESI)<\/strong><\/p>\n\n\n\n<p>Otro de los temas que forman parte de las escuelas de verano es la ESI, que en su momento gener\u00f3 mucha pol\u00e9mica por la oposici\u00f3n que demostraban algunos padres a que esta tem\u00e1tica sea impartida en las escuelas.<\/p>\n\n\n\n<p>\u201cPor suerte, en todos estos a\u00f1os venimos trabajando despacito pero de manera sostenida y hoy la ESI se trabaja absolutamente en todas las escuelas p\u00fablicas y privadas de la provincia y la consideramos un pilar fundamental en la educaci\u00f3n de nuestros hijos\u201d.<\/p>\n\n\n\n<p>\u201cEste a\u00f1o hemos notado que los chicos se animan a hablar, en Jujuy se habla de ESI, de hecho somos la \u00fanica provincia que tiene jornadas institucionales espec\u00edficas sobre la ESI donde todos los docentes y alumnos trabajan la tem\u00e1tica en jornadas destinadas a ello. Al principio no fue f\u00e1cil, pero ya se instal\u00f3 como una tem\u00e1tica donde los chicos hablan y preguntan y tenemos un equipo que se dedica a ello\u201d, puntualiz\u00f3.<\/p>\n\n\n\n<p class=\"has-medium-font-size\"><strong>Equidad educativa<\/strong><\/p>\n\n\n\n<p>Finalmente, Montenovi explic\u00f3 que \u201cla equidad educativa es una instancia dentro del Ministerio de Educaci\u00f3n, una secretar\u00eda en la que abordamos la posibilidad de que cada docente y cada alumno tenga el mismo derecho a la educaci\u00f3n que merece, es decir, que todos tengan las mismas oportunidades, de hecho dentro de la Secretar\u00eda est\u00e1 el BEGU para que los chicos puedan acceder a las escuelas y educarse, tenemos el servicio de acompa\u00f1amiento escolar cuando vemos que un alumno tiene alguna dificultad o alg\u00fan problema que le impide continuar con su trayectoria, los acompa\u00f1amos para que puedan continuar con su escolaridad\u201d.<\/p>\n\n\n\n<p>\u201cTrabajamos muy a la par con el Ministerio de Desarrollo humano por el tema de los comedores escolares porque sabemos que los chicos con hambre no pueden aprender, entonces trabajamos para que los chicos no tengan esa dificultad; tambi\u00e9n tenemos el \u00e1rea de salud escolar, donde cualquier problema que tenga que ver con la salud de los estudiantes es abordado y acompa\u00f1ado y se capacita a los docentes para que ning\u00fan alumno tenga motivos para no ir a la escuela\u201d, concluy\u00f3.<\/p>\n","protected":false},"excerpt":{"rendered":"<p>Por Fabian Vargas Se realizar\u00e1 en horas de la tarde y pueden inscribirse j\u00f3venes de entre 13 y 19 a\u00f1os. Ser\u00e1 en el anfiteatro \u201cLas Lavanderas\u201d, en caso de que llueva se realizar\u00e1 en el IES N\u00b0 11 ubicado en calle Alvear de la capital juje\u00f1a. El Ministerio de Educaci\u00f3n ultima detalles para la primera [&hellip;]<\/p>\n","protected":false},"author":49,"featured_media":369727,"comment_status":"open","ping_status":"open","sticky":false,"template":"","format":"standard","meta":{"_stopmodifiedupdate":false,"_modified_date":"","inline_featured_image":false,"spay_email":"","jetpack_publicize_message":""},"categories":[2,514],"tags":[],"jetpack_featured_media_url":"https:\/\/notinor.com\/jujuy\/wp-content\/uploads\/2023\/02\/fernanda-montenovi.jpg","jetpack_publicize_connections":[],"_links":{"self":[{"href":"https:\/\/notinor.com\/jujuy\/wp-json\/wp\/v2\/posts\/369726"}],"collection":[{"href":"https:\/\/notinor.com\/jujuy\/wp-json\/wp\/v2\/posts"}],"about":[{"href":"https:\/\/notinor.com\/jujuy\/wp-json\/wp\/v2\/types\/post"}],"author":[{"embeddable":true,"href":"https:\/\/notinor.com\/jujuy\/wp-json\/wp\/v2\/users\/49"}],"replies":[{"embeddable":true,"href":"https:\/\/notinor.com\/jujuy\/wp-json\/wp\/v2\/comments?post=369726"}],"version-history":[{"count":2,"href":"https:\/\/notinor.com\/jujuy\/wp-json\/wp\/v2\/posts\/369726\/revisions"}],"predecessor-version":[{"id":369802,"href":"https:\/\/notinor.com\/jujuy\/wp-json\/wp\/v2\/posts\/369726\/revisions\/369802"}],"wp:featuredmedia":[{"embeddable":true,"href":"https:\/\/notinor.com\/jujuy\/wp-json\/wp\/v2\/media\/369727"}],"wp:attachment":[{"href":"https:\/\/notinor.com\/jujuy\/wp-json\/wp\/v2\/media?parent=369726"}],"wp:term":[{"taxonomy":"category","embeddable":true,"href":"https:\/\/notinor.com\/jujuy\/wp-json\/wp\/v2\/categories?post=369726"},{"taxonomy":"post_tag","embeddable":true,"href":"https:\/\/notinor.com\/jujuy\/wp-json\/wp\/v2\/tags?post=369726"}],"curies":[{"name":"wp","href":"https:\/\/api.w.org\/{rel}","templated":true}]}}