{"id":369711,"date":"2023-02-02T08:00:00","date_gmt":"2023-02-02T11:00:00","guid":{"rendered":"https:\/\/notinor.com\/jujuy\/?p=369711"},"modified":"2023-02-01T19:50:57","modified_gmt":"2023-02-01T22:50:57","slug":"la-mesa-de-enlace-reclama-a-sergio-massa-mas-asistencia-y-la-baja-de-retenciones","status":"publish","type":"post","link":"https:\/\/notinor.com\/jujuy\/la-mesa-de-enlace-reclama-a-sergio-massa-mas-asistencia-y-la-baja-de-retenciones\/","title":{"rendered":"La mesa de enlace reclama a Sergio Massa m\u00e1s asistencia y la baja de retenciones"},"content":{"rendered":"\n<p><strong><em>Desde el campo se valor\u00f3 la reuni\u00f3n con el ministro de Econom\u00eda, pero piden menos trabas burocr\u00e1ticas ante la urgencia clim\u00e1tica que vive el agro.<\/em><\/strong><\/p>\n\n\n<div class=\"wp-block-image\">\n<figure class=\"aligncenter size-large\"><img decoding=\"async\" loading=\"lazy\" width=\"840\" height=\"471\" src=\"https:\/\/notinor.com\/jujuy\/wp-content\/uploads\/2023\/02\/image-31-840x471.png\" alt=\"\" class=\"wp-image-369712\" srcset=\"https:\/\/notinor.com\/jujuy\/wp-content\/uploads\/2023\/02\/image-31-840x471.png 840w, https:\/\/notinor.com\/jujuy\/wp-content\/uploads\/2023\/02\/image-31-650x365.png 650w, https:\/\/notinor.com\/jujuy\/wp-content\/uploads\/2023\/02\/image-31-500x280.png 500w, https:\/\/notinor.com\/jujuy\/wp-content\/uploads\/2023\/02\/image-31-768x431.png 768w, https:\/\/notinor.com\/jujuy\/wp-content\/uploads\/2023\/02\/image-31-750x421.png 750w, https:\/\/notinor.com\/jujuy\/wp-content\/uploads\/2023\/02\/image-31-1140x640.png 1140w, https:\/\/notinor.com\/jujuy\/wp-content\/uploads\/2023\/02\/image-31.png 1440w\" sizes=\"(max-width: 840px) 100vw, 840px\" \/><\/figure><\/div>\n\n\n<p>En las 4 entidades de la\u00a0<strong>mesa de enlace<\/strong>\u00a0aseguraron que las\u00a0medidas impulsadas\u00a0por el ministro de Econom\u00eda<strong>, Sergio Massa,\u00a0<\/strong>sirven para mitigar los da\u00f1os por la sequ\u00eda. Pero<strong>\u00a0pidieron mayor celeridad y que no haya trabas burocr\u00e1ticas\u00a0<\/strong>para asistir a los productores agropecuarios que sufrieron el impacto del mal clima. Tambi\u00e9n reclamaron discutir medidas m\u00e1s estructurales de cara al futuro, como una posible rebaja de las retenciones.<\/p>\n\n\n\n<p>Tras la reuni\u00f3n con funcionarios nacionales, el campo renov\u00f3 sus reclamos para que se acelere la\u00a0<strong>asistencia a los damnificados<\/strong>,\u00a0y expresaron que no se tuvo en cuenta, entre otras cosas, el pedido de\u00a0<strong>eliminar la retenci\u00f3n del 8% del IVA.<\/strong><\/p>\n\n\n\n<p>Al respecto, el presidente de la Sociedad Rural Argentina (SRA), Nicol\u00e1s Pino, afirm\u00f3: \u201cNos juntamos en una mesa de trabajo, se plantearon situaciones por la coyuntura en particular. No las decisiones que tiene que tomar el Gobierno para que el campo pueda producir m\u00e1s en una Argentina que necesita m\u00e1s divisas\u201d.<\/p>\n\n\n\n<p>\u201cLa reuni\u00f3n por producciones regionales y ganader\u00eda se va a realizar la semana que viene. Est\u00e1n sufriendo un da\u00f1o que todav\u00eda no se puede medir. El momento es feo, el que est\u00e1 viviendo el pa\u00eds con esta seca.<strong>\u00a0Se necesitan medidas con inmediatez\u201d<\/strong>, explic\u00f3.<\/p>\n\n\n<div class=\"wp-block-image\">\n<figure class=\"aligncenter size-large\"><img decoding=\"async\" loading=\"lazy\" width=\"840\" height=\"470\" src=\"https:\/\/notinor.com\/jujuy\/wp-content\/uploads\/2023\/02\/image-32-840x470.png\" alt=\"\" class=\"wp-image-369713\" srcset=\"https:\/\/notinor.com\/jujuy\/wp-content\/uploads\/2023\/02\/image-32-840x470.png 840w, https:\/\/notinor.com\/jujuy\/wp-content\/uploads\/2023\/02\/image-32-652x365.png 652w, https:\/\/notinor.com\/jujuy\/wp-content\/uploads\/2023\/02\/image-32-500x280.png 500w, https:\/\/notinor.com\/jujuy\/wp-content\/uploads\/2023\/02\/image-32-768x430.png 768w, https:\/\/notinor.com\/jujuy\/wp-content\/uploads\/2023\/02\/image-32-750x420.png 750w, https:\/\/notinor.com\/jujuy\/wp-content\/uploads\/2023\/02\/image-32-1140x638.png 1140w, https:\/\/notinor.com\/jujuy\/wp-content\/uploads\/2023\/02\/image-32.png 1440w\" sizes=\"(max-width: 840px) 100vw, 840px\" \/><\/figure><\/div>\n\n\n<p>Sobre las p\u00e9rdidas por<strong>&nbsp;el impacto de la sequ\u00eda,<\/strong>&nbsp;afirm\u00f3: \u201cSe habla de 10 a 12 mil o 15 mil millones de d\u00f3lares. Nosotros no podemos manejar el agua, pero va haber una perdida significativa. Si la gente tiene un poco de suerte, los rendimientos pueden ser diferentes. Estimamos&nbsp;<strong>perdidas de los 14 a los 15 mil millones de d\u00f3lares,&nbsp;<\/strong>seguramente es as\u00ed\u201d.<\/p>\n\n\n\n<h2 class=\"has-medium-font-size\"><strong>Las medidas del Gobierno<\/strong><\/h2>\n\n\n\n<p>El Gobierno les comunic\u00f3 a los ruralistas que habr\u00e1<strong>&nbsp;fondos para peque\u00f1os productores y suspensi\u00f3n de anticipos de impuesto a las Ganancias<\/strong>, entre otros puntos. Desde el&nbsp;<strong>campo<\/strong>&nbsp;informaron que&nbsp;<strong>accedieron a casi todos los puntos que hab\u00edan solicitado&nbsp;<\/strong>en la primera reuni\u00f3n realizada d\u00edas atr\u00e1s.<\/p>\n\n\n\n<p>\u201cMuchos de los puntos que hab\u00edamos pedido est\u00e1n. Algunos quedaron afuera, como es la retenci\u00f3n del 8% del IVA y la resoluci\u00f3n del Banco Central que discrimina a los productores de soja que retengan m\u00e1s del 5% de su producci\u00f3n a cr\u00e9ditos blandos\u201d, dijo\u00a0<strong>Carlos Achetoni,<\/strong>\u00a0presidente de Federaci\u00f3n Agraria Argentina (FAA).<\/p>\n\n\n\n<p>Para\u00a0<strong>Jorge Chemes<\/strong>, principal dirigente de\u00a0<strong>Confederaciones Rurales Argentinas (CRA), est\u00e1 comprendido \u201cun alto porcentaje que hemos pedido<\/strong>\u201d. Pero s\u00ed aclar\u00f3 que \u201cquiere ver en acci\u00f3n estas medidas\u201d, porque \u201chay que ver como funciona en el interior, que\u00a0<strong>no haya trabas burocr\u00e1ticas que las frenen\u201d.<\/strong><\/p>\n\n\n\n<p>Por su parte, el titular de Coninagro,\u00a0<strong>Elbio Laucirica,<\/strong>\u00a0adelant\u00f3 que la semana que viene volver\u00e1n a reunirse con el Gobierno para avanzar en medidas concretas para econom\u00edas regionales y ganader\u00eda que estuvieron afectadas por la falta de lluvias.<\/p>\n\n\n\n<p>Para\u00a0<strong>Jorge Chemes<\/strong>, principal dirigente de\u00a0<strong>Confederaciones Rurales Argentinas (CRA), est\u00e1 comprendido \u201cun alto porcentaje que hemos pedido<\/strong>\u201d. Pero s\u00ed aclar\u00f3 que \u201cquiere ver en acci\u00f3n estas medidas\u201d, porque \u201chay que ver como funciona en el interior, que\u00a0<strong>no haya trabas burocr\u00e1ticas que las frenen\u201d.<\/strong><\/p>\n\n\n\n<p>Por su parte, el titular de Coninagro,\u00a0<strong>Elbio Laucirica,<\/strong>\u00a0adelant\u00f3 que la semana que viene volver\u00e1n a reunirse con el Gobierno para avanzar en medidas concretas para econom\u00edas regionales y ganader\u00eda que estuvieron afectadas por la falta de lluvias.<\/p>\n\n\n<div class=\"wp-block-image\">\n<figure class=\"aligncenter size-large\"><img decoding=\"async\" loading=\"lazy\" width=\"840\" height=\"470\" src=\"https:\/\/notinor.com\/jujuy\/wp-content\/uploads\/2023\/02\/image-33-840x470.png\" alt=\"\" class=\"wp-image-369714\" srcset=\"https:\/\/notinor.com\/jujuy\/wp-content\/uploads\/2023\/02\/image-33-840x470.png 840w, https:\/\/notinor.com\/jujuy\/wp-content\/uploads\/2023\/02\/image-33-652x365.png 652w, https:\/\/notinor.com\/jujuy\/wp-content\/uploads\/2023\/02\/image-33-500x280.png 500w, https:\/\/notinor.com\/jujuy\/wp-content\/uploads\/2023\/02\/image-33-768x430.png 768w, https:\/\/notinor.com\/jujuy\/wp-content\/uploads\/2023\/02\/image-33-750x420.png 750w, https:\/\/notinor.com\/jujuy\/wp-content\/uploads\/2023\/02\/image-33-1140x638.png 1140w, https:\/\/notinor.com\/jujuy\/wp-content\/uploads\/2023\/02\/image-33.png 1440w\" sizes=\"(max-width: 840px) 100vw, 840px\" \/><\/figure><\/div>\n\n\n<h2 class=\"has-medium-font-size\"><strong>Las proyecciones de la Bolsa de Cereales de Buenos Aires<\/strong><\/h2>\n\n\n\n<p>Seg\u00fan las \u00faltimas estimaciones de la&nbsp;<strong>Bolsa de Cereales de Buenos Aires (BCBA),&nbsp;<\/strong>por la sequ\u00eda las exportaciones del campo caer\u00edan en un poco m\u00e1s de US$14.000 millones para 2023 y se perder\u00eda el 1,8% del PBI.<\/p>\n\n\n\n<p>De todas maneras,&nbsp;<strong>las \u00faltimas lluvias de la semana pasada amortiguaron las p\u00e9rdidas productivas<\/strong>&nbsp;que ven\u00edan teniendo la soja y el ma\u00edz que ya se hab\u00eda sembrado, y permiti\u00f3 avanzar en la siembra en zonas que todav\u00eda no se hab\u00eda podido pasar la sembradora.<\/p>\n\n\n\n<p>Sin embargo,\u00a0<strong>hay zonas que las lluvias fueron insuficientes y siguen muy complicados<\/strong>. La buena noticia es que se esperan nuevas lluvias en la regi\u00f3n pampeana.<\/p>\n\n\n\n<p>Sobre el impacto del mal clima en la oferta de divisas, el secretario de Agricultura,&nbsp;<strong>Juan Jos\u00e9 Bahillo,&nbsp;<\/strong>prefiri\u00f3 mantener la \u201ccautela\u201d. Ante las consultas se limit\u00f3 a se\u00f1alar que la estimaci\u00f3n de la superficie sembrada hasta diciembre se redujo un 15% y que, por lo tanto, ahora \u201cla afectaci\u00f3n va a ser mayor\u201d.<\/p>\n\n\n\n<p>\u201cHay variaci\u00f3n muy finita, tendencia al sostenimiento de precios de commodities,&nbsp;<strong>no va a haber expectativa de tan buenos precios, pero en valores puede neutralizar menor volumen<\/strong>\u201d, cerr\u00f3.<\/p>\n","protected":false},"excerpt":{"rendered":"<p>Desde el campo se valor\u00f3 la reuni\u00f3n con el ministro de Econom\u00eda, pero piden menos trabas burocr\u00e1ticas ante la urgencia clim\u00e1tica que vive el agro. En las 4 entidades de la\u00a0mesa de enlace\u00a0aseguraron que las\u00a0medidas impulsadas\u00a0por el ministro de Econom\u00eda, Sergio Massa,\u00a0sirven para mitigar los da\u00f1os por la sequ\u00eda. Pero\u00a0pidieron mayor celeridad y que no [&hellip;]<\/p>\n","protected":false},"author":37,"featured_media":369712,"comment_status":"open","ping_status":"open","sticky":false,"template":"","format":"standard","meta":{"_stopmodifiedupdate":false,"_modified_date":"","inline_featured_image":false,"spay_email":"","jetpack_publicize_message":""},"categories":[2542],"tags":[],"jetpack_featured_media_url":"https:\/\/notinor.com\/jujuy\/wp-content\/uploads\/2023\/02\/image-31.png","jetpack_publicize_connections":[],"_links":{"self":[{"href":"https:\/\/notinor.com\/jujuy\/wp-json\/wp\/v2\/posts\/369711"}],"collection":[{"href":"https:\/\/notinor.com\/jujuy\/wp-json\/wp\/v2\/posts"}],"about":[{"href":"https:\/\/notinor.com\/jujuy\/wp-json\/wp\/v2\/types\/post"}],"author":[{"embeddable":true,"href":"https:\/\/notinor.com\/jujuy\/wp-json\/wp\/v2\/users\/37"}],"replies":[{"embeddable":true,"href":"https:\/\/notinor.com\/jujuy\/wp-json\/wp\/v2\/comments?post=369711"}],"version-history":[{"count":1,"href":"https:\/\/notinor.com\/jujuy\/wp-json\/wp\/v2\/posts\/369711\/revisions"}],"predecessor-version":[{"id":369716,"href":"https:\/\/notinor.com\/jujuy\/wp-json\/wp\/v2\/posts\/369711\/revisions\/369716"}],"wp:featuredmedia":[{"embeddable":true,"href":"https:\/\/notinor.com\/jujuy\/wp-json\/wp\/v2\/media\/369712"}],"wp:attachment":[{"href":"https:\/\/notinor.com\/jujuy\/wp-json\/wp\/v2\/media?parent=369711"}],"wp:term":[{"taxonomy":"category","embeddable":true,"href":"https:\/\/notinor.com\/jujuy\/wp-json\/wp\/v2\/categories?post=369711"},{"taxonomy":"post_tag","embeddable":true,"href":"https:\/\/notinor.com\/jujuy\/wp-json\/wp\/v2\/tags?post=369711"}],"curies":[{"name":"wp","href":"https:\/\/api.w.org\/{rel}","templated":true}]}}