{"id":369707,"date":"2023-02-02T07:30:00","date_gmt":"2023-02-02T10:30:00","guid":{"rendered":"https:\/\/notinor.com\/jujuy\/?p=369707"},"modified":"2023-02-02T10:08:48","modified_gmt":"2023-02-02T13:08:48","slug":"los-rugbiers-recibieron-la-ultima-visita-de-sus-familiares-en-el-penal-de-dolores-antes-del-veredicto","status":"publish","type":"post","link":"https:\/\/notinor.com\/jujuy\/los-rugbiers-recibieron-la-ultima-visita-de-sus-familiares-en-el-penal-de-dolores-antes-del-veredicto\/","title":{"rendered":"Los rugbiers recibieron la \u00faltima visita de sus familiares en el penal de Dolores antes del veredicto"},"content":{"rendered":"\n<p><strong><em>El lunes 6 de febrero se dictar\u00e1 la sentencia a los imputados por el crimen de Fernando B\u00e1ez Sosa. Hace 15 d\u00edas que sus padres no los ven.<\/em><\/strong><\/p>\n\n\n<div class=\"wp-block-image\">\n<figure class=\"aligncenter size-full\"><img decoding=\"async\" loading=\"lazy\" width=\"677\" height=\"314\" src=\"https:\/\/notinor.com\/jujuy\/wp-content\/uploads\/2023\/02\/image-30.png\" alt=\"\" class=\"wp-image-369709\" srcset=\"https:\/\/notinor.com\/jujuy\/wp-content\/uploads\/2023\/02\/image-30.png 677w, https:\/\/notinor.com\/jujuy\/wp-content\/uploads\/2023\/02\/image-30-660x306.png 660w\" sizes=\"(max-width: 677px) 100vw, 677px\" \/><\/figure><\/div>\n\n\n<p>A <strong>pocos d\u00edas de que se conozca&nbsp;el veredicto a los 8 rugbiers&nbsp;por el crimen de&nbsp;Fernando B\u00e1ez Sosa<\/strong>, los imputados recibieron&nbsp;<strong>la \u00faltima visita de sus familiares<\/strong>&nbsp;en el penal de Dolores, donde est\u00e1n alojados desde el comienzo del debate oral.<\/p>\n\n\n\n<p>Los padres de los acusados llegaron a la zona de visitas minutos antes de las 17 de este mi\u00e9rcoles para poder despachar la mercader\u00eda que llevaron y <strong>aprovechar las dos horas completas que tienen para estar con ellos.<\/strong><\/p>\n\n\n\n<p>Seg\u00fan informaron las familias fueron con&nbsp;<strong>bolsas cargadas<\/strong>, ya que hace 15 d\u00edas que no ven a los imputados.<\/p>\n\n\n\n<p>Si bien estaba pautado que las visitas ocurrieran una vez por semana durante el juicio, <strong>el mi\u00e9rcoles pasado se extendi\u00f3 la audiencia de los&nbsp;alegatos finales por parte de la fiscal\u00eda y el particular damnificado<\/strong>, lo que llev\u00f3 a que los imputados estuvieran en el Tribunal durante el horario en el que suelen recibir a sus allegados.<\/p>\n\n\n<div class=\"wp-block-image\">\n<figure class=\"aligncenter size-large\"><img decoding=\"async\" loading=\"lazy\" width=\"840\" height=\"470\" src=\"https:\/\/notinor.com\/jujuy\/wp-content\/uploads\/2023\/02\/image-29-840x470.png\" alt=\"\" class=\"wp-image-369708\" srcset=\"https:\/\/notinor.com\/jujuy\/wp-content\/uploads\/2023\/02\/image-29-840x470.png 840w, https:\/\/notinor.com\/jujuy\/wp-content\/uploads\/2023\/02\/image-29-652x365.png 652w, https:\/\/notinor.com\/jujuy\/wp-content\/uploads\/2023\/02\/image-29-500x280.png 500w, https:\/\/notinor.com\/jujuy\/wp-content\/uploads\/2023\/02\/image-29-768x430.png 768w, https:\/\/notinor.com\/jujuy\/wp-content\/uploads\/2023\/02\/image-29-750x420.png 750w, https:\/\/notinor.com\/jujuy\/wp-content\/uploads\/2023\/02\/image-29-1140x638.png 1140w, https:\/\/notinor.com\/jujuy\/wp-content\/uploads\/2023\/02\/image-29.png 1440w\" sizes=\"(max-width: 840px) 100vw, 840px\" \/><\/figure><\/div>\n\n\n<p>La de hoy es la \u00faltima visita pautada para los acusados en la c\u00e1rcel de Dolores, ya que la jueza&nbsp;<strong>Mar\u00eda Claudia Castro<\/strong>, presidenta del Tribunal Oral en lo Criminal (TOC) N\u00b01 de Dolores, deber\u00e1 definir el lunes a qu\u00e9 penal ser\u00e1n enviados los ocho acusados en caso de ser condenados y&nbsp;<strong>si estar\u00e1n juntos o separados en sus respectivas celdas.<\/strong><\/p>\n\n\n\n<h2 class=\"has-medium-font-size\"><strong>Cu\u00e1ndo se conocer\u00e1 la sentenciapor el asesinato de Fernando B\u00e1ez Sosa<\/strong><\/h2>\n\n\n\n<p><strong>El lunes 6 de febrero el debate oral que juzga a los rugbiers por el crimen de Fernando B\u00e1ez Sosa llegar\u00e1 a su fin<\/strong>. En un principio se baraj\u00f3 la posibilidad de que el veredicto se divulgara el 31 de enero, pero la magistrada Castro finalmente fij\u00f3 la fecha para la primera semana de febrero.<\/p>\n\n\n\n<p>Durante los alegatos, la fiscal\u00eda pidi\u00f3 la<strong>&nbsp;prisi\u00f3n perpetua<\/strong>&nbsp;para los ocho imputados y acus\u00f3 a los testigos Juan Pedro Guarino y Tom\u00e1s Colazo por el delito de falso testimonio. Fernando Burlando, representante de la familia de la v\u00edctima, solicit\u00f3 la misma pena para todos los acusados.<\/p>\n\n\n\n<p>En tanto, la defensa de los rugbiers, encabezada por&nbsp;<strong>Hugo Tomei<\/strong>,<strong> primero pidi\u00f3 la absoluci\u00f3n de los ocho y luego solicit\u00f3 que la condena sea por&nbsp;\u201chomicidio en ri\u00f1a\u201d.<\/strong><\/p>\n\n\n\n<p>Del mismo modo, el letrado <strong>acept\u00f3 en su lugar una pena por homicidio preterintencional o, en su defecto, por homicidio simple con dolo eventual<\/strong>.<\/p>\n\n\n\n<p>Tras los alegatos finales, los imputados dijeron sus \u00faltimas palabras y pidieron disculpas a la familia de Fernando B\u00e1ez Sosa. Adem\u00e1s, <strong>aseguraron que nunca quisieron matar a la v\u00edctima<\/strong>.<\/p>\n\n\n\n<p>Sin embargo, Silvino B\u00e1ez, padre de Fernando, afirm\u00f3: \u201c<strong>No les veo la sinceridad, me parece que fue muy actuado<\/strong>\u201d. La madre de la v\u00edctima, Graciela Sosa, acompa\u00f1\u00f3 sus palavras: \u201cPedir disculpas despu\u00e9s de haber matado es indiferente para m\u00ed\u201d.<\/p>\n","protected":false},"excerpt":{"rendered":"<p>El lunes 6 de febrero se dictar\u00e1 la sentencia a los imputados por el crimen de Fernando B\u00e1ez Sosa. Hace 15 d\u00edas que sus padres no los ven. A pocos d\u00edas de que se conozca&nbsp;el veredicto a los 8 rugbiers&nbsp;por el crimen de&nbsp;Fernando B\u00e1ez Sosa, los imputados recibieron&nbsp;la \u00faltima visita de sus familiares&nbsp;en el penal [&hellip;]<\/p>\n","protected":false},"author":37,"featured_media":369709,"comment_status":"open","ping_status":"open","sticky":false,"template":"","format":"standard","meta":{"_stopmodifiedupdate":false,"_modified_date":"","inline_featured_image":false,"spay_email":"","jetpack_publicize_message":""},"categories":[2],"tags":[],"jetpack_featured_media_url":"https:\/\/notinor.com\/jujuy\/wp-content\/uploads\/2023\/02\/image-30.png","jetpack_publicize_connections":[],"_links":{"self":[{"href":"https:\/\/notinor.com\/jujuy\/wp-json\/wp\/v2\/posts\/369707"}],"collection":[{"href":"https:\/\/notinor.com\/jujuy\/wp-json\/wp\/v2\/posts"}],"about":[{"href":"https:\/\/notinor.com\/jujuy\/wp-json\/wp\/v2\/types\/post"}],"author":[{"embeddable":true,"href":"https:\/\/notinor.com\/jujuy\/wp-json\/wp\/v2\/users\/37"}],"replies":[{"embeddable":true,"href":"https:\/\/notinor.com\/jujuy\/wp-json\/wp\/v2\/comments?post=369707"}],"version-history":[{"count":2,"href":"https:\/\/notinor.com\/jujuy\/wp-json\/wp\/v2\/posts\/369707\/revisions"}],"predecessor-version":[{"id":369788,"href":"https:\/\/notinor.com\/jujuy\/wp-json\/wp\/v2\/posts\/369707\/revisions\/369788"}],"wp:featuredmedia":[{"embeddable":true,"href":"https:\/\/notinor.com\/jujuy\/wp-json\/wp\/v2\/media\/369709"}],"wp:attachment":[{"href":"https:\/\/notinor.com\/jujuy\/wp-json\/wp\/v2\/media?parent=369707"}],"wp:term":[{"taxonomy":"category","embeddable":true,"href":"https:\/\/notinor.com\/jujuy\/wp-json\/wp\/v2\/categories?post=369707"},{"taxonomy":"post_tag","embeddable":true,"href":"https:\/\/notinor.com\/jujuy\/wp-json\/wp\/v2\/tags?post=369707"}],"curies":[{"name":"wp","href":"https:\/\/api.w.org\/{rel}","templated":true}]}}