{"id":369700,"date":"2023-02-01T19:27:19","date_gmt":"2023-02-01T22:27:19","guid":{"rendered":"https:\/\/notinor.com\/jujuy\/?p=369700"},"modified":"2023-02-01T19:50:48","modified_gmt":"2023-02-01T22:50:48","slug":"la-provincia-amplia-beneficios-y-asistencia-a-productores-y-ganaderos-golpeados-por-la-sequia","status":"publish","type":"post","link":"https:\/\/notinor.com\/jujuy\/la-provincia-amplia-beneficios-y-asistencia-a-productores-y-ganaderos-golpeados-por-la-sequia\/","title":{"rendered":"La provincia ampl\u00eda beneficios y asistencia a productores y ganaderos golpeados por la sequ\u00eda"},"content":{"rendered":"\n<p class=\"has-medium-font-size\"><strong><em>Gerardo Morales se reuni\u00f3 con miembros de la Federaci\u00f3n Productiva de Jujuy y les garantiz\u00f3 apoyo t\u00e9cnico y beneficios impositivos y fiscales para afrontar la situaci\u00f3n del sector por la sequ\u00eda.<\/em><\/strong><\/p>\n\n\n<div class=\"wp-block-image\">\n<figure class=\"aligncenter size-full\"><img decoding=\"async\" loading=\"lazy\" width=\"800\" height=\"450\" src=\"https:\/\/notinor.com\/jujuy\/wp-content\/uploads\/2023\/02\/sequia.jpg\" alt=\"\" class=\"wp-image-369704\" srcset=\"https:\/\/notinor.com\/jujuy\/wp-content\/uploads\/2023\/02\/sequia.jpg 800w, https:\/\/notinor.com\/jujuy\/wp-content\/uploads\/2023\/02\/sequia-649x365.jpg 649w, https:\/\/notinor.com\/jujuy\/wp-content\/uploads\/2023\/02\/sequia-500x280.jpg 500w, https:\/\/notinor.com\/jujuy\/wp-content\/uploads\/2023\/02\/sequia-768x432.jpg 768w, https:\/\/notinor.com\/jujuy\/wp-content\/uploads\/2023\/02\/sequia-750x422.jpg 750w\" sizes=\"(max-width: 800px) 100vw, 800px\" \/><\/figure><\/div>\n\n\n<p>El gobernador Gerardo Morales recibi\u00f3 a los representantes de la Federaci\u00f3n Productiva de Jujuy para abordar aspectos vinculados a la cr\u00edtica situaci\u00f3n de la producci\u00f3n agr\u00edcola-ganadera de la provincia producto de la sequ\u00eda.<\/p>\n\n\n\n<p>Durante el encuentro los presentantes de la entidad que congrega a la Uni\u00f3n Ca\u00f1eros Independientes de Jujuy y Salta, la C\u00e1mara del Tabaco de Jujuy, la Asociaci\u00f3n de Productores Agropecuarios Juje\u00f1os y la Sociedad Rural Juje\u00f1a brindaron un panorama por el que atraviesa el sector en la provincia y solicitaron al titular del ejecutivo fortalecer el apoyo para el sector.<\/p>\n\n\n\n<p>El ministro de Desarrollo Econ\u00f3mico y Producci\u00f3n, Juan Carlos Abud Robles, quien acompa\u00f1\u00f3 al mandatario provincial en la reuni\u00f3n, calific\u00f3 como \u201cpreocupante la sequ\u00eda que viene atravesando el pa\u00eds en los \u00faltimos tres a\u00f1os\u201d, impactando fuertemente en el sector agr\u00edcola y ganadero de la Argentina. \u201cAnalizamos que tipo de medidas se van a tomar y como se va a trabajar en el marco de emergencia\u201d, sostuvo el funcionario.<\/p>\n\n\n\n<p>En ese orden, valor\u00f3 las medidas anunciadas desde naci\u00f3n para hacer frente a la situaci\u00f3n, aunque reproch\u00f3 el \u201cpoco alcance\u201d de dichas acciones para el sector productivo de Jujuy. \u201cPor eso, se plantea que esto sea haga a trav\u00e9s de econom\u00edas regionales\u201d, enfatiz\u00f3 el ministro. \u201cDesde la provincia, el Gobernador se comprometi\u00f3 a ayudar con beneficios impositivos, fiscales, con asistencia t\u00e9cnica y con aportes para la electricidad. Vamos trabajar en la propuesta global con todos los equipos t\u00e9cnicos\u201d, subray\u00f3 el ministro.<\/p>\n","protected":false},"excerpt":{"rendered":"<p>Gerardo Morales se reuni\u00f3 con miembros de la Federaci\u00f3n Productiva de Jujuy y les garantiz\u00f3 apoyo t\u00e9cnico y beneficios impositivos y fiscales para afrontar la situaci\u00f3n del sector por la sequ\u00eda. El gobernador Gerardo Morales recibi\u00f3 a los representantes de la Federaci\u00f3n Productiva de Jujuy para abordar aspectos vinculados a la cr\u00edtica situaci\u00f3n de la [&hellip;]<\/p>\n","protected":false},"author":49,"featured_media":369704,"comment_status":"open","ping_status":"open","sticky":false,"template":"","format":"standard","meta":{"_stopmodifiedupdate":false,"_modified_date":"","inline_featured_image":false,"spay_email":"","jetpack_publicize_message":""},"categories":[2,514],"tags":[],"jetpack_featured_media_url":"https:\/\/notinor.com\/jujuy\/wp-content\/uploads\/2023\/02\/sequia.jpg","jetpack_publicize_connections":[],"_links":{"self":[{"href":"https:\/\/notinor.com\/jujuy\/wp-json\/wp\/v2\/posts\/369700"}],"collection":[{"href":"https:\/\/notinor.com\/jujuy\/wp-json\/wp\/v2\/posts"}],"about":[{"href":"https:\/\/notinor.com\/jujuy\/wp-json\/wp\/v2\/types\/post"}],"author":[{"embeddable":true,"href":"https:\/\/notinor.com\/jujuy\/wp-json\/wp\/v2\/users\/49"}],"replies":[{"embeddable":true,"href":"https:\/\/notinor.com\/jujuy\/wp-json\/wp\/v2\/comments?post=369700"}],"version-history":[{"count":2,"href":"https:\/\/notinor.com\/jujuy\/wp-json\/wp\/v2\/posts\/369700\/revisions"}],"predecessor-version":[{"id":369715,"href":"https:\/\/notinor.com\/jujuy\/wp-json\/wp\/v2\/posts\/369700\/revisions\/369715"}],"wp:featuredmedia":[{"embeddable":true,"href":"https:\/\/notinor.com\/jujuy\/wp-json\/wp\/v2\/media\/369704"}],"wp:attachment":[{"href":"https:\/\/notinor.com\/jujuy\/wp-json\/wp\/v2\/media?parent=369700"}],"wp:term":[{"taxonomy":"category","embeddable":true,"href":"https:\/\/notinor.com\/jujuy\/wp-json\/wp\/v2\/categories?post=369700"},{"taxonomy":"post_tag","embeddable":true,"href":"https:\/\/notinor.com\/jujuy\/wp-json\/wp\/v2\/tags?post=369700"}],"curies":[{"name":"wp","href":"https:\/\/api.w.org\/{rel}","templated":true}]}}