{"id":369696,"date":"2023-02-02T08:10:00","date_gmt":"2023-02-02T11:10:00","guid":{"rendered":"https:\/\/notinor.com\/jujuy\/?p=369696"},"modified":"2023-02-02T08:10:00","modified_gmt":"2023-02-02T08:10:00","slug":"el-aeropuerto-de-salta-crecera-un-65-el-plan-de-ampliacion-para-recibir-mas-vuelos","status":"publish","type":"post","link":"https:\/\/notinor.com\/jujuy\/el-aeropuerto-de-salta-crecera-un-65-el-plan-de-ampliacion-para-recibir-mas-vuelos\/","title":{"rendered":"El Aeropuerto de Salta crecer\u00e1 un 65%: el plan de ampliaci\u00f3n para recibir m\u00e1s vuelos"},"content":{"rendered":"\n<p class=\"has-medium-font-size\"><em><strong>Los trabajos se realizar\u00e1n a trav\u00e9s de una licitaci\u00f3n por casi $ 10.000 millones. Tambi\u00e9n se reformar\u00e1 la terminal de \u00f3mnibus<\/strong>.<\/em> <strong><em>C\u00f3mo ser\u00e1 el aeropuerto ampliado.<\/em><\/strong><\/p>\n\n\n<div class=\"wp-block-image\">\n<figure class=\"aligncenter size-large is-resized\"><img decoding=\"async\" loading=\"lazy\" src=\"https:\/\/notinor.com\/jujuy\/wp-content\/uploads\/2023\/02\/aeropuerto-salta-728x480.jpg\" alt=\"\" class=\"wp-image-369737\" width=\"834\" height=\"550\" srcset=\"https:\/\/notinor.com\/jujuy\/wp-content\/uploads\/2023\/02\/aeropuerto-salta-728x480.jpg 728w, https:\/\/notinor.com\/jujuy\/wp-content\/uploads\/2023\/02\/aeropuerto-salta-553x365.jpg 553w, https:\/\/notinor.com\/jujuy\/wp-content\/uploads\/2023\/02\/aeropuerto-salta-768x507.jpg 768w, https:\/\/notinor.com\/jujuy\/wp-content\/uploads\/2023\/02\/aeropuerto-salta-750x495.jpg 750w, https:\/\/notinor.com\/jujuy\/wp-content\/uploads\/2023\/02\/aeropuerto-salta.jpg 799w\" sizes=\"(max-width: 834px) 100vw, 834px\" \/><\/figure><\/div>\n\n\n<p><\/p>\n\n\n\n<p><strong>El Aeropuerto de Salta crecer\u00e1 un 65%, mediante un plan que apunta a ampliar la terminal a\u00e9rea<\/strong> <strong>para recibir m\u00e1s vuelos <\/strong>que faciliten la conectividad de la provincia y el norte del pa\u00eds. La estaci\u00f3n aeroportuaria no dejar\u00e1 de funcionar mientras duren las obras (se calcula un plazo de 25 meses).<\/p>\n\n\n\n<p>\"<strong>Es el puntapi\u00e9 para que el aeropuerto crezca acorde a la demanda que lo posicion\u00f3 como l\u00edder en el Noroeste (NOA)<\/strong>\", adelant\u00f3 el gobernador de Salta, Gustavo S\u00e1enz, al presidir el acto de presentaci\u00f3n del proyecto. \"<strong>Salta es un\u00a0lugar privilegiado y uno de los m\u00e1s elegidos<\/strong>. <strong>Necesita mejorar sus instalaciones para recibir<\/strong> <strong>a los turistas, <\/strong>lo que beneficiar\u00e1 a la Argentina\", se\u00f1al\u00f3.<\/p>\n\n\n\n<p>\"<strong>Era una materia pendiente desde hace muchos a\u00f1os<\/strong>. Y por eso hemos adoptado como pol\u00edtica de Estado gestionar los fondos para que Salta 'La Linda' tenga un aeropuerto como se merece\", indic\u00f3 S\u00e1enz.<\/p>\n\n\n\n<p>El mandatario provincial estuvo acompa\u00f1ado por el ministro de Transporte de Naci\u00f3n, Diego Giuliano; y el presidente del Organismo Regulador del Sistema Nacional de Aeropuertos (ORSNA),\u00a0Carlos Lugones; quienes <strong>detallaron las intervenciones a realizarse a trav\u00e9s de una licitaci\u00f3n por casi $ 10.000 millones.<\/strong> <strong>Las ofertas econ\u00f3micas se conocer\u00e1n el 21 de marzo<\/strong>, con la apertura de los sobres.<\/p>\n\n\n\n<blockquote class=\"wp-block-quote\">\n<p><strong>El aeropuerto no dejar\u00e1 de funcionar mientras duren las obras (se calcula un plazo de 25 meses)<\/strong>.<\/p>\n<\/blockquote>\n\n\n\n<p><strong>Tambi\u00e9n participaron otros funcionarios y ejecutivos,<\/strong> como el ministro de Turismo y Deportes\u00a0de Salta, Mario Pe\u00f1a; el ministro de Infraestructura de la provincia,\u00a0Sergio Camacho; la secretaria local de Gesti\u00f3n de Transporte, Jimena L\u00f3pez; el director de Relaciones Institucionales de Aeropuertos 2000,\u00a0Jorge Rosales; el gerente general de la Regi\u00f3n Oeste de Aeropuertos 2000,\u00a0Sergio Rinaldo; y titulares de c\u00e1maras y asociaciones de turismo, entre otros.<\/p>\n\n\n\n<p>Actualmente, <strong>el Aeropuerto de Salta tiene conexi\u00f3n directa con Bariloche, Resistencia, Buenos Aires, Rosario, C\u00f3rdoba, Iguaz\u00fa, Neuqu\u00e9n, Mendoza y Tucum\u00e1n<\/strong> en el \u00e1mbito local. En el plano internacional <strong>tiene vuelos directos con San Pablo (Brasil), <\/strong>sumando una opci\u00f3n clave para el ingreso a la Argentina por el norte.<\/p>\n\n\n\n<p class=\"has-medium-font-size\"><strong>Modernizaci\u00f3n de aeropuertos<\/strong><\/p>\n\n\n\n<p>De esa manera, con esta millonaria inversi\u00f3n pr\u00f3xima a concretarse,<strong> Salta alcanzar\u00e1 el segundo puesto en la Argentina con mayor presupuesto para infraestructura aeroportuaria<\/strong>.<\/p>\n\n\n\n<p><strong>Las obras apuntan a\u00a0mejorar la experiencia de 1,2 millones de personas\u00a0que circulan por a\u00f1o<\/strong> <strong>por la estaci\u00f3n a\u00e9rea<\/strong> <strong>internacional Mart\u00edn Miguel de G\u00fcemes<\/strong>, que pasar\u00e1 a tener una superficie de 14.000 metros cuadrados: actualmente cuenta con 8.500 y se construir\u00e1n 5.500 adicionales. <\/p>\n\n\n\n<p>En el \u00e1rea p\u00fablica,<strong> habr\u00e1 un espacio semicubierto nuevo sobre el frente de la terminal. Se unificar\u00e1 el acceso a nivel de la vereda y se har\u00e1 un nuevo hall en doble altura<\/strong>, con ofertas gastron\u00f3micas y comerciales, junto con la remodelaci\u00f3n de los sanitarios.<\/p>\n\n\n\n<figure class=\"wp-block-image size-large\"><img decoding=\"async\" loading=\"lazy\" width=\"721\" height=\"480\" src=\"https:\/\/notinor.com\/jujuy\/wp-content\/uploads\/2023\/02\/Fn5XZ2mXkAM9_8L-721x480.jpg\" alt=\"\" class=\"wp-image-369739\" srcset=\"https:\/\/notinor.com\/jujuy\/wp-content\/uploads\/2023\/02\/Fn5XZ2mXkAM9_8L-721x480.jpg 721w, https:\/\/notinor.com\/jujuy\/wp-content\/uploads\/2023\/02\/Fn5XZ2mXkAM9_8L-548x365.jpg 548w, https:\/\/notinor.com\/jujuy\/wp-content\/uploads\/2023\/02\/Fn5XZ2mXkAM9_8L-768x512.jpg 768w, https:\/\/notinor.com\/jujuy\/wp-content\/uploads\/2023\/02\/Fn5XZ2mXkAM9_8L-1536x1023.jpg 1536w, https:\/\/notinor.com\/jujuy\/wp-content\/uploads\/2023\/02\/Fn5XZ2mXkAM9_8L-750x500.jpg 750w, https:\/\/notinor.com\/jujuy\/wp-content\/uploads\/2023\/02\/Fn5XZ2mXkAM9_8L-1140x759.jpg 1140w, https:\/\/notinor.com\/jujuy\/wp-content\/uploads\/2023\/02\/Fn5XZ2mXkAM9_8L.jpg 2048w\" sizes=\"(max-width: 721px) 100vw, 721px\" \/><\/figure>\n\n\n\n<p><\/p>\n\n\n\n<p><\/p>\n\n\n\n<p><strong>El <em>check-in <\/em>contar\u00e1 con un nuevo sistema de equipajes<\/strong> (con balanzas, inyectoras y colectoras) <strong>y<\/strong> <strong>un nuevo sector de manejo de equipajes<\/strong> (con carruseles). A su vez, se incorporar\u00e1 un nuevo control <em>oversize<\/em>. En cuanto a los controles de seguridad,<strong> se ampliar\u00e1 la zona de la Polic\u00eda de Seguridad Aeroportuaria (PSA), Migraciones y Aduana.<\/strong><\/p>\n\n\n\n<p>En tanto, <strong>el embarque tambi\u00e9n tendr\u00e1 salas m\u00e1s grandes y sumar\u00e1 puertas,<\/strong> equipamiento, instalaciones y se\u00f1al\u00e9tica. Se a\u00f1adir\u00e1 tambi\u00e9n una manga telesc\u00f3pica y propuestas gastron\u00f3micas y comerciales. <strong>El \u00e1rea de arribos tendr\u00e1 nuevas cintas de equipaje.<\/strong><\/p>\n\n\n\n<p>Por \u00faltimo, <strong>se agrandar\u00e1 el \u00e1rea de apoyo, con un nuevo edificio del puesto de control de acceso y de cargas y otro de cobro de parking<\/strong>, adem\u00e1s de espacios de<\/p>\n\n\n\n<p><strong>Como complemento de las tareas que se llevar\u00e1n adelante all\u00ed,<\/strong> <strong>tambi\u00e9n se reformar\u00e1 la terminal de \u00f3mnibus General G\u00fcemes<\/strong>. Se\u00a0ampliar\u00e1 su superficie y habr\u00e1 un \u00e1rea cubierta de espera, siete boleter\u00edas y locales comerciales.<\/p>\n\n\n\n<p><\/p>\n\n\n<div class=\"wp-block-image\">\n<figure class=\"aligncenter size-large\"><img decoding=\"async\" loading=\"lazy\" width=\"720\" height=\"480\" src=\"https:\/\/notinor.com\/jujuy\/wp-content\/uploads\/2023\/02\/image-39-720x480.png\" alt=\"\" class=\"wp-image-369738\" srcset=\"https:\/\/notinor.com\/jujuy\/wp-content\/uploads\/2023\/02\/image-39-720x480.png 720w, https:\/\/notinor.com\/jujuy\/wp-content\/uploads\/2023\/02\/image-39-548x365.png 548w, https:\/\/notinor.com\/jujuy\/wp-content\/uploads\/2023\/02\/image-39-768x512.png 768w, https:\/\/notinor.com\/jujuy\/wp-content\/uploads\/2023\/02\/image-39-750x500.png 750w, https:\/\/notinor.com\/jujuy\/wp-content\/uploads\/2023\/02\/image-39-1140x760.png 1140w, https:\/\/notinor.com\/jujuy\/wp-content\/uploads\/2023\/02\/image-39.png 1200w\" sizes=\"(max-width: 720px) 100vw, 720px\" \/><\/figure><\/div>\n\n\n<p><\/p>\n\n\n\n<p>Bajo el 'Plan de Modernizaci\u00f3n del Transporte',\u00a0<strong>el Gobierno de la Naci\u00f3n tiene planificado iniciar trabajos en otros 11 aeropuertos del pa\u00eds<\/strong>, <strong>que\u00a0se sumar\u00e1n a los 15 que actualmente tienen obras en ejecuci\u00f3n<\/strong>. De esa manera, ser\u00e1n 26 las terminales que se modernizar\u00e1n durante 2023.<\/p>\n\n\n\n<p>En ese sentido, Giuliano se refiri\u00f3 al gran desarrollo de Salta y destac\u00f3 su relevancia tur\u00edstica: <strong>\"Es una alegr\u00eda estar en Salta<\/strong>,<strong> que tiene un perfil tur\u00edstico de gran desarrollo, y precisamente el proyecto de mejorar este aeropuerto est\u00e1 relacionado con eso.<\/strong> Pensamos, junto al presidente Alberto Fern\u00e1ndez y el Ministro de Econom\u00eda, Sergio Massa, que <strong>es fundamental que\u00a0acompa\u00f1emos el desarrollo de las econom\u00edas regionales con estas obras<\/strong>\".<\/p>\n\n\n\n<p>Y agreg\u00f3: \"Con el 'Plan de Modernizaci\u00f3n del Transporte'\u00a0<strong>ya finalizamos siete obras y estamos ejecutando 22 en Salta<\/strong>. Abarcan al sector ferroviario y al automotor, incluyendo la construcci\u00f3n del Nodo Log\u00edstico Multimodal de G\u00fcemes,\u00a0trascendental para la log\u00edstica. <strong>Todo esto significa\u00a0fortalecer el federalismo<\/strong>,<strong> y generar trabajo y producci\u00f3n,<\/strong> brindando calidad de vida a todos los salte\u00f1os\".<\/p>\n","protected":false},"excerpt":{"rendered":"<p>Los trabajos se realizar\u00e1n a trav\u00e9s de una licitaci\u00f3n por casi $ 10.000 millones. Tambi\u00e9n se reformar\u00e1 la terminal de \u00f3mnibus. C\u00f3mo ser\u00e1 el aeropuerto ampliado. El Aeropuerto de Salta crecer\u00e1 un 65%, mediante un plan que apunta a ampliar la terminal a\u00e9rea para recibir m\u00e1s vuelos que faciliten la conectividad de la provincia y [&hellip;]<\/p>\n","protected":false},"author":51,"featured_media":369737,"comment_status":"open","ping_status":"open","sticky":false,"template":"","format":"standard","meta":{"_stopmodifiedupdate":false,"_modified_date":"","inline_featured_image":false,"spay_email":"","jetpack_publicize_message":""},"categories":[2553],"tags":[],"jetpack_featured_media_url":"https:\/\/notinor.com\/jujuy\/wp-content\/uploads\/2023\/02\/aeropuerto-salta.jpg","jetpack_publicize_connections":[],"_links":{"self":[{"href":"https:\/\/notinor.com\/jujuy\/wp-json\/wp\/v2\/posts\/369696"}],"collection":[{"href":"https:\/\/notinor.com\/jujuy\/wp-json\/wp\/v2\/posts"}],"about":[{"href":"https:\/\/notinor.com\/jujuy\/wp-json\/wp\/v2\/types\/post"}],"author":[{"embeddable":true,"href":"https:\/\/notinor.com\/jujuy\/wp-json\/wp\/v2\/users\/51"}],"replies":[{"embeddable":true,"href":"https:\/\/notinor.com\/jujuy\/wp-json\/wp\/v2\/comments?post=369696"}],"version-history":[{"count":10,"href":"https:\/\/notinor.com\/jujuy\/wp-json\/wp\/v2\/posts\/369696\/revisions"}],"predecessor-version":[{"id":369741,"href":"https:\/\/notinor.com\/jujuy\/wp-json\/wp\/v2\/posts\/369696\/revisions\/369741"}],"wp:featuredmedia":[{"embeddable":true,"href":"https:\/\/notinor.com\/jujuy\/wp-json\/wp\/v2\/media\/369737"}],"wp:attachment":[{"href":"https:\/\/notinor.com\/jujuy\/wp-json\/wp\/v2\/media?parent=369696"}],"wp:term":[{"taxonomy":"category","embeddable":true,"href":"https:\/\/notinor.com\/jujuy\/wp-json\/wp\/v2\/categories?post=369696"},{"taxonomy":"post_tag","embeddable":true,"href":"https:\/\/notinor.com\/jujuy\/wp-json\/wp\/v2\/tags?post=369696"}],"curies":[{"name":"wp","href":"https:\/\/api.w.org\/{rel}","templated":true}]}}