{"id":369693,"date":"2023-02-01T18:12:18","date_gmt":"2023-02-01T21:12:18","guid":{"rendered":"https:\/\/notinor.com\/jujuy\/?p=369693"},"modified":"2023-02-01T18:21:21","modified_gmt":"2023-02-01T21:21:21","slug":"demarco-nunca-llego-una-notificacion-de-mi-suspension-a-la-municipalidad-de-perico","status":"publish","type":"post","link":"https:\/\/notinor.com\/jujuy\/demarco-nunca-llego-una-notificacion-de-mi-suspension-a-la-municipalidad-de-perico\/","title":{"rendered":"Demarco: \u201cNunca lleg\u00f3 una notificaci\u00f3n de mi suspensi\u00f3n a la Municipalidad de Perico\u201d"},"content":{"rendered":"\n<p><strong>El intendente de la localidad de Perico, Luciano Demarco, rechaz\u00f3 la suspensi\u00f3n que le impusiera el Concejo Deliberante y afirm\u00f3 que realiz\u00f3 las presentaciones judiciales correspondientes para el caso.<\/strong><\/p>\n\n\n<div class=\"wp-block-image\">\n<figure class=\"aligncenter size-large\"><img decoding=\"async\" loading=\"lazy\" width=\"640\" height=\"480\" src=\"https:\/\/notinor.com\/jujuy\/wp-content\/uploads\/2023\/02\/WhatsApp-Image-2023-02-01-at-6.05.57-PM-640x480.jpeg\" alt=\"\" class=\"wp-image-369694\" srcset=\"https:\/\/notinor.com\/jujuy\/wp-content\/uploads\/2023\/02\/WhatsApp-Image-2023-02-01-at-6.05.57-PM-640x480.jpeg 640w, https:\/\/notinor.com\/jujuy\/wp-content\/uploads\/2023\/02\/WhatsApp-Image-2023-02-01-at-6.05.57-PM-487x365.jpeg 487w, https:\/\/notinor.com\/jujuy\/wp-content\/uploads\/2023\/02\/WhatsApp-Image-2023-02-01-at-6.05.57-PM-768x576.jpeg 768w, https:\/\/notinor.com\/jujuy\/wp-content\/uploads\/2023\/02\/WhatsApp-Image-2023-02-01-at-6.05.57-PM-750x563.jpeg 750w, https:\/\/notinor.com\/jujuy\/wp-content\/uploads\/2023\/02\/WhatsApp-Image-2023-02-01-at-6.05.57-PM-1140x855.jpeg 1140w, https:\/\/notinor.com\/jujuy\/wp-content\/uploads\/2023\/02\/WhatsApp-Image-2023-02-01-at-6.05.57-PM.jpeg 1280w\" sizes=\"(max-width: 640px) 100vw, 640px\" \/><\/figure><\/div>\n\n\n<p>El jefe comunal afirm\u00f3 en primer lugar que casi ha pasado un mes desde que sufri\u00f3 un golpe institucional por parte del concejo deliberante de su localidad. <strong>\u201cEn Perico vemos violencia institucional, operaciones medi\u00e1ticas, distorsi\u00f3n de la realidad, que provoca que la sociedad odie a la pol\u00edtica\u201d<\/strong>.<\/p>\n\n\n\n<p>Agreg\u00f3 que se present\u00f3 en la justicia para ejercer su defensa y que solicit\u00f3 la nulidad de la sesi\u00f3n realizada en el concejo deliberante el 5 de Enero y que se encuentra a la espera de la respuesta favorable por parte de la justicia provincial. \u201c<strong>Con la presentaci\u00f3n pretendemos que se declare la inconstitucionalidad de lo resuelto por el concejo deliberante y la nulidad de la sesi\u00f3n, nunca lleg\u00f3 una notificaci\u00f3n de suspensi\u00f3n a la municipalidad de Perico, a casi un mes sigo en funciones a pesar de la gravedad de este hecho\u201d.<\/strong><\/p>\n\n\n\n<p>Por otra parte indic\u00f3 que en la <strong>sesi\u00f3n del 5 de Enero se habr\u00eda dispuesto la suspensi\u00f3n en su cargo de intendente por 180 d\u00edas <\/strong>y que esta resoluci\u00f3n jam\u00e1s fue comunicada formalmente. \u201cHe solicitado mediante nota al concejo deliberante las actas de la sesi\u00f3n, versiones taquigr\u00e1ficas y grabaciones audiovisuales\u201d.<\/p>\n\n\n\n<p>Demarco apunt\u00f3 contra el concejal del PJ y presidente del concejo deliberante Walter Cardozo y afirm\u00f3 que el 6 de Enero este edil indic\u00f3 que \u201casumir\u00eda\u201d al cargo de intendente y fue prorrogando su supuesta asunci\u00f3n como intendente. \u201cLo cierto es que reci\u00e9n el 27 de Enero me remite una nota de una sesi\u00f3n de un juicio pol\u00edtico, primero trataron de suspender y luego arman una sesi\u00f3n de juicio pol\u00edtico, suspendiendo lo actuado el 5 de Enero\u201d.<\/p>\n\n\n\n<p><strong>El intendente destac\u00f3 que esta situaci\u00f3n genera mucha incertidumbre y debilidad institucional en toda la comunidad de Perico.<\/strong> \u201cEsta situaci\u00f3n se genera porque el concejo Deliberante no cumple las funciones a su cargo que es hacer respetar el derecho de defensa de cualquier ciudadano, me condenaron sin permitirme la defensa, el cargo de intendente se obtiene en base a la decisi\u00f3n popular &nbsp;y una destituci\u00f3n tiene un procedimiento previsto en la carta org\u00e1nica municipal que debe respetarse\u201d.<\/p>\n\n\n\n<p><\/p>\n","protected":false},"excerpt":{"rendered":"<p>El intendente de la localidad de Perico, Luciano Demarco, rechaz\u00f3 la suspensi\u00f3n que le impusiera el Concejo Deliberante y afirm\u00f3 que realiz\u00f3 las presentaciones judiciales correspondientes para el caso. El jefe comunal afirm\u00f3 en primer lugar que casi ha pasado un mes desde que sufri\u00f3 un golpe institucional por parte del concejo deliberante de su [&hellip;]<\/p>\n","protected":false},"author":53,"featured_media":369694,"comment_status":"open","ping_status":"open","sticky":false,"template":"","format":"standard","meta":{"_stopmodifiedupdate":false,"_modified_date":"","inline_featured_image":false,"spay_email":"","jetpack_publicize_message":""},"categories":[2,501],"tags":[1897,19,750],"jetpack_featured_media_url":"https:\/\/notinor.com\/jujuy\/wp-content\/uploads\/2023\/02\/WhatsApp-Image-2023-02-01-at-6.05.57-PM.jpeg","jetpack_publicize_connections":[],"_links":{"self":[{"href":"https:\/\/notinor.com\/jujuy\/wp-json\/wp\/v2\/posts\/369693"}],"collection":[{"href":"https:\/\/notinor.com\/jujuy\/wp-json\/wp\/v2\/posts"}],"about":[{"href":"https:\/\/notinor.com\/jujuy\/wp-json\/wp\/v2\/types\/post"}],"author":[{"embeddable":true,"href":"https:\/\/notinor.com\/jujuy\/wp-json\/wp\/v2\/users\/53"}],"replies":[{"embeddable":true,"href":"https:\/\/notinor.com\/jujuy\/wp-json\/wp\/v2\/comments?post=369693"}],"version-history":[{"count":2,"href":"https:\/\/notinor.com\/jujuy\/wp-json\/wp\/v2\/posts\/369693\/revisions"}],"predecessor-version":[{"id":369697,"href":"https:\/\/notinor.com\/jujuy\/wp-json\/wp\/v2\/posts\/369693\/revisions\/369697"}],"wp:featuredmedia":[{"embeddable":true,"href":"https:\/\/notinor.com\/jujuy\/wp-json\/wp\/v2\/media\/369694"}],"wp:attachment":[{"href":"https:\/\/notinor.com\/jujuy\/wp-json\/wp\/v2\/media?parent=369693"}],"wp:term":[{"taxonomy":"category","embeddable":true,"href":"https:\/\/notinor.com\/jujuy\/wp-json\/wp\/v2\/categories?post=369693"},{"taxonomy":"post_tag","embeddable":true,"href":"https:\/\/notinor.com\/jujuy\/wp-json\/wp\/v2\/tags?post=369693"}],"curies":[{"name":"wp","href":"https:\/\/api.w.org\/{rel}","templated":true}]}}