{"id":369688,"date":"2023-02-01T17:05:07","date_gmt":"2023-02-01T20:05:07","guid":{"rendered":"https:\/\/notinor.com\/jujuy\/?p=369688"},"modified":"2023-02-01T17:05:12","modified_gmt":"2023-02-01T20:05:12","slug":"el-gobernador-inauguro-obras-que-reflejan-la-transformacion-de-caimancito","status":"publish","type":"post","link":"https:\/\/notinor.com\/jujuy\/el-gobernador-inauguro-obras-que-reflejan-la-transformacion-de-caimancito\/","title":{"rendered":"El Gobernador inaugur\u00f3 obras que reflejan la transformaci\u00f3n de Caimancito"},"content":{"rendered":"\n<p class=\"has-medium-font-size\"><strong><em>El Gobernador de la Provincia sostuvo que \"seguiremos avanzando\" en la construcci\u00f3n de mejores condiciones de vida para los habitantes de Caimancito, al inaugurar obras de pavimentaci\u00f3n y alumbrado en dicha ciudad, donde adem\u00e1s celebr\u00f3 el pase de trabajadores municipales a planta permanente y sensibles progresos de los servicios de salud.<\/em><\/strong><\/p>\n\n\n<div class=\"wp-block-image\">\n<figure class=\"aligncenter size-full\"><img decoding=\"async\" loading=\"lazy\" width=\"800\" height=\"450\" src=\"https:\/\/notinor.com\/jujuy\/wp-content\/uploads\/2023\/02\/caimancito.jpg\" alt=\"\" class=\"wp-image-369690\" srcset=\"https:\/\/notinor.com\/jujuy\/wp-content\/uploads\/2023\/02\/caimancito.jpg 800w, https:\/\/notinor.com\/jujuy\/wp-content\/uploads\/2023\/02\/caimancito-649x365.jpg 649w, https:\/\/notinor.com\/jujuy\/wp-content\/uploads\/2023\/02\/caimancito-500x280.jpg 500w, https:\/\/notinor.com\/jujuy\/wp-content\/uploads\/2023\/02\/caimancito-768x432.jpg 768w, https:\/\/notinor.com\/jujuy\/wp-content\/uploads\/2023\/02\/caimancito-750x422.jpg 750w\" sizes=\"(max-width: 800px) 100vw, 800px\" \/><\/figure><\/div>\n\n\n<p>Gerardo Morales procedi\u00f3 a la inauguraci\u00f3n de obras de pavimentaci\u00f3n e iluminaci\u00f3n de principales arterias de Caimancito, oportunidad en la cual garantiz\u00f3 que \u201cseguiremos avanzando\u201d con la transformaci\u00f3n de la ciudad, por cuanto \u201cexiste un firme compromiso que est\u00e1 m\u00e1s latente que nunca\u201d.<\/p>\n\n\n\n<p>Acompa\u00f1aron al primer mandatario, el ministro de Seguridad, Luis Mart\u00edn; su par de Trabajo y Empleo, Gaspar Santill\u00e1n; la titular de la cartera de Desarrollo Humano, Alejandra Mart\u00ednez; el secretario de Energ\u00eda de la Provincia, Mario Pizarro; el intendente anfitri\u00f3n, Daniel Gurrieri; Alejandro Nieva, auditor general de la Naci\u00f3n; diputados y comunidad en general.<\/p>\n\n\n\n<p>\u201cEs un orgullo inaugurar obras que hacen al crecimiento\u201d, manifest\u00f3 Morales y recalc\u00f3 que \u201cseguiremos trabajando por el desarrollo de Caimancito\u201d.<\/p>\n\n\n\n<p>Tras celebrar la incorporaci\u00f3n de trabajadores a la planta permanente del municipio, anticip\u00f3 que Caimancito recibir\u00e1 una ambulancia asignada por la Naci\u00f3n y puntualiz\u00f3 que el centro de salud local funcionar\u00e1 de manera aut\u00f3noma respecto de Calilegua, enfatizando que ello \u201creportar\u00e1 m\u00e1s beneficios a los vecinos necesitados de servicios de calidad disponibles en su ciudad\u201d.<\/p>\n\n\n\n<p>\u201cHay un compromiso con este pueblo y lo sostendremos\u201d, se\u00f1al\u00f3 el gobernador. Por otra parte, Gurrieri destac\u00f3 que las nuevas obras \u201cson progreso para mi pueblo\u201d y puntualiz\u00f3 que \u201chace 36 a\u00f1os que no se hac\u00eda una obra de esta envergadura\u201d.<\/p>\n","protected":false},"excerpt":{"rendered":"<p>El Gobernador de la Provincia sostuvo que \"seguiremos avanzando\" en la construcci\u00f3n de mejores condiciones de vida para los habitantes de Caimancito, al inaugurar obras de pavimentaci\u00f3n y alumbrado en dicha ciudad, donde adem\u00e1s celebr\u00f3 el pase de trabajadores municipales a planta permanente y sensibles progresos de los servicios de salud. Gerardo Morales procedi\u00f3 a [&hellip;]<\/p>\n","protected":false},"author":49,"featured_media":369690,"comment_status":"open","ping_status":"open","sticky":false,"template":"","format":"standard","meta":{"_stopmodifiedupdate":false,"_modified_date":"","inline_featured_image":false,"spay_email":"","jetpack_publicize_message":""},"categories":[2,4],"tags":[],"jetpack_featured_media_url":"https:\/\/notinor.com\/jujuy\/wp-content\/uploads\/2023\/02\/caimancito.jpg","jetpack_publicize_connections":[],"_links":{"self":[{"href":"https:\/\/notinor.com\/jujuy\/wp-json\/wp\/v2\/posts\/369688"}],"collection":[{"href":"https:\/\/notinor.com\/jujuy\/wp-json\/wp\/v2\/posts"}],"about":[{"href":"https:\/\/notinor.com\/jujuy\/wp-json\/wp\/v2\/types\/post"}],"author":[{"embeddable":true,"href":"https:\/\/notinor.com\/jujuy\/wp-json\/wp\/v2\/users\/49"}],"replies":[{"embeddable":true,"href":"https:\/\/notinor.com\/jujuy\/wp-json\/wp\/v2\/comments?post=369688"}],"version-history":[{"count":1,"href":"https:\/\/notinor.com\/jujuy\/wp-json\/wp\/v2\/posts\/369688\/revisions"}],"predecessor-version":[{"id":369691,"href":"https:\/\/notinor.com\/jujuy\/wp-json\/wp\/v2\/posts\/369688\/revisions\/369691"}],"wp:featuredmedia":[{"embeddable":true,"href":"https:\/\/notinor.com\/jujuy\/wp-json\/wp\/v2\/media\/369690"}],"wp:attachment":[{"href":"https:\/\/notinor.com\/jujuy\/wp-json\/wp\/v2\/media?parent=369688"}],"wp:term":[{"taxonomy":"category","embeddable":true,"href":"https:\/\/notinor.com\/jujuy\/wp-json\/wp\/v2\/categories?post=369688"},{"taxonomy":"post_tag","embeddable":true,"href":"https:\/\/notinor.com\/jujuy\/wp-json\/wp\/v2\/tags?post=369688"}],"curies":[{"name":"wp","href":"https:\/\/api.w.org\/{rel}","templated":true}]}}