{"id":369678,"date":"2023-02-01T12:53:29","date_gmt":"2023-02-01T15:53:29","guid":{"rendered":"https:\/\/notinor.com\/jujuy\/?p=369678"},"modified":"2023-02-01T12:53:34","modified_gmt":"2023-02-01T15:53:34","slug":"gerardo-morales-inauguro-alumbrado-y-pavimento-en-fraile-pintado-sigamos-trabajando-en-paz","status":"publish","type":"post","link":"https:\/\/notinor.com\/jujuy\/gerardo-morales-inauguro-alumbrado-y-pavimento-en-fraile-pintado-sigamos-trabajando-en-paz\/","title":{"rendered":"Gerardo Morales inaugur\u00f3 alumbrado y pavimento en Fraile Pintado: \"sigamos trabajando en paz\""},"content":{"rendered":"\n<p><strong><em>\"Seguiremos acompa\u00f1ando todos los desaf\u00edos de Fraile Pintado, unidos y en paz\", asegur\u00f3 el Gobernador de la Provincia al inaugurar las obras de iluminaci\u00f3n de la Ruta 20 y pavimentaci\u00f3n de la avenida principal de dicha ciudad.<\/em><\/strong><\/p>\n\n\n<div class=\"wp-block-image\">\n<figure class=\"aligncenter size-large\"><img decoding=\"async\" loading=\"lazy\" width=\"792\" height=\"480\" src=\"https:\/\/notinor.com\/jujuy\/wp-content\/uploads\/2023\/02\/image-24-792x480.png\" alt=\"\" class=\"wp-image-369679\" srcset=\"https:\/\/notinor.com\/jujuy\/wp-content\/uploads\/2023\/02\/image-24-792x480.png 792w, https:\/\/notinor.com\/jujuy\/wp-content\/uploads\/2023\/02\/image-24-602x365.png 602w, https:\/\/notinor.com\/jujuy\/wp-content\/uploads\/2023\/02\/image-24-768x465.png 768w, https:\/\/notinor.com\/jujuy\/wp-content\/uploads\/2023\/02\/image-24-750x454.png 750w, https:\/\/notinor.com\/jujuy\/wp-content\/uploads\/2023\/02\/image-24-1140x691.png 1140w, https:\/\/notinor.com\/jujuy\/wp-content\/uploads\/2023\/02\/image-24.png 1200w\" sizes=\"(max-width: 792px) 100vw, 792px\" \/><\/figure><\/div>\n\n\n<p>Gerardo Morales encabez\u00f3 la ceremonia inaugural del <strong>sistema lum\u00ednico de la Ruta 20 acceso a Fraile Pintado y de la obra de pavimentaci\u00f3n de la principal arteria<\/strong> de esa ciudad.<\/p>\n\n\n\n<p>\"<strong>Son concreciones que responden a las demandas de los vecinos\",<\/strong> apunt\u00f3.<\/p>\n\n\n\n<p>Asimismo, asegur\u00f3 que continuar\u00e1 \"acompa\u00f1ando todos los desaf\u00edos\" de Fraile Pintado para luego recordar la multiplicidad de <strong>obras<\/strong> que se ejecutan en la zona, tales como el<strong> centro judicial, el Colegio Secundario 37 a inaugurar este mes, un jard\u00edn maternal y la ampliaci\u00f3n de la Agrot\u00e9cnica N\u00b0 5.<\/strong><\/p>\n\n\n\n<p>Tambi\u00e9n se refiri\u00f3 a las inversiones para <strong>garantizar el suministro de agua potable <\/strong>y otras obras de<strong> infraestructura social.\u00a0<\/strong><\/p>\n\n\n\n<p>\u201c<strong>Debemos seguir trabajando unidos y en paz\u201d<\/strong>, concluy\u00f3 Morales.\u00a0<\/p>\n\n\n<div class=\"wp-block-image\">\n<figure class=\"aligncenter size-large\"><img decoding=\"async\" loading=\"lazy\" width=\"703\" height=\"480\" src=\"https:\/\/notinor.com\/jujuy\/wp-content\/uploads\/2023\/02\/image-25-703x480.png\" alt=\"\" class=\"wp-image-369680\" srcset=\"https:\/\/notinor.com\/jujuy\/wp-content\/uploads\/2023\/02\/image-25-703x480.png 703w, https:\/\/notinor.com\/jujuy\/wp-content\/uploads\/2023\/02\/image-25-535x365.png 535w, https:\/\/notinor.com\/jujuy\/wp-content\/uploads\/2023\/02\/image-25-768x524.png 768w, https:\/\/notinor.com\/jujuy\/wp-content\/uploads\/2023\/02\/image-25-750x512.png 750w, https:\/\/notinor.com\/jujuy\/wp-content\/uploads\/2023\/02\/image-25-1140x778.png 1140w, https:\/\/notinor.com\/jujuy\/wp-content\/uploads\/2023\/02\/image-25.png 1200w\" sizes=\"(max-width: 703px) 100vw, 703px\" \/><\/figure><\/div>\n\n\n<p>A su turno, el secretario de Energ\u00eda, Mario Pizarro, detall\u00f3 que el sistema lum\u00ednico inaugurado<strong> dispone de m\u00e1s de 60 columnas met\u00e1licas y un promedio de 54 artefactos LED, lo que demand\u00f3 una inversi\u00f3n de $34.000.000.\u00a0<\/strong><\/p>\n\n\n\n<p><strong>\u201cEstas obras permiten a los vecinos transitar con normalidad y seguridad\"<\/strong>, apunt\u00f3.\u00a0<\/p>\n\n\n\n<p>En tanto, el intendente de Fraile Pintado, Iv\u00e1n Poncio, agradeci\u00f3 la colaboraci\u00f3n y predisposici\u00f3n del gobernador Morales y resalt\u00f3 que <strong>\u201cestamos en proceso de desarrollo, con obras que nos permiten tener otro salto de calidad\".\u00a0<\/strong><\/p>\n\n\n\n<p>Tambi\u00e9n estuvieron presentes, los ministros de Seguridad, Luis Mart\u00edn; de Desarrollo Humano, Alejandra Mart\u00ednez; y de Trabajo y Empleo, Gaspar Santill\u00e1n; el intendente de San Pedro, Julio Bravo; Alejandro Nieva, auditor general de la Naci\u00f3n; legisladores y vecinos en general.<\/p>\n","protected":false},"excerpt":{"rendered":"<p>\"Seguiremos acompa\u00f1ando todos los desaf\u00edos de Fraile Pintado, unidos y en paz\", asegur\u00f3 el Gobernador de la Provincia al inaugurar las obras de iluminaci\u00f3n de la Ruta 20 y pavimentaci\u00f3n de la avenida principal de dicha ciudad. Gerardo Morales encabez\u00f3 la ceremonia inaugural del sistema lum\u00ednico de la Ruta 20 acceso a Fraile Pintado y [&hellip;]<\/p>\n","protected":false},"author":37,"featured_media":369680,"comment_status":"open","ping_status":"open","sticky":false,"template":"","format":"standard","meta":{"_stopmodifiedupdate":false,"_modified_date":"","inline_featured_image":false,"spay_email":"","jetpack_publicize_message":""},"categories":[4],"tags":[],"jetpack_featured_media_url":"https:\/\/notinor.com\/jujuy\/wp-content\/uploads\/2023\/02\/image-25.png","jetpack_publicize_connections":[],"_links":{"self":[{"href":"https:\/\/notinor.com\/jujuy\/wp-json\/wp\/v2\/posts\/369678"}],"collection":[{"href":"https:\/\/notinor.com\/jujuy\/wp-json\/wp\/v2\/posts"}],"about":[{"href":"https:\/\/notinor.com\/jujuy\/wp-json\/wp\/v2\/types\/post"}],"author":[{"embeddable":true,"href":"https:\/\/notinor.com\/jujuy\/wp-json\/wp\/v2\/users\/37"}],"replies":[{"embeddable":true,"href":"https:\/\/notinor.com\/jujuy\/wp-json\/wp\/v2\/comments?post=369678"}],"version-history":[{"count":1,"href":"https:\/\/notinor.com\/jujuy\/wp-json\/wp\/v2\/posts\/369678\/revisions"}],"predecessor-version":[{"id":369681,"href":"https:\/\/notinor.com\/jujuy\/wp-json\/wp\/v2\/posts\/369678\/revisions\/369681"}],"wp:featuredmedia":[{"embeddable":true,"href":"https:\/\/notinor.com\/jujuy\/wp-json\/wp\/v2\/media\/369680"}],"wp:attachment":[{"href":"https:\/\/notinor.com\/jujuy\/wp-json\/wp\/v2\/media?parent=369678"}],"wp:term":[{"taxonomy":"category","embeddable":true,"href":"https:\/\/notinor.com\/jujuy\/wp-json\/wp\/v2\/categories?post=369678"},{"taxonomy":"post_tag","embeddable":true,"href":"https:\/\/notinor.com\/jujuy\/wp-json\/wp\/v2\/tags?post=369678"}],"curies":[{"name":"wp","href":"https:\/\/api.w.org\/{rel}","templated":true}]}}