{"id":369560,"date":"2023-02-01T14:20:00","date_gmt":"2023-02-01T17:20:00","guid":{"rendered":"https:\/\/notinor.com\/jujuy\/?p=369560"},"modified":"2023-02-01T15:37:43","modified_gmt":"2023-02-01T18:37:43","slug":"la-oms-mantiene-el-nivel-maximo-de-alerta-para-la-pandemia-de-covid-19","status":"publish","type":"post","link":"https:\/\/notinor.com\/jujuy\/la-oms-mantiene-el-nivel-maximo-de-alerta-para-la-pandemia-de-covid-19\/","title":{"rendered":"La OMS mantiene el nivel m\u00e1ximo de alerta para la pandemia de Covid-19"},"content":{"rendered":"\n<p class=\"has-medium-font-size\"><strong><em>A tres a\u00f1os de haber declarado la enfermedad como urgencia de salud p\u00fablica internacional, la organizaci\u00f3n advierte sobre los riesgos que persisten y llama a la poblaci\u00f3n a vacunarse.<\/em><\/strong><\/p>\n\n\n<div class=\"wp-block-image\">\n<figure class=\"aligncenter size-large\"><img decoding=\"async\" loading=\"lazy\" width=\"720\" height=\"480\" src=\"https:\/\/notinor.com\/jujuy\/wp-content\/uploads\/2023\/01\/GettyImages-1211613581-720x480.jpg\" alt=\"\" class=\"wp-image-369568\" srcset=\"https:\/\/notinor.com\/jujuy\/wp-content\/uploads\/2023\/01\/GettyImages-1211613581-720x480.jpg 720w, https:\/\/notinor.com\/jujuy\/wp-content\/uploads\/2023\/01\/GettyImages-1211613581-548x365.jpg 548w, https:\/\/notinor.com\/jujuy\/wp-content\/uploads\/2023\/01\/GettyImages-1211613581-768x512.jpg 768w, https:\/\/notinor.com\/jujuy\/wp-content\/uploads\/2023\/01\/GettyImages-1211613581-1536x1024.jpg 1536w, https:\/\/notinor.com\/jujuy\/wp-content\/uploads\/2023\/01\/GettyImages-1211613581-2048x1365.jpg 2048w, https:\/\/notinor.com\/jujuy\/wp-content\/uploads\/2023\/01\/GettyImages-1211613581-750x500.jpg 750w, https:\/\/notinor.com\/jujuy\/wp-content\/uploads\/2023\/01\/GettyImages-1211613581-1140x760.jpg 1140w\" sizes=\"(max-width: 720px) 100vw, 720px\" \/><\/figure><\/div>\n\n\n<p><\/p>\n\n\n\n<p><strong>La Organizaci\u00f3n Mundial de la Salud (OMS) anunci\u00f3 que mantiene el nivel m\u00e1ximo de alerta para la pandemia de Covid-19,<\/strong> a tres a\u00f1os de haber declarado la enfermedad como urgencia de salud p\u00fablica internacional. El director general de la OMS, Tedros Adhanom Ghebreyesus, sigui\u00f3 las recomendaciones del comit\u00e9 de urgencia, compuesto de expertos, que se reunieron el viernes, seg\u00fan un comunicado.<\/p>\n\n\n\n<p><strong>El comit\u00e9&nbsp;declar\u00f3 a la epidemia&nbsp;como una emergencia&nbsp;de salud p\u00fablica de importancia internacional el 30 de enero de 2020, <\/strong>en un contexto en el que no se hab\u00eda registrado a\u00fan ning\u00fan deceso en apenas 100 casos registrados por fuera de China, donde naci\u00f3 la pandemia.<\/p>\n\n\n\n<p>Seg\u00fan los \u00faltimos datos de la OMS, <strong>se contabilizaron<\/strong>&nbsp;<strong>m\u00e1s de 752 millones de enfermos y casi 7 millones de muertos desde entonces,<\/strong> teniendo en cuenta las cifras oficiales, que la propia organizaci\u00f3n admite que est\u00e1n muy por debajo de la realidad.<\/p>\n\n\n\n<p>\"<strong>En momentos en que entramos en el cuarto a\u00f1o de la pandemia, no cabe duda de que nos encontramos en una situaci\u00f3n mucho mejor ahora que hace un a\u00f1o, cuando la ola de Covid-19 estaba en su punto \u00e1lgido<\/strong>\", declar\u00f3 Tedros en la apertura de la reuni\u00f3n de su Comit\u00e9 Ejecutivo, reunido en Ginebra. <\/p>\n\n\n\n<p><\/p>\n\n\n<div class=\"wp-block-image\">\n<figure class=\"aligncenter size-full\"><img decoding=\"async\" loading=\"lazy\" width=\"720\" height=\"480\" src=\"https:\/\/notinor.com\/jujuy\/wp-content\/uploads\/2023\/01\/image-404.png\" alt=\"\" class=\"wp-image-369565\" srcset=\"https:\/\/notinor.com\/jujuy\/wp-content\/uploads\/2023\/01\/image-404.png 720w, https:\/\/notinor.com\/jujuy\/wp-content\/uploads\/2023\/01\/image-404-548x365.png 548w\" sizes=\"(max-width: 720px) 100vw, 720px\" \/><\/figure><\/div>\n\n\n<p><\/p>\n\n\n\n<p>Al respecto, el funcionario enfatiz\u00f3: \"<strong>Desde principios de diciembre,<\/strong>&nbsp;<strong>las muertes semanales notificadas<\/strong> <strong>aumentaron<\/strong>. <strong>En las \u00faltimas ocho semanas, m\u00e1s de 170.000 personas fallecieron a causa del Covid-19\". En la semana del 16 al 22 de enero, la mitad de los decesos se registraron en China,<\/strong> que, frente al descontento popular, abandon\u00f3 recientemente su pol\u00edtica de \"Covid cero\", una de las m\u00e1s estrictas del mundo.<\/p>\n\n\n\n<p>Y a continuaci\u00f3n afirm\u00f3: \"<strong>Mi mensaje es claro:&nbsp;'No subestimen este virus<\/strong>,<strong> nos ha sorprendido y seguir\u00e1 sorprendi\u00e9ndonos y seguir\u00e1 matando, a menos que hagamos m\u00e1s <\/strong>para proporcionar medios de salud a quienes los necesitan y para luchar contra la desinformaci\u00f3n a escala mundial'\".<\/p>\n\n\n\n<p><strong>El director de la OMS lament\u00f3 que muy pocas personas se vacunen contra el virus, ya sea por falta de vacunas o por&nbsp;desconfianza, <\/strong>pese a que varios estudios demuestran sus efectos positivos. \"No podemos controlar el virus, pero <strong>podemos hacer m\u00e1s para enfrentar las vulnerabilidades de las poblaciones y los sistemas de salud\"<\/strong>, concluy\u00f3 Tedros.<\/p>\n","protected":false},"excerpt":{"rendered":"<p>A tres a\u00f1os de haber declarado la enfermedad como urgencia de salud p\u00fablica internacional, la organizaci\u00f3n advierte sobre los riesgos que persisten y llama a la poblaci\u00f3n a vacunarse. La Organizaci\u00f3n Mundial de la Salud (OMS) anunci\u00f3 que mantiene el nivel m\u00e1ximo de alerta para la pandemia de Covid-19, a tres a\u00f1os de haber declarado [&hellip;]<\/p>\n","protected":false},"author":51,"featured_media":369684,"comment_status":"open","ping_status":"open","sticky":false,"template":"","format":"standard","meta":{"_stopmodifiedupdate":false,"_modified_date":"","inline_featured_image":false,"spay_email":"","jetpack_publicize_message":""},"categories":[2],"tags":[],"jetpack_featured_media_url":"https:\/\/notinor.com\/jujuy\/wp-content\/uploads\/2023\/02\/oms.jpg","jetpack_publicize_connections":[],"_links":{"self":[{"href":"https:\/\/notinor.com\/jujuy\/wp-json\/wp\/v2\/posts\/369560"}],"collection":[{"href":"https:\/\/notinor.com\/jujuy\/wp-json\/wp\/v2\/posts"}],"about":[{"href":"https:\/\/notinor.com\/jujuy\/wp-json\/wp\/v2\/types\/post"}],"author":[{"embeddable":true,"href":"https:\/\/notinor.com\/jujuy\/wp-json\/wp\/v2\/users\/51"}],"replies":[{"embeddable":true,"href":"https:\/\/notinor.com\/jujuy\/wp-json\/wp\/v2\/comments?post=369560"}],"version-history":[{"count":2,"href":"https:\/\/notinor.com\/jujuy\/wp-json\/wp\/v2\/posts\/369560\/revisions"}],"predecessor-version":[{"id":369612,"href":"https:\/\/notinor.com\/jujuy\/wp-json\/wp\/v2\/posts\/369560\/revisions\/369612"}],"wp:featuredmedia":[{"embeddable":true,"href":"https:\/\/notinor.com\/jujuy\/wp-json\/wp\/v2\/media\/369684"}],"wp:attachment":[{"href":"https:\/\/notinor.com\/jujuy\/wp-json\/wp\/v2\/media?parent=369560"}],"wp:term":[{"taxonomy":"category","embeddable":true,"href":"https:\/\/notinor.com\/jujuy\/wp-json\/wp\/v2\/categories?post=369560"},{"taxonomy":"post_tag","embeddable":true,"href":"https:\/\/notinor.com\/jujuy\/wp-json\/wp\/v2\/tags?post=369560"}],"curies":[{"name":"wp","href":"https:\/\/api.w.org\/{rel}","templated":true}]}}