{"id":368771,"date":"2023-01-21T10:30:00","date_gmt":"2023-01-21T13:30:00","guid":{"rendered":"https:\/\/notinor.com\/jujuy\/?p=368771"},"modified":"2023-01-20T19:48:15","modified_gmt":"2023-01-20T22:48:15","slug":"trata-y-trabajo-infantil-y-adolescente-el-comite-nacional-firmo-un-convenio-con-ministerios-e-instituciones-de-jujuy","status":"publish","type":"post","link":"https:\/\/notinor.com\/jujuy\/trata-y-trabajo-infantil-y-adolescente-el-comite-nacional-firmo-un-convenio-con-ministerios-e-instituciones-de-jujuy\/","title":{"rendered":"Trata y trabajo infantil y adolescente: El Comit\u00e9 Nacional firm\u00f3 un convenio con ministerios e instituciones de Jujuy"},"content":{"rendered":"\n<p><strong><em>Con el fin de prevenir y erradicar la trata y el trabajo infantil y adolescente, el acuerdo permitir\u00e1, entre otras acciones, realizar capacitaciones jornadas de concientizaci\u00f3n y difusi\u00f3n, y fiscalizaciones laborales conjuntas en la provincia.<\/em><\/strong><\/p>\n\n\n<div class=\"wp-block-image\">\n<figure class=\"aligncenter size-full\"><img decoding=\"async\" loading=\"lazy\" width=\"768\" height=\"479\" src=\"https:\/\/notinor.com\/jujuy\/wp-content\/uploads\/2023\/01\/image-209.png\" alt=\"\" class=\"wp-image-368772\" srcset=\"https:\/\/notinor.com\/jujuy\/wp-content\/uploads\/2023\/01\/image-209.png 768w, https:\/\/notinor.com\/jujuy\/wp-content\/uploads\/2023\/01\/image-209-585x365.png 585w, https:\/\/notinor.com\/jujuy\/wp-content\/uploads\/2023\/01\/image-209-750x468.png 750w\" sizes=\"(max-width: 768px) 100vw, 768px\" \/><\/figure><\/div>\n\n\n<p>Se firm\u00f3 un convenio marco de cooperaci\u00f3n entre el Comit\u00e9 Ejecutivo de Lucha contra la Trata y la Explotaci\u00f3n de Personas, ministerios e instituciones afines<strong> para la prevenci\u00f3n y erradicaci\u00f3n del trabajo infantil en la provincia de Jujuy.<\/strong><\/p>\n\n\n\n<p>Firmaron el convenio el Ministerio de Trabajo y Empleo, el Ministerio de Derechos Humanos y Pueblos Ind\u00edgenas, y el Ministerio de Desarrollo Humano, <strong>todos de la provincia de Jujuy,<\/strong> representados respectivamente por los ministros Gaspar Alberto Santill\u00e1n, Natalia Sarapura y Silvia Alejandra Mart\u00ednez. El Comit\u00e9 Ejecutivo de Lucha contra la Trata, por su parte, estuvo representado por su director, Gustavo Vera.<\/p>\n\n\n\n<p>El acuerdo entre las distintas entidades tiene por objeto establecer el marco de <strong>colaboraci\u00f3n y cooperaci\u00f3n mutua, para abordar de manera integral y con perspectiva de derechos humanos, las fiscalizaciones laborales que se realicen para la prevenci\u00f3n y erradicaci\u00f3n del trabajo infantil y el trabajo adolescente<\/strong>, y detectar delitos de trata de personas con fines de explotaci\u00f3n laboral que afecten a ni\u00f1os, ni\u00f1as y adolescentes, dentro de la provincia de Jujuy, as\u00ed como tambi\u00e9n promover la capacitaci\u00f3n y concientizaci\u00f3n sobre la tem\u00e1tica.<\/p>\n\n\n<div class=\"wp-block-image\">\n<figure class=\"aligncenter size-large\"><img decoding=\"async\" loading=\"lazy\" width=\"840\" height=\"472\" src=\"https:\/\/notinor.com\/jujuy\/wp-content\/uploads\/2023\/01\/image-210-840x472.png\" alt=\"\" class=\"wp-image-368773\" srcset=\"https:\/\/notinor.com\/jujuy\/wp-content\/uploads\/2023\/01\/image-210-840x472.png 840w, https:\/\/notinor.com\/jujuy\/wp-content\/uploads\/2023\/01\/image-210-650x365.png 650w, https:\/\/notinor.com\/jujuy\/wp-content\/uploads\/2023\/01\/image-210-500x280.png 500w, https:\/\/notinor.com\/jujuy\/wp-content\/uploads\/2023\/01\/image-210-768x431.png 768w, https:\/\/notinor.com\/jujuy\/wp-content\/uploads\/2023\/01\/image-210-750x421.png 750w, https:\/\/notinor.com\/jujuy\/wp-content\/uploads\/2023\/01\/image-210.png 1024w\" sizes=\"(max-width: 840px) 100vw, 840px\" \/><\/figure><\/div>\n\n\n<p>Entre otros objetivos generales, las instituciones firmantes se proponen:<strong> fortalecer las relaciones institucionales, optimizar los recursos humanos con los que cuentan, promover la incorporaci\u00f3n al acuerdo de otras instituciones p\u00fablicas o privadas, aplicar actas de infracci\u00f3n para casos de trabajo infantil o adolescente y actas de constataci\u00f3n de indicios de trata de personas con fines de explotaci\u00f3n laboral, establecer dispositivos m\u00f3viles con actividades recreativas y de promoci\u00f3n de derechos de la ni\u00f1ez y de los j\u00f3venes, disponer la formaci\u00f3n continua de los equipos interdisciplinarios con perspectiva de derechos humanos, e incorporar a la Escuela Provincial de Derechos Humanos en materia curricular.<\/strong><\/p>\n\n\n\n<p>Los firmantes del convenio se comprometieron a<strong> promover la realizaci\u00f3n de talleres de capacitaci\u00f3n para el equipo t\u00e9cnico del Ministerio de Trabajo provincial, as\u00ed como tambi\u00e9n en establecimientos escolares, instituciones, empresas y \u00e1reas de las distintas dependencias de los gobiernos provincial y municipales.<\/strong> Al mismo tiempo, se dispuso la obligaci\u00f3n de invitar al personal del Comit\u00e9 a participar de las inspecciones laborales contra el trabajo infantil y adolescente o ante indicios de trata de personas con fines de explotaci\u00f3n laboral.<\/p>\n\n\n\n<p>Asimismo, <strong>se design\u00f3 al Ministerio de Trabajo y Empleo de la Provinc<\/strong>ia, a trav\u00e9s de la Comisi\u00f3n Provincial para la Prevenci\u00f3n y Erradicaci\u00f3n del Trabajo Infantil (COPRETI), <strong>como organismo encargado de coordinar y ejecutar el convenio dentro de la provincia.<\/strong><\/p>\n","protected":false},"excerpt":{"rendered":"<p>Con el fin de prevenir y erradicar la trata y el trabajo infantil y adolescente, el acuerdo permitir\u00e1, entre otras acciones, realizar capacitaciones jornadas de concientizaci\u00f3n y difusi\u00f3n, y fiscalizaciones laborales conjuntas en la provincia. Se firm\u00f3 un convenio marco de cooperaci\u00f3n entre el Comit\u00e9 Ejecutivo de Lucha contra la Trata y la Explotaci\u00f3n de [&hellip;]<\/p>\n","protected":false},"author":37,"featured_media":368772,"comment_status":"open","ping_status":"open","sticky":false,"template":"","format":"standard","meta":{"_stopmodifiedupdate":false,"_modified_date":"","inline_featured_image":false,"spay_email":"","jetpack_publicize_message":""},"categories":[2],"tags":[],"jetpack_featured_media_url":"https:\/\/notinor.com\/jujuy\/wp-content\/uploads\/2023\/01\/image-209.png","jetpack_publicize_connections":[],"_links":{"self":[{"href":"https:\/\/notinor.com\/jujuy\/wp-json\/wp\/v2\/posts\/368771"}],"collection":[{"href":"https:\/\/notinor.com\/jujuy\/wp-json\/wp\/v2\/posts"}],"about":[{"href":"https:\/\/notinor.com\/jujuy\/wp-json\/wp\/v2\/types\/post"}],"author":[{"embeddable":true,"href":"https:\/\/notinor.com\/jujuy\/wp-json\/wp\/v2\/users\/37"}],"replies":[{"embeddable":true,"href":"https:\/\/notinor.com\/jujuy\/wp-json\/wp\/v2\/comments?post=368771"}],"version-history":[{"count":1,"href":"https:\/\/notinor.com\/jujuy\/wp-json\/wp\/v2\/posts\/368771\/revisions"}],"predecessor-version":[{"id":368774,"href":"https:\/\/notinor.com\/jujuy\/wp-json\/wp\/v2\/posts\/368771\/revisions\/368774"}],"wp:featuredmedia":[{"embeddable":true,"href":"https:\/\/notinor.com\/jujuy\/wp-json\/wp\/v2\/media\/368772"}],"wp:attachment":[{"href":"https:\/\/notinor.com\/jujuy\/wp-json\/wp\/v2\/media?parent=368771"}],"wp:term":[{"taxonomy":"category","embeddable":true,"href":"https:\/\/notinor.com\/jujuy\/wp-json\/wp\/v2\/categories?post=368771"},{"taxonomy":"post_tag","embeddable":true,"href":"https:\/\/notinor.com\/jujuy\/wp-json\/wp\/v2\/tags?post=368771"}],"curies":[{"name":"wp","href":"https:\/\/api.w.org\/{rel}","templated":true}]}}