{"id":368744,"date":"2023-01-20T19:05:49","date_gmt":"2023-01-20T22:05:49","guid":{"rendered":"https:\/\/notinor.com\/jujuy\/?p=368744"},"modified":"2023-01-20T19:22:16","modified_gmt":"2023-01-20T22:22:16","slug":"horacio-rodriguez-larreta-rechazo-la-llegada-de-maduro-no-podemos-naturalizar-que-el-presidente-abrace-dictadores","status":"publish","type":"post","link":"https:\/\/notinor.com\/jujuy\/horacio-rodriguez-larreta-rechazo-la-llegada-de-maduro-no-podemos-naturalizar-que-el-presidente-abrace-dictadores\/","title":{"rendered":"Horacio Rodr\u00edguez Larreta rechaz\u00f3 la llegada de Maduro: \"No podemos naturalizar que el presidente abrace dictadores\""},"content":{"rendered":"\n<p class=\"has-medium-font-size\"><strong><em>El jefe de Gobierno porte\u00f1o se reuni\u00f3 con representantes de la comunidad venezolana en la Argentina<\/em><\/strong><\/p>\n\n\n\n<figure class=\"wp-block-image size-full\"><img decoding=\"async\" loading=\"lazy\" width=\"708\" height=\"438\" src=\"https:\/\/notinor.com\/jujuy\/wp-content\/uploads\/2023\/01\/0178-1.png\" alt=\"\" class=\"wp-image-368747\" srcset=\"https:\/\/notinor.com\/jujuy\/wp-content\/uploads\/2023\/01\/0178-1.png 708w, https:\/\/notinor.com\/jujuy\/wp-content\/uploads\/2023\/01\/0178-1-590x365.png 590w\" sizes=\"(max-width: 708px) 100vw, 708px\" \/><\/figure>\n\n\n\n<p>El jefe de Gobierno porte\u00f1o, Horacio Rodr\u00edguez Larreta, se reuni\u00f3 con representantes de la comunidad venezolana en la Argentina y rechaz\u00f3 la visita del dictador caribe\u00f1o Nicol\u00e1s Maduro, quien llegar\u00e1 al pa\u00eds para participar de la Cumbre de la CELAC.<\/p>\n\n\n\n<p><strong>\"Nos reunimos con Elisa Trotta y representantes de la comunidad venezolana en Argentina. Personas que tuvieron que dejar todo en su pa\u00eds y empezar de cero en otro lado por culpa de la dictadura de Nicol\u00e1s Maduro\",<\/strong> sostuvo el referente del PRO.<\/p>\n\n\n\n<p>A trav\u00e9s de su cuenta de Twitter, el mandatario de la Ciudad expres\u00f3 que \"<strong>al igual que millones de argentinos, est\u00e1n preocupados por la decisi\u00f3n del Gobierno nacional de invitar al dictador venezolano al pa\u00eds junto a los responsables de violar los derechos humanos en Nicaragua y Cuba, Daniel Ortega y Miguel D\u00edaz-Canel, a la cumbre de la CELAC<\/strong>\".<\/p>\n\n\n\n<p>Y agreg\u00f3: \"<strong>Rechazamos contundentemente su visita. No podemos naturalizar ni permitir que el Presidente abrace dictadores. Su presencia en suelo argentino es una provocaci\u00f3n injusta y dolorosa para los venezolanos, cubanos y nicarag\u00fcenses\"<\/strong>.<\/p>\n\n\n\n<p>En ese sentido, Rodr\u00edguez Larreta afirm\u00f3 que \"<strong>tambi\u00e9n es una se\u00f1al peligrosa para el mundo<\/strong>\", ya que indic\u00f3 que <strong>\"la democracia es un elemento clave para el desarrollo y hay que defenderla siempre, sin doble vara y sin poner la ideolog\u00eda por encima de lo que est\u00e1 bien<\/strong>\".<\/p>\n\n\n\n<p>\"Con el retorno de la democracia, nuestro pa\u00eds se posicion\u00f3 a la vanguardia en materia de defensa de los derechos humanos y de la democracia en Am\u00e9rica Latina. <strong>Hoy, el Gobierno decide sentar a la mesa de debate regional a tres dictaduras. Como argentino, me duele y me preocupa<\/strong>\", manifest\u00f3 el dirigente de Juntos por el Cambio.<\/p>\n\n\n\n<p>Para Rodr\u00edguez Larreta, \"<strong>el Gobierno nacional tiene que dejar de mirar para un costado y denunciar, de una vez por todas y de forma categ\u00f3rica, las continuas violaciones a los derechos humanos en esos pa\u00edses\".<\/strong><\/p>\n\n\n\n<p>\"<strong>S\u00f3lo as\u00ed vamos a poder fortalecer la democracia en la regi\u00f3n y garantizar el bienestar y la seguridad de todos sus ciudadanos<\/strong>\", remat\u00f3.<\/p>\n\n\n\n<p>\"Acompa\u00f1o a todos los venezolanos en este momento, y reafirmo mi compromiso de trabajar por una Argentina integrada al mundo\", public\u00f3 el jefe de Gobierno porte\u00f1o.<\/p>\n\n\n\n<p>Y concluy\u00f3: \"Con <strong>una pol\u00edtica exterior orientada a la generaci\u00f3n de trabajo y al aumento de nuestras exportaciones, y que defienda siempre la democracia y los derechos humanos<\/strong> en la regi\u00f3n\".<\/p>\n\n\n\n<p>El jefe de Gobierno porte\u00f1o estuvo acompa\u00f1ado por el secretario General y Relaciones Internacionales de la Ciudad, Fernando Straface; su par de de Asuntos P\u00fablicos porte\u00f1o, Waldo Wolff; y el vicepresidente 1\u00ba de la Legislatura local, Emmanuel Ferrario.<\/p>\n\n\n\n<p>Por otra parte,<strong> los legisladores de Juntos por el Cambio presentaron un proyecto para declarar \"personas no gratas en el \u00e1mbito de la Ciudad Aut\u00f3noma de Buenos Aires a Nicol\u00e1s Maduro, Daniel Ortega y Miguel D\u00edaz-Canel, dictadores de Venezuela, Nicaragua y Cuba respectivamente<\/strong>\".<\/p>\n\n\n\n<p>Y no solo ellos<strong>. Tambi\u00e9n el sector liberal referenciado en Javier Milei. \"No podemos permitir que reciban a un dictador, es una falta de respeto\", se\u00f1al\u00f3 Ramiro Marra<\/strong> tras presentar un proyecto en la Legislatura porte\u00f1a para tambi\u00e9n declarar a Nicol\u00e1s Maduro como persona no grata en la Ciudad de Buenos Aires.<\/p>\n\n\n\n<p>La iniciativa de Marra, presidente del bloque de legisladores porte\u00f1os de Javier Milei, declara que \"<strong>Maduro no es bienvenido en la Ciudad de Buenos Aires por su clara responsabilidad en cr\u00edmenes de lesa humanidad, violaci\u00f3n de m\u00faltiples principios democr\u00e1ticos y persecuci\u00f3n pol\u00edtica en Venezuela<\/strong>\".<\/p>\n\n\n\n<p>\"<strong>Lo que hizo Alberto Fern\u00e1ndez es un disparate, ya sabemos que festeja a los gobiernos autoritarios.<\/strong> Pero, \u00bfd\u00f3nde est\u00e1 Rodr\u00edguez Larreta para frenar que entre en nuestra Ciudad?\", critic\u00f3 el diputado. Adem\u00e1s, insisti\u00f3 en que teniendo en cuenta la alarmante situaci\u00f3n en Venezuela, no se puede permitir que este gobierno autoritario siga formando parte de decisiones regionales.<\/p>\n\n\n\n<p>En los motivos de la declaraci\u00f3n, tambi\u00e9n se argumenta acerca de un informe de Naciones Unidas que alert\u00f3 sobre el comportamiento del gobierno bolivariano respecto a los derechos de los ciudadanos. \"Consideramos fundamental declarar a Nicol\u00e1s Maduro persona no grata en la Ciudad de Buenos Aires\", aclar\u00f3 Marra.<\/p>\n\n\n\n<p>La visita del Presidente de Venezuela se realizar\u00e1 el martes 24 de enero en el marco de una nueva cumbre de la Comunidad de Estados Latinoamericanos y Caribe\u00f1os (Celac).<\/p>\n\n\n\n<hr class=\"wp-block-separator has-alpha-channel-opacity\"\/>\n\n\n\n<hr class=\"wp-block-separator has-alpha-channel-opacity\"\/>\n","protected":false},"excerpt":{"rendered":"<p>El jefe de Gobierno porte\u00f1o se reuni\u00f3 con representantes de la comunidad venezolana en la Argentina El jefe de Gobierno porte\u00f1o, Horacio Rodr\u00edguez Larreta, se reuni\u00f3 con representantes de la comunidad venezolana en la Argentina y rechaz\u00f3 la visita del dictador caribe\u00f1o Nicol\u00e1s Maduro, quien llegar\u00e1 al pa\u00eds para participar de la Cumbre de la [&hellip;]<\/p>\n","protected":false},"author":54,"featured_media":368747,"comment_status":"closed","ping_status":"closed","sticky":false,"template":"","format":"standard","meta":{"_stopmodifiedupdate":false,"_modified_date":"","inline_featured_image":false,"spay_email":"","jetpack_publicize_message":""},"categories":[2,501],"tags":[],"jetpack_featured_media_url":"https:\/\/notinor.com\/jujuy\/wp-content\/uploads\/2023\/01\/0178-1.png","jetpack_publicize_connections":[],"_links":{"self":[{"href":"https:\/\/notinor.com\/jujuy\/wp-json\/wp\/v2\/posts\/368744"}],"collection":[{"href":"https:\/\/notinor.com\/jujuy\/wp-json\/wp\/v2\/posts"}],"about":[{"href":"https:\/\/notinor.com\/jujuy\/wp-json\/wp\/v2\/types\/post"}],"author":[{"embeddable":true,"href":"https:\/\/notinor.com\/jujuy\/wp-json\/wp\/v2\/users\/54"}],"replies":[{"embeddable":true,"href":"https:\/\/notinor.com\/jujuy\/wp-json\/wp\/v2\/comments?post=368744"}],"version-history":[{"count":2,"href":"https:\/\/notinor.com\/jujuy\/wp-json\/wp\/v2\/posts\/368744\/revisions"}],"predecessor-version":[{"id":368765,"href":"https:\/\/notinor.com\/jujuy\/wp-json\/wp\/v2\/posts\/368744\/revisions\/368765"}],"wp:featuredmedia":[{"embeddable":true,"href":"https:\/\/notinor.com\/jujuy\/wp-json\/wp\/v2\/media\/368747"}],"wp:attachment":[{"href":"https:\/\/notinor.com\/jujuy\/wp-json\/wp\/v2\/media?parent=368744"}],"wp:term":[{"taxonomy":"category","embeddable":true,"href":"https:\/\/notinor.com\/jujuy\/wp-json\/wp\/v2\/categories?post=368744"},{"taxonomy":"post_tag","embeddable":true,"href":"https:\/\/notinor.com\/jujuy\/wp-json\/wp\/v2\/tags?post=368744"}],"curies":[{"name":"wp","href":"https:\/\/api.w.org\/{rel}","templated":true}]}}