{"id":368733,"date":"2023-01-20T18:41:06","date_gmt":"2023-01-20T21:41:06","guid":{"rendered":"https:\/\/notinor.com\/jujuy\/?p=368733"},"modified":"2023-01-20T18:41:11","modified_gmt":"2023-01-20T21:41:11","slug":"bettina-romero-inaugurara-la-cuarta-sede-del-centro-de-extension-universitaria","status":"publish","type":"post","link":"https:\/\/notinor.com\/jujuy\/bettina-romero-inaugurara-la-cuarta-sede-del-centro-de-extension-universitaria\/","title":{"rendered":"Bettina Romero inaugurar\u00e1 la cuarta sede del Centro de Extensi\u00f3n Universitaria"},"content":{"rendered":"\n<p class=\"has-medium-font-size\"><em><strong>En el marco de las acciones de descentralizaci\u00f3n, la Municipalidad junto a la Universidad Nacional de Salta abrir\u00e1n un nuevo espacio de formaci\u00f3n para los vecinos. Ser\u00e1 en la zona sur de la ciudad. Funcionar\u00e1 desde el 23 del corriente mes.<\/strong><\/em><\/p>\n\n\n\n<figure class=\"wp-block-image size-full\"><img decoding=\"async\" loading=\"lazy\" width=\"717\" height=\"402\" src=\"https:\/\/notinor.com\/jujuy\/wp-content\/uploads\/2023\/01\/0175-1.png\" alt=\"\" class=\"wp-image-368735\" srcset=\"https:\/\/notinor.com\/jujuy\/wp-content\/uploads\/2023\/01\/0175-1.png 717w, https:\/\/notinor.com\/jujuy\/wp-content\/uploads\/2023\/01\/0175-1-651x365.png 651w, https:\/\/notinor.com\/jujuy\/wp-content\/uploads\/2023\/01\/0175-1-500x280.png 500w\" sizes=\"(max-width: 717px) 100vw, 717px\" \/><\/figure>\n\n\n\n<p>Dentro de las<strong> acciones de descentralizaci\u00f3n y formaci\u00f3n que lleva adelante la Municipalidad de la ciudad de Salta,<\/strong> la intendenta, Bettina Romero inaugurar\u00e1 la<strong> cuarta sede del Centro de Extensi\u00f3n Universitaria (CEUNSa). Ser\u00e1 el lunes 23 de enero.<\/strong><\/p>\n\n\n\n<p>El nuevo espacio de capacitaci\u00f3n <strong>funcionar\u00e1 en las instalaciones del Centro Integrador Comunitario \u201cCabo Guillermo Sevilla\u201d de barrio Limache<\/strong> ubicado sobre Ruta 21 (Camino a San Agust\u00edn) esquina Demetrio Herrera, de zona sur.<\/p>\n\n\n\n<p>El acto est\u00e1 previsto a las 10 de la ma\u00f1ana, de all\u00ed <strong>los vecinos podr\u00e1n conocer la agenda de verano que se comenzar\u00e1n a desarrollar en ese espacio <\/strong>y los ya existentes ubicados en el: Centro Integrador Comunitario de Uni\u00f3n; Dispositivo Territorial Comunitario de San Benito y; Nido (N\u00facleo de Innovaci\u00f3n para el Desarrollo de Oportunidades) de barrio Bicentenario.<\/p>\n\n\n\n<p>Con este <strong>son cuatro los espacios donde los vecinos pueden acceder, de manera gratuita, a diferentes capacitaciones dictadas por profesionales de la Universidad Nacional de Salta.<\/strong><\/p>\n\n\n\n<p>Gracias a la descentralizaci\u00f3n impulsada por la intendenta, en estas vacaciones de verano, <strong>todos los vecinos a partir de los 16 a\u00f1os podr\u00e1n capacitarse en las diferentes sedes del Centro de Extensi\u00f3n Universitaria.<\/strong><\/p>\n","protected":false},"excerpt":{"rendered":"<p>En el marco de las acciones de descentralizaci\u00f3n, la Municipalidad junto a la Universidad Nacional de Salta abrir\u00e1n un nuevo espacio de formaci\u00f3n para los vecinos. Ser\u00e1 en la zona sur de la ciudad. Funcionar\u00e1 desde el 23 del corriente mes. Dentro de las acciones de descentralizaci\u00f3n y formaci\u00f3n que lleva adelante la Municipalidad de [&hellip;]<\/p>\n","protected":false},"author":54,"featured_media":368735,"comment_status":"closed","ping_status":"closed","sticky":false,"template":"","format":"standard","meta":{"_stopmodifiedupdate":false,"_modified_date":"","inline_featured_image":false,"spay_email":"","jetpack_publicize_message":""},"categories":[2553],"tags":[],"jetpack_featured_media_url":"https:\/\/notinor.com\/jujuy\/wp-content\/uploads\/2023\/01\/0175-1.png","jetpack_publicize_connections":[],"_links":{"self":[{"href":"https:\/\/notinor.com\/jujuy\/wp-json\/wp\/v2\/posts\/368733"}],"collection":[{"href":"https:\/\/notinor.com\/jujuy\/wp-json\/wp\/v2\/posts"}],"about":[{"href":"https:\/\/notinor.com\/jujuy\/wp-json\/wp\/v2\/types\/post"}],"author":[{"embeddable":true,"href":"https:\/\/notinor.com\/jujuy\/wp-json\/wp\/v2\/users\/54"}],"replies":[{"embeddable":true,"href":"https:\/\/notinor.com\/jujuy\/wp-json\/wp\/v2\/comments?post=368733"}],"version-history":[{"count":1,"href":"https:\/\/notinor.com\/jujuy\/wp-json\/wp\/v2\/posts\/368733\/revisions"}],"predecessor-version":[{"id":368736,"href":"https:\/\/notinor.com\/jujuy\/wp-json\/wp\/v2\/posts\/368733\/revisions\/368736"}],"wp:featuredmedia":[{"embeddable":true,"href":"https:\/\/notinor.com\/jujuy\/wp-json\/wp\/v2\/media\/368735"}],"wp:attachment":[{"href":"https:\/\/notinor.com\/jujuy\/wp-json\/wp\/v2\/media?parent=368733"}],"wp:term":[{"taxonomy":"category","embeddable":true,"href":"https:\/\/notinor.com\/jujuy\/wp-json\/wp\/v2\/categories?post=368733"},{"taxonomy":"post_tag","embeddable":true,"href":"https:\/\/notinor.com\/jujuy\/wp-json\/wp\/v2\/tags?post=368733"}],"curies":[{"name":"wp","href":"https:\/\/api.w.org\/{rel}","templated":true}]}}