{"id":368726,"date":"2023-01-20T17:35:41","date_gmt":"2023-01-20T20:35:41","guid":{"rendered":"https:\/\/notinor.com\/jujuy\/?p=368726"},"modified":"2023-01-20T17:35:44","modified_gmt":"2023-01-20T20:35:44","slug":"la-escuela-de-verano-2023-se-desplego-en-libertador","status":"publish","type":"post","link":"https:\/\/notinor.com\/jujuy\/la-escuela-de-verano-2023-se-desplego-en-libertador\/","title":{"rendered":"La Escuela de Verano 2023 se despleg\u00f3 en Libertador"},"content":{"rendered":"\n<p class=\"has-medium-font-size\"><strong><em>La propuesta de la Escuela de Verano ofrece numerosas actividades recreativas, culturales y sociales para ni\u00f1os y j\u00f3venes.<\/em><\/strong><\/p>\n\n\n\n<figure class=\"wp-block-image size-full\"><img decoding=\"async\" loading=\"lazy\" width=\"639\" height=\"376\" src=\"https:\/\/notinor.com\/jujuy\/wp-content\/uploads\/2023\/01\/0168-1.png\" alt=\"\" class=\"wp-image-368727\" srcset=\"https:\/\/notinor.com\/jujuy\/wp-content\/uploads\/2023\/01\/0168-1.png 639w, https:\/\/notinor.com\/jujuy\/wp-content\/uploads\/2023\/01\/0168-1-620x365.png 620w\" sizes=\"(max-width: 639px) 100vw, 639px\" \/><\/figure>\n\n\n\n<p>Los ministros de Desarrollo Humano, Alejandra Mart\u00ednez, y de Seguridad, Luis Mart\u00edn, encabezaron<strong> en la ciudad de Libertador General San Mart\u00edn el lanzamiento de la Escuela de Verano<\/strong> 2023, que se instrumenta junto al municipio local.<\/p>\n\n\n\n<p>La propuesta <strong>ofrece actividades recreativas, culturales y sociales, inclusivas y gratuitas, adem\u00e1s de espacios para la reflexi\u00f3n en torno a los valores y la promoci\u00f3n de derechos.<\/strong><\/p>\n\n\n\n<p>La inauguraci\u00f3n de la Escuela de Verano tuvo lugar con un acto al que se asisti\u00f3 el intendente de Libertador General San Mart\u00edn, Oscar Jayat, cuyo compromiso con el programa fue destacado y agradecido por la ministra Mart\u00ednez. La funcionaria, adem\u00e1s, subray\u00f3 el trabajo mancomunado con el intendente en una serie de acciones y pol\u00edticas p\u00fablicas.<\/p>\n\n\n\n<p>En cuanto a la Escuela de Verano, Mart\u00ednez reafirm\u00f3 que \u201c<strong>es un espacio de esparcimiento, de descanso, de renovaci\u00f3n de energ\u00eda, <\/strong>pero tambi\u00e9n de reflexi\u00f3n en torno a valores y promoci\u00f3n de derechos\u201d.<\/p>\n\n\n\n<p>Asimismo, record\u00f3 que estas escuelas <strong>se implementan en toda la Provincia por precisa instrucci\u00f3n del gobernador Gerardo Morales,<\/strong> qui\u00e9n pidi\u00f3 una agenda Interministerial para el desarrollo de actividades recreativas, culturales y sociales.<\/p>\n\n\n\n<p>Por \u00faltimo, la ministra agradeci\u00f3 a cada uno de las \u00e1reas intervinientes, as\u00ed como los municipios.<\/p>\n\n\n\n<p>Por su lado, el ministro Mart\u00edn se\u00f1al\u00f3 que la Escuela de Verano \u201c<strong>es un espacio de contenci\u00f3n<\/strong> y es emotivo ver la alegr\u00eda de los ni\u00f1os, de c\u00f3mo disfrutan las distintas <strong>actividades totalmente gratuitas <\/strong>que existen\".<\/p>\n\n\n\n<p>Dijo tambi\u00e9n que el Ministerio de Seguridad se suma al programa del Estado provincial con propuestas l\u00fadicas. \"<strong>Estamos participando con la Divisi\u00f3n K9, Banda de M\u00fasica y Bomberos de la Polic\u00eda de la Provincia; as\u00ed tambi\u00e9n se sum\u00f3 el Parque Tem\u00e1tico Vial de la Secretar\u00eda de Seguridad Vial con la ense\u00f1anza de las normas de tr\u00e1nsito<\/strong>\", concluy\u00f3.<\/p>\n\n\n\n<p>Estaban presentes en la apertura, los secretarios de Desarrollo Humano y Pol\u00edticas Socioculturales, Agust\u00edn Garlatti y Rebeca Chambi, respectivamente; la secretaria de Desarrollo Humano municipal, Sandra R\u00edos, entre otros funcionarios provinciales y municipales.<\/p>\n","protected":false},"excerpt":{"rendered":"<p>La propuesta de la Escuela de Verano ofrece numerosas actividades recreativas, culturales y sociales para ni\u00f1os y j\u00f3venes. Los ministros de Desarrollo Humano, Alejandra Mart\u00ednez, y de Seguridad, Luis Mart\u00edn, encabezaron en la ciudad de Libertador General San Mart\u00edn el lanzamiento de la Escuela de Verano 2023, que se instrumenta junto al municipio local. La [&hellip;]<\/p>\n","protected":false},"author":54,"featured_media":368727,"comment_status":"closed","ping_status":"closed","sticky":false,"template":"","format":"standard","meta":{"_stopmodifiedupdate":false,"_modified_date":"","inline_featured_image":false,"spay_email":"","jetpack_publicize_message":""},"categories":[4],"tags":[],"jetpack_featured_media_url":"https:\/\/notinor.com\/jujuy\/wp-content\/uploads\/2023\/01\/0168-1.png","jetpack_publicize_connections":[],"_links":{"self":[{"href":"https:\/\/notinor.com\/jujuy\/wp-json\/wp\/v2\/posts\/368726"}],"collection":[{"href":"https:\/\/notinor.com\/jujuy\/wp-json\/wp\/v2\/posts"}],"about":[{"href":"https:\/\/notinor.com\/jujuy\/wp-json\/wp\/v2\/types\/post"}],"author":[{"embeddable":true,"href":"https:\/\/notinor.com\/jujuy\/wp-json\/wp\/v2\/users\/54"}],"replies":[{"embeddable":true,"href":"https:\/\/notinor.com\/jujuy\/wp-json\/wp\/v2\/comments?post=368726"}],"version-history":[{"count":1,"href":"https:\/\/notinor.com\/jujuy\/wp-json\/wp\/v2\/posts\/368726\/revisions"}],"predecessor-version":[{"id":368728,"href":"https:\/\/notinor.com\/jujuy\/wp-json\/wp\/v2\/posts\/368726\/revisions\/368728"}],"wp:featuredmedia":[{"embeddable":true,"href":"https:\/\/notinor.com\/jujuy\/wp-json\/wp\/v2\/media\/368727"}],"wp:attachment":[{"href":"https:\/\/notinor.com\/jujuy\/wp-json\/wp\/v2\/media?parent=368726"}],"wp:term":[{"taxonomy":"category","embeddable":true,"href":"https:\/\/notinor.com\/jujuy\/wp-json\/wp\/v2\/categories?post=368726"},{"taxonomy":"post_tag","embeddable":true,"href":"https:\/\/notinor.com\/jujuy\/wp-json\/wp\/v2\/tags?post=368726"}],"curies":[{"name":"wp","href":"https:\/\/api.w.org\/{rel}","templated":true}]}}