{"id":368723,"date":"2023-01-20T17:32:33","date_gmt":"2023-01-20T20:32:33","guid":{"rendered":"https:\/\/notinor.com\/jujuy\/?p=368723"},"modified":"2023-01-20T17:32:38","modified_gmt":"2023-01-20T20:32:38","slug":"se-busca-a-sergio-daniel-callata-ofrecen-recompensa-de-500-000","status":"publish","type":"post","link":"https:\/\/notinor.com\/jujuy\/se-busca-a-sergio-daniel-callata-ofrecen-recompensa-de-500-000\/","title":{"rendered":"Se busca a Sergio Daniel Callata: ofrecen recompensa de $500.000"},"content":{"rendered":"\n<p class=\"has-medium-font-size\"><strong><em>Se solicit\u00f3 la colaboraci\u00f3n de la comunidad para dar con el paradero de un hombre buscado desde abril pasado.<\/em><\/strong><\/p>\n\n\n\n<figure class=\"wp-block-image size-full\"><img decoding=\"async\" loading=\"lazy\" width=\"717\" height=\"396\" src=\"https:\/\/notinor.com\/jujuy\/wp-content\/uploads\/2023\/01\/0167-1.png\" alt=\"\" class=\"wp-image-368724\" srcset=\"https:\/\/notinor.com\/jujuy\/wp-content\/uploads\/2023\/01\/0167-1.png 717w, https:\/\/notinor.com\/jujuy\/wp-content\/uploads\/2023\/01\/0167-1-660x365.png 660w\" sizes=\"(max-width: 717px) 100vw, 717px\" \/><\/figure>\n\n\n\n<p><strong>El Ministerio de Seguridad y el Ministerio P\u00fablico de la Acusaci\u00f3n ofrecen una recompensa de $500.000<\/strong> para aquellas personas que brinden datos \u00fatiles que permitan dar con el paradero de Sergio Daniel Callata.<\/p>\n\n\n\n<p>Callata, <strong>de 36 a\u00f1os de edad<\/strong>, es intensamente buscado.<strong> Sali\u00f3 de su domicilio del barrio Chijra, San Salvador de Jujuy, el 23 de abril del a\u00f1o 2022 y desde entonces no se tienen noticias<\/strong> sobre su paradero.<\/p>\n\n\n\n<p>Los organismos solicitan a toda la poblaci\u00f3n colaborar con esta b\u00fasqueda y <strong>comunicar los datos que resulten de ayuda -de manera an\u00f3nima y segura- al tel\u00e9fono 388 156 860 239.<\/strong><\/p>\n\n\n\n<p>Se recuerda que la identidad de las personas que aporten datos e informaciones ser\u00e1 mantenida en secreto antes, durante y despu\u00e9s del proceso de investig<strong>aci\u00f3n.<\/strong> Callata es de tez trigue\u00f1a, pelo negro corto, contextura f\u00edsica robusta, mide 1,75. Al momento de su desaparici\u00f3n vest\u00eda remera celeste, pantal\u00f3n gris, zapatillas negras.<\/p>\n","protected":false},"excerpt":{"rendered":"<p>Se solicit\u00f3 la colaboraci\u00f3n de la comunidad para dar con el paradero de un hombre buscado desde abril pasado. El Ministerio de Seguridad y el Ministerio P\u00fablico de la Acusaci\u00f3n ofrecen una recompensa de $500.000 para aquellas personas que brinden datos \u00fatiles que permitan dar con el paradero de Sergio Daniel Callata. Callata, de 36 [&hellip;]<\/p>\n","protected":false},"author":54,"featured_media":368724,"comment_status":"closed","ping_status":"closed","sticky":false,"template":"","format":"standard","meta":{"_stopmodifiedupdate":false,"_modified_date":"","inline_featured_image":false,"spay_email":"","jetpack_publicize_message":""},"categories":[3],"tags":[],"jetpack_featured_media_url":"https:\/\/notinor.com\/jujuy\/wp-content\/uploads\/2023\/01\/0167-1.png","jetpack_publicize_connections":[],"_links":{"self":[{"href":"https:\/\/notinor.com\/jujuy\/wp-json\/wp\/v2\/posts\/368723"}],"collection":[{"href":"https:\/\/notinor.com\/jujuy\/wp-json\/wp\/v2\/posts"}],"about":[{"href":"https:\/\/notinor.com\/jujuy\/wp-json\/wp\/v2\/types\/post"}],"author":[{"embeddable":true,"href":"https:\/\/notinor.com\/jujuy\/wp-json\/wp\/v2\/users\/54"}],"replies":[{"embeddable":true,"href":"https:\/\/notinor.com\/jujuy\/wp-json\/wp\/v2\/comments?post=368723"}],"version-history":[{"count":1,"href":"https:\/\/notinor.com\/jujuy\/wp-json\/wp\/v2\/posts\/368723\/revisions"}],"predecessor-version":[{"id":368725,"href":"https:\/\/notinor.com\/jujuy\/wp-json\/wp\/v2\/posts\/368723\/revisions\/368725"}],"wp:featuredmedia":[{"embeddable":true,"href":"https:\/\/notinor.com\/jujuy\/wp-json\/wp\/v2\/media\/368724"}],"wp:attachment":[{"href":"https:\/\/notinor.com\/jujuy\/wp-json\/wp\/v2\/media?parent=368723"}],"wp:term":[{"taxonomy":"category","embeddable":true,"href":"https:\/\/notinor.com\/jujuy\/wp-json\/wp\/v2\/categories?post=368723"},{"taxonomy":"post_tag","embeddable":true,"href":"https:\/\/notinor.com\/jujuy\/wp-json\/wp\/v2\/tags?post=368723"}],"curies":[{"name":"wp","href":"https:\/\/api.w.org\/{rel}","templated":true}]}}