{"id":368720,"date":"2023-01-20T17:28:44","date_gmt":"2023-01-20T20:28:44","guid":{"rendered":"https:\/\/notinor.com\/jujuy\/?p=368720"},"modified":"2023-01-20T17:28:49","modified_gmt":"2023-01-20T20:28:49","slug":"jujuy-tendra-su-stand-en-la-edicion-63-del-festival-nacional-de-folklore-de-cosquin","status":"publish","type":"post","link":"https:\/\/notinor.com\/jujuy\/jujuy-tendra-su-stand-en-la-edicion-63-del-festival-nacional-de-folklore-de-cosquin\/","title":{"rendered":"Jujuy tendr\u00e1 su stand en la edici\u00f3n 63 del Festival Nacional de Folklore de Cosqu\u00edn"},"content":{"rendered":"\n<p class=\"has-medium-font-size\"><strong><em>El Gobierno de Jujuy y la Casa de Jujuy en C\u00f3rdoba, estar\u00e1n presentes en el Festival Nacional de Folklore de Cosqu\u00edn, uno de los m\u00e1s importantes acontecimientos art\u00edsticos y culturales de nuestro pa\u00eds.<\/em><\/strong><\/p>\n\n\n\n<figure class=\"wp-block-image size-large\"><img decoding=\"async\" loading=\"lazy\" width=\"721\" height=\"480\" src=\"https:\/\/notinor.com\/jujuy\/wp-content\/uploads\/2023\/01\/0169-1-721x480.png\" alt=\"\" class=\"wp-image-368721\" srcset=\"https:\/\/notinor.com\/jujuy\/wp-content\/uploads\/2023\/01\/0169-1-721x480.png 721w, https:\/\/notinor.com\/jujuy\/wp-content\/uploads\/2023\/01\/0169-1-549x365.png 549w, https:\/\/notinor.com\/jujuy\/wp-content\/uploads\/2023\/01\/0169-1-768x511.png 768w, https:\/\/notinor.com\/jujuy\/wp-content\/uploads\/2023\/01\/0169-1-750x499.png 750w, https:\/\/notinor.com\/jujuy\/wp-content\/uploads\/2023\/01\/0169-1.png 819w\" sizes=\"(max-width: 721px) 100vw, 721px\" \/><\/figure>\n\n\n\n<p><strong>Jujuy tendr\u00e1 su stand ubicado en el Paseo de las Casas de Provincias y Feria de Artesan\u00edas<\/strong>, donde se brindar\u00e1 informaci\u00f3n, habr\u00e1 m\u00fasica, sorteos y regalos. Los visitantes tambi\u00e9n podr\u00e1n dejar su ofrenda a la Pachamama.<\/p>\n\n\n\n<p>Adem\u00e1s, <strong>el lunes 23 de enero, tambi\u00e9n llamada \u201c3\u00b0 luna\u201d, ser\u00e1 el turno de nuestra provincia con la presentaci\u00f3n \"Jujuy y su diversidad. Carnaval juje\u00f1o\" <\/strong>en el escenario mayor, en postales de provincia. El mismo ser\u00e1 televisado y se podr\u00e1 disfrutar de un hermoso espect\u00e1culo.<\/p>\n\n\n\n<p>Por otra parte,<strong> la Casa de Jujuy en C\u00f3rdoba y el Ministerio de Cultura y Turismo de Jujuy, promocionar\u00e1n nuestra provincia en Villa Carlos Paz,<\/strong> en los jardines municipales.<\/p>\n\n\n\n<p><strong>Los atractivos tur\u00edsticos y culturales ser\u00e1n visibilizados en el Paseo de los Artesanos y la Plaza Prospero Molina de Cosqu\u00edn y tambi\u00e9n en Carlos Paz, en el Paseo de los Artesanos <\/strong>y en la v\u00eda p\u00fablica.<\/p>\n\n\n\n<p>El Ministerio de Cultura y Turismo, teniendo en cuenta la apertura de la 63\u00ba edici\u00f3n del Festival Nacional de Folklore de Cosqu\u00edn y la masiva convocatoria que tiene dicha fiesta popular, program\u00f3 <strong>actividades para los d\u00edas 23 y 25 de enero, a trav\u00e9s del Ente de Promoci\u00f3n tur\u00edstica para difundir el destino en ese lugar.<\/strong> Adem\u00e1s <strong>el d\u00eda 24 la promoci\u00f3n se trasladar\u00e1 a Carlos Paz <\/strong>donde se congregan una masiva afluencia tur\u00edstica tanto del pa\u00eds como del extranjero.<\/p>\n\n\n\n<p>Al respecto, el Secretario de Turismo, Diego Valdecantos, se\u00f1al\u00f3 que \u201c<strong>el equipo Promoci\u00f3n del ministerio juje\u00f1o nuevamente y con la colaboraci\u00f3n invaluable de la Casa de Jujuy en C\u00f3rdoba, contin\u00faa su accionar\u201d<\/strong> y acot\u00f3 que \u201clas fechas no son elegidas al azar, sino que hay que tener en cuenta que en esas fechas se realiza el festival folkl\u00f3rico que nuclea a propios, al pa\u00eds y a un n\u00famero importante de turistas, situaci\u00f3n propicia para hacer conocer nuestro destino\u201d.<\/p>\n\n\n\n<p>Detall\u00f3 que l<strong>a promoci\u00f3n el d\u00eda 23 y 25 tendr\u00e1 lugar en la Plaza de los Artesanos y en la Plaza Prospero Molina de la ciudad del Valle de Punilla <\/strong>donde tiene lugar la aclamada fiesta popular.<\/p>\n\n\n\n<p>M\u00e1s adelante, Valdecantos puntualiz\u00f3 que \u201c<strong>otro centro tur\u00edstico propicio para brindar la informaci\u00f3n pertinente de Jujuy es Villa Carlos Paz, donde en la Plaza de Artesanos y v\u00eda p\u00fablica<\/strong>, se entregar\u00e1 merchandisign y folleter\u00eda de la provincia, y estaremos presentes invitando a que nos visiten porque somos una provincia que tiene mucho para ofrecer\u201d, y record\u00f3 que entre alguna de las propuesta tur\u00edstica\/cultural que ofrecemos es<strong> la agenda carnestolenda de febrero y los atractivos del Turismo Rural Comunitario <\/strong>y los diferentes circuitos en toda la Provincia.<\/p>\n\n\n\n<p>Vale mencionar que el lunes 23, en la tercera luna de Cosqu\u00edn, actuar\u00e1n Facundo Toro, Micaela Chauque, Ceibo, La Charo, Guitarreros, Los Pacheco, Los Tekis y Los Caligaris.<\/p>\n\n\n\n<p>Mientras que en la quinta luna, mi\u00e9rcoles 25, en el escenario central estar\u00e1n presente los siguientes artistas: Antonio Tarrago Ros, Gabriel Mac\u00edas, Ganador del pre Cosqu\u00edn, Destino San Javier , La bruja Salguero, Los Nocheros y Ahyre.<\/p>\n","protected":false},"excerpt":{"rendered":"<p>El Gobierno de Jujuy y la Casa de Jujuy en C\u00f3rdoba, estar\u00e1n presentes en el Festival Nacional de Folklore de Cosqu\u00edn, uno de los m\u00e1s importantes acontecimientos art\u00edsticos y culturales de nuestro pa\u00eds. Jujuy tendr\u00e1 su stand ubicado en el Paseo de las Casas de Provincias y Feria de Artesan\u00edas, donde se brindar\u00e1 informaci\u00f3n, habr\u00e1 [&hellip;]<\/p>\n","protected":false},"author":54,"featured_media":368721,"comment_status":"closed","ping_status":"closed","sticky":false,"template":"","format":"standard","meta":{"_stopmodifiedupdate":false,"_modified_date":"","inline_featured_image":false,"spay_email":"","jetpack_publicize_message":""},"categories":[832],"tags":[],"jetpack_featured_media_url":"https:\/\/notinor.com\/jujuy\/wp-content\/uploads\/2023\/01\/0169-1.png","jetpack_publicize_connections":[],"_links":{"self":[{"href":"https:\/\/notinor.com\/jujuy\/wp-json\/wp\/v2\/posts\/368720"}],"collection":[{"href":"https:\/\/notinor.com\/jujuy\/wp-json\/wp\/v2\/posts"}],"about":[{"href":"https:\/\/notinor.com\/jujuy\/wp-json\/wp\/v2\/types\/post"}],"author":[{"embeddable":true,"href":"https:\/\/notinor.com\/jujuy\/wp-json\/wp\/v2\/users\/54"}],"replies":[{"embeddable":true,"href":"https:\/\/notinor.com\/jujuy\/wp-json\/wp\/v2\/comments?post=368720"}],"version-history":[{"count":1,"href":"https:\/\/notinor.com\/jujuy\/wp-json\/wp\/v2\/posts\/368720\/revisions"}],"predecessor-version":[{"id":368722,"href":"https:\/\/notinor.com\/jujuy\/wp-json\/wp\/v2\/posts\/368720\/revisions\/368722"}],"wp:featuredmedia":[{"embeddable":true,"href":"https:\/\/notinor.com\/jujuy\/wp-json\/wp\/v2\/media\/368721"}],"wp:attachment":[{"href":"https:\/\/notinor.com\/jujuy\/wp-json\/wp\/v2\/media?parent=368720"}],"wp:term":[{"taxonomy":"category","embeddable":true,"href":"https:\/\/notinor.com\/jujuy\/wp-json\/wp\/v2\/categories?post=368720"},{"taxonomy":"post_tag","embeddable":true,"href":"https:\/\/notinor.com\/jujuy\/wp-json\/wp\/v2\/tags?post=368720"}],"curies":[{"name":"wp","href":"https:\/\/api.w.org\/{rel}","templated":true}]}}