{"id":368711,"date":"2023-01-20T16:15:34","date_gmt":"2023-01-20T19:15:34","guid":{"rendered":"https:\/\/notinor.com\/jujuy\/?p=368711"},"modified":"2023-01-20T16:15:37","modified_gmt":"2023-01-20T19:15:37","slug":"continua-el-ciclo-de-capacitaciones-a-los-emprendedores-del-mercado-6-de-agosto","status":"publish","type":"post","link":"https:\/\/notinor.com\/jujuy\/continua-el-ciclo-de-capacitaciones-a-los-emprendedores-del-mercado-6-de-agosto\/","title":{"rendered":"Contin\u00faa el ciclo de capacitaciones a los emprendedores del Mercado \u201c6 de Agosto\u201d"},"content":{"rendered":"\n<p class=\"has-medium-font-size\"><em><strong>Desde la Secretar\u00eda de Planificaci\u00f3n de Ambiente informaron que el programa de capacitaciones gratuitas para los emprendedores del Mercado \u201c6 de Agosto\u201d contin\u00faa con normalidad y en la ocasi\u00f3n, el tema tratado fue costos.<\/strong><\/em><\/p>\n\n\n\n<figure class=\"wp-block-image size-full\"><img decoding=\"async\" loading=\"lazy\" width=\"736\" height=\"441\" src=\"https:\/\/notinor.com\/jujuy\/wp-content\/uploads\/2023\/01\/0202.png\" alt=\"\" class=\"wp-image-368712\" srcset=\"https:\/\/notinor.com\/jujuy\/wp-content\/uploads\/2023\/01\/0202.png 736w, https:\/\/notinor.com\/jujuy\/wp-content\/uploads\/2023\/01\/0202-609x365.png 609w\" sizes=\"(max-width: 736px) 100vw, 736px\" \/><\/figure>\n\n\n\n<p>Sobre este tema la secretaria de Planificaci\u00f3n y Ambiente, Adriana D\u00edaz, explic\u00f3 que <strong>estuvieron presentes 32 emprendedores y el tema tratado fue sobre costos<\/strong>, \u201ccon todos trabajamos a partir de una entrevista personal, luego de un an\u00e1lisis elaboramos una propuesta de capacitaci\u00f3n bas\u00e1ndonos en los<strong> programas: Desarr\u00f3llate e Inn\u00f3vate<\/strong>\u201d.<\/p>\n\n\n\n<p>Por \u00faltimo, la secretaria Planificaci\u00f3n y Ambiente detall\u00f3 que los comerciantes tienen un programa de capacitaci\u00f3n con varios m\u00f3dulos,<strong> \u201cse dictaron temas como modelos de negocio, manejo de marcas, marketing, manejo de redes sociales, finanzas, se incorporaron temas ambientales como la econom\u00eda circular o el triple impacto <\/strong>y hacemos hincapi\u00e9 en el objetivo n\u00famero 8 de los objetivo del desarrollo sostenible\u201d.<\/p>\n","protected":false},"excerpt":{"rendered":"<p>Desde la Secretar\u00eda de Planificaci\u00f3n de Ambiente informaron que el programa de capacitaciones gratuitas para los emprendedores del Mercado \u201c6 de Agosto\u201d contin\u00faa con normalidad y en la ocasi\u00f3n, el tema tratado fue costos. Sobre este tema la secretaria de Planificaci\u00f3n y Ambiente, Adriana D\u00edaz, explic\u00f3 que estuvieron presentes 32 emprendedores y el tema tratado [&hellip;]<\/p>\n","protected":false},"author":54,"featured_media":368712,"comment_status":"closed","ping_status":"closed","sticky":false,"template":"","format":"standard","meta":{"_stopmodifiedupdate":false,"_modified_date":"","inline_featured_image":false,"spay_email":"","jetpack_publicize_message":""},"categories":[514],"tags":[],"jetpack_featured_media_url":"https:\/\/notinor.com\/jujuy\/wp-content\/uploads\/2023\/01\/0202.png","jetpack_publicize_connections":[],"_links":{"self":[{"href":"https:\/\/notinor.com\/jujuy\/wp-json\/wp\/v2\/posts\/368711"}],"collection":[{"href":"https:\/\/notinor.com\/jujuy\/wp-json\/wp\/v2\/posts"}],"about":[{"href":"https:\/\/notinor.com\/jujuy\/wp-json\/wp\/v2\/types\/post"}],"author":[{"embeddable":true,"href":"https:\/\/notinor.com\/jujuy\/wp-json\/wp\/v2\/users\/54"}],"replies":[{"embeddable":true,"href":"https:\/\/notinor.com\/jujuy\/wp-json\/wp\/v2\/comments?post=368711"}],"version-history":[{"count":1,"href":"https:\/\/notinor.com\/jujuy\/wp-json\/wp\/v2\/posts\/368711\/revisions"}],"predecessor-version":[{"id":368713,"href":"https:\/\/notinor.com\/jujuy\/wp-json\/wp\/v2\/posts\/368711\/revisions\/368713"}],"wp:featuredmedia":[{"embeddable":true,"href":"https:\/\/notinor.com\/jujuy\/wp-json\/wp\/v2\/media\/368712"}],"wp:attachment":[{"href":"https:\/\/notinor.com\/jujuy\/wp-json\/wp\/v2\/media?parent=368711"}],"wp:term":[{"taxonomy":"category","embeddable":true,"href":"https:\/\/notinor.com\/jujuy\/wp-json\/wp\/v2\/categories?post=368711"},{"taxonomy":"post_tag","embeddable":true,"href":"https:\/\/notinor.com\/jujuy\/wp-json\/wp\/v2\/tags?post=368711"}],"curies":[{"name":"wp","href":"https:\/\/api.w.org\/{rel}","templated":true}]}}