{"id":368708,"date":"2023-01-20T16:02:51","date_gmt":"2023-01-20T19:02:51","guid":{"rendered":"https:\/\/notinor.com\/jujuy\/?p=368708"},"modified":"2023-01-20T16:02:51","modified_gmt":"2023-01-20T19:02:51","slug":"bicicleteada-de-las-colonias-de-vacaciones-por-el-parque-xibi-xibi","status":"publish","type":"post","link":"https:\/\/notinor.com\/jujuy\/bicicleteada-de-las-colonias-de-vacaciones-por-el-parque-xibi-xibi\/","title":{"rendered":"Bicicleteada de las Colonias de Vacaciones por el Parque Xibi Xibi"},"content":{"rendered":"\n<p class=\"has-medium-font-size\"><strong><em>Bajo el lema \u201cVerano feliz y saludable\u201d se desarrollan con diversi\u00f3n las Colonias de Vacaciones 2023 que organiza el equipo de la Direcci\u00f3n General de Deportes y Recreaci\u00f3n del municipio capitalino, en la que participan cientos de ni\u00f1os y ni\u00f1as de todos los sectores de la ciudad.<\/em><\/strong><\/p>\n\n\n\n<figure class=\"wp-block-image size-full\"><img decoding=\"async\" loading=\"lazy\" width=\"741\" height=\"381\" src=\"https:\/\/notinor.com\/jujuy\/wp-content\/uploads\/2023\/01\/0201.png\" alt=\"\" class=\"wp-image-368709\" srcset=\"https:\/\/notinor.com\/jujuy\/wp-content\/uploads\/2023\/01\/0201.png 741w, https:\/\/notinor.com\/jujuy\/wp-content\/uploads\/2023\/01\/0201-660x339.png 660w\" sizes=\"(max-width: 741px) 100vw, 741px\" \/><\/figure>\n\n\n\n<p>En este marco, la directora general de Deportes y Recreaci\u00f3n, Cristina \u201cKitty\u201d Conde, explic\u00f3 que contin\u00faan con las actividades recreativas para los ni\u00f1os y las ni\u00f1as, \u201cel 2 de enero empezamos con las tradicionales Colonias de Vacaciones tanto en el distrito Centro como en Alto Comedero; afortunadamente<strong> este 2023 tenemos casi el doble de colonias y programamos actividades deportivas y recreativas.<\/strong> En este caso estamos en la ciclov\u00eda del Parque Xibi Xibi con una bicicleteada y caminata; ayer otras dos colonias estuvieron en el cine y estamos muy conformes porque el tiempo nos est\u00e1 ayudando y podemos hacer muchas actividades al aire libre\u201d.<\/p>\n\n\n\n<p>Por su parte, el director de Deporte y Recreaci\u00f3n Distrito Centro, Gustavo Caliva, manifest\u00f3 la importancia de las actividades deportivas para los ni\u00f1os y ni\u00f1as como las caminatas y ciclopaseo, \u201cvemos a los chicos muy contentos que disfrutan mucho de forma segura; <strong>hoy en particular estamos realizando esta bicicleteada con dos colonias: una de la escuela N\u00b0 360 del barrio San Pedrito y los chicos del barrio Punta Diamante que aprovecharon la ciclov\u00eda en un recorrido amplio por las bicisendas\u201d.<\/strong><\/p>\n","protected":false},"excerpt":{"rendered":"<p>Bajo el lema \u201cVerano feliz y saludable\u201d se desarrollan con diversi\u00f3n las Colonias de Vacaciones 2023 que organiza el equipo de la Direcci\u00f3n General de Deportes y Recreaci\u00f3n del municipio capitalino, en la que participan cientos de ni\u00f1os y ni\u00f1as de todos los sectores de la ciudad. En este marco, la directora general de Deportes [&hellip;]<\/p>\n","protected":false},"author":54,"featured_media":368709,"comment_status":"closed","ping_status":"closed","sticky":false,"template":"","format":"standard","meta":{"_stopmodifiedupdate":false,"_modified_date":"","inline_featured_image":false,"spay_email":"","jetpack_publicize_message":""},"categories":[514],"tags":[],"jetpack_featured_media_url":"https:\/\/notinor.com\/jujuy\/wp-content\/uploads\/2023\/01\/0201.png","jetpack_publicize_connections":[],"_links":{"self":[{"href":"https:\/\/notinor.com\/jujuy\/wp-json\/wp\/v2\/posts\/368708"}],"collection":[{"href":"https:\/\/notinor.com\/jujuy\/wp-json\/wp\/v2\/posts"}],"about":[{"href":"https:\/\/notinor.com\/jujuy\/wp-json\/wp\/v2\/types\/post"}],"author":[{"embeddable":true,"href":"https:\/\/notinor.com\/jujuy\/wp-json\/wp\/v2\/users\/54"}],"replies":[{"embeddable":true,"href":"https:\/\/notinor.com\/jujuy\/wp-json\/wp\/v2\/comments?post=368708"}],"version-history":[{"count":1,"href":"https:\/\/notinor.com\/jujuy\/wp-json\/wp\/v2\/posts\/368708\/revisions"}],"predecessor-version":[{"id":368710,"href":"https:\/\/notinor.com\/jujuy\/wp-json\/wp\/v2\/posts\/368708\/revisions\/368710"}],"wp:featuredmedia":[{"embeddable":true,"href":"https:\/\/notinor.com\/jujuy\/wp-json\/wp\/v2\/media\/368709"}],"wp:attachment":[{"href":"https:\/\/notinor.com\/jujuy\/wp-json\/wp\/v2\/media?parent=368708"}],"wp:term":[{"taxonomy":"category","embeddable":true,"href":"https:\/\/notinor.com\/jujuy\/wp-json\/wp\/v2\/categories?post=368708"},{"taxonomy":"post_tag","embeddable":true,"href":"https:\/\/notinor.com\/jujuy\/wp-json\/wp\/v2\/tags?post=368708"}],"curies":[{"name":"wp","href":"https:\/\/api.w.org\/{rel}","templated":true}]}}