{"id":368464,"date":"2023-01-17T08:15:00","date_gmt":"2023-01-17T11:15:00","guid":{"rendered":"https:\/\/notinor.com\/jujuy\/?p=368464"},"modified":"2023-01-17T12:27:16","modified_gmt":"2023-01-17T15:27:16","slug":"ejesa-comunica-que-el-miercoles-18-se-realizaran-areas-de-mejora-y-mantenimiento-de-redes-electricas","status":"publish","type":"post","link":"https:\/\/notinor.com\/jujuy\/ejesa-comunica-que-el-miercoles-18-se-realizaran-areas-de-mejora-y-mantenimiento-de-redes-electricas\/","title":{"rendered":"EJESA comunica que el miercoles 18 se realizar\u00e1n areas de mejora y mantenimiento de redes el\u00e9ctricas"},"content":{"rendered":"\n<p class=\"has-medium-font-size\"><strong><em>Informamos&nbsp;que, con el objeto de&nbsp;elevar la calidad de nuestro servicio,&nbsp;se realizar\u00e1n tareas de&nbsp;mantenimiento y renovaci\u00f3n&nbsp;en las instalaciones de nuestro sistema.&nbsp;<\/em><\/strong><\/p>\n\n\n<div class=\"wp-block-image\">\n<figure class=\"aligncenter size-full\"><img decoding=\"async\" loading=\"lazy\" width=\"750\" height=\"377\" src=\"https:\/\/notinor.com\/jujuy\/wp-content\/uploads\/2023\/01\/COLECTORA.jpg\" alt=\"\" class=\"wp-image-368466\" srcset=\"https:\/\/notinor.com\/jujuy\/wp-content\/uploads\/2023\/01\/COLECTORA.jpg 750w, https:\/\/notinor.com\/jujuy\/wp-content\/uploads\/2023\/01\/COLECTORA-660x332.jpg 660w, https:\/\/notinor.com\/jujuy\/wp-content\/uploads\/2023\/01\/COLECTORA-360x180.jpg 360w\" sizes=\"(max-width: 750px) 100vw, 750px\" \/><\/figure><\/div>\n\n\n<p>Con este fin, ser\u00e1 necesario efectuar una&nbsp;interrupci\u00f3n programada en las siguientes zonas y horarios:&nbsp;<\/p>\n\n\n\n<p>Localidad:<strong>&nbsp;S. S. DE JUJUY<\/strong><strong>&nbsp;<\/strong><\/p>\n\n\n\n<p>D\u00eda:<strong>&nbsp;Mi\u00e9rcoles 18-01-2023<\/strong><strong>&nbsp;<\/strong><\/p>\n\n\n\n<p>Hora:<strong>&nbsp;08:00 a 12:00 Hs. aprox.<\/strong><strong>&nbsp;<\/strong><\/p>\n\n\n\n<p>Zonas:<strong>&nbsp;B\u00b0 Cnel. Arias (entre Colectora H\u00fasares, Pje. 14, Avda. Per\u00f3n, Valpara\u00edso) y zonas aleda\u00f1as.<\/strong><strong>&nbsp;<\/strong><strong>&nbsp;<\/strong><\/p>\n\n\n\n<p>Agradecemos tomar las precauciones necesarias durante la duraci\u00f3n de dicha interrupci\u00f3n a fin de evitar mayores inconvenientes.&nbsp;<\/p>\n\n\n\n<p>Por consultas y\/o requerimientos te recordamos nuestros canales de contacto disponibles las 24hs.:&nbsp;<\/p>\n\n\n\n<p>Nuestra Web&nbsp;<a href=\"https:\/\/www.ejesa.com.ar\/?fbclid=IwAR14rGgcVsKFtRmA2NmOFOPT8Zh7bN3g9FbnACLbH6gDSZ1s2OvPXPuyvMI\" target=\"_blank\" rel=\"noreferrer noopener\"><strong>https:\/\/www.ejesa.com.ar<\/strong><\/a><strong>&nbsp; &gt;&nbsp;&nbsp;<\/strong><a href=\"https:\/\/www.ejesa.com.ar\/gestion\/pwa\/tareasprogramadas\/cortes-de-luz\" target=\"_blank\" rel=\"noreferrer noopener\"><strong><\/strong><\/a><strong>Tareas Programadas<\/strong>&nbsp;<\/p>\n\n\n\n<p>VOLT, nuestro Asistente virtual&nbsp;<\/p>\n\n\n\n<p>WhatsApp&nbsp;<strong>3884613738&nbsp;<\/strong><a href=\"https:\/\/wa.me\/543884613738?fbclid=IwAR30VgYAEKWAQcLcxjdHjF5jGp891rlLdKEEpF_y3CJrpxc_nkfd01quSIs\" target=\"_blank\" rel=\"noreferrer noopener\"><strong>https:\/\/wa.me\/543884613738<\/strong><\/a>&nbsp;<\/p>\n","protected":false},"excerpt":{"rendered":"<p>Informamos&nbsp;que, con el objeto de&nbsp;elevar la calidad de nuestro servicio,&nbsp;se realizar\u00e1n tareas de&nbsp;mantenimiento y renovaci\u00f3n&nbsp;en las instalaciones de nuestro sistema.&nbsp; Con este fin, ser\u00e1 necesario efectuar una&nbsp;interrupci\u00f3n programada en las siguientes zonas y horarios:&nbsp; Localidad:&nbsp;S. S. DE JUJUY&nbsp; D\u00eda:&nbsp;Mi\u00e9rcoles 18-01-2023&nbsp; Hora:&nbsp;08:00 a 12:00 Hs. aprox.&nbsp; Zonas:&nbsp;B\u00b0 Cnel. Arias (entre Colectora H\u00fasares, Pje. 14, Avda. Per\u00f3n, [&hellip;]<\/p>\n","protected":false},"author":5,"featured_media":368466,"comment_status":"open","ping_status":"open","sticky":false,"template":"","format":"standard","meta":{"_stopmodifiedupdate":false,"_modified_date":"","inline_featured_image":false,"spay_email":"","jetpack_publicize_message":""},"categories":[514],"tags":[],"jetpack_featured_media_url":"https:\/\/notinor.com\/jujuy\/wp-content\/uploads\/2023\/01\/COLECTORA.jpg","jetpack_publicize_connections":[],"_links":{"self":[{"href":"https:\/\/notinor.com\/jujuy\/wp-json\/wp\/v2\/posts\/368464"}],"collection":[{"href":"https:\/\/notinor.com\/jujuy\/wp-json\/wp\/v2\/posts"}],"about":[{"href":"https:\/\/notinor.com\/jujuy\/wp-json\/wp\/v2\/types\/post"}],"author":[{"embeddable":true,"href":"https:\/\/notinor.com\/jujuy\/wp-json\/wp\/v2\/users\/5"}],"replies":[{"embeddable":true,"href":"https:\/\/notinor.com\/jujuy\/wp-json\/wp\/v2\/comments?post=368464"}],"version-history":[{"count":1,"href":"https:\/\/notinor.com\/jujuy\/wp-json\/wp\/v2\/posts\/368464\/revisions"}],"predecessor-version":[{"id":368467,"href":"https:\/\/notinor.com\/jujuy\/wp-json\/wp\/v2\/posts\/368464\/revisions\/368467"}],"wp:featuredmedia":[{"embeddable":true,"href":"https:\/\/notinor.com\/jujuy\/wp-json\/wp\/v2\/media\/368466"}],"wp:attachment":[{"href":"https:\/\/notinor.com\/jujuy\/wp-json\/wp\/v2\/media?parent=368464"}],"wp:term":[{"taxonomy":"category","embeddable":true,"href":"https:\/\/notinor.com\/jujuy\/wp-json\/wp\/v2\/categories?post=368464"},{"taxonomy":"post_tag","embeddable":true,"href":"https:\/\/notinor.com\/jujuy\/wp-json\/wp\/v2\/tags?post=368464"}],"curies":[{"name":"wp","href":"https:\/\/api.w.org\/{rel}","templated":true}]}}