{"id":368447,"date":"2023-01-17T11:27:58","date_gmt":"2023-01-17T14:27:58","guid":{"rendered":"https:\/\/notinor.com\/jujuy\/?p=368447"},"modified":"2023-01-17T11:28:03","modified_gmt":"2023-01-17T14:28:03","slug":"desde-la-mesa-de-enlace-aseguran-que-no-fueron-convocados-por-el-ministro-massa","status":"publish","type":"post","link":"https:\/\/notinor.com\/jujuy\/desde-la-mesa-de-enlace-aseguran-que-no-fueron-convocados-por-el-ministro-massa\/","title":{"rendered":"Desde la Mesa de Enlace aseguran que no fueron convocados por el ministro Massa"},"content":{"rendered":"\n<p><strong><em>Los dirigentes de Confederaciones Rurales Argentinas (CRA), Coninagro, la Sociedad Rural Argentina (SRA) y Federaci\u00f3n Agraria Argentina (FAA) advirtieron que a\u00fan no recibieron la invitaci\u00f3n del funcionario<\/em><\/strong>.<\/p>\n\n\n<div class=\"wp-block-image\">\n<figure class=\"aligncenter size-large\"><img decoding=\"async\" loading=\"lazy\" width=\"720\" height=\"480\" src=\"https:\/\/notinor.com\/jujuy\/wp-content\/uploads\/2023\/01\/image-145-720x480.png\" alt=\"\" class=\"wp-image-368448\" srcset=\"https:\/\/notinor.com\/jujuy\/wp-content\/uploads\/2023\/01\/image-145-720x480.png 720w, https:\/\/notinor.com\/jujuy\/wp-content\/uploads\/2023\/01\/image-145-548x365.png 548w, https:\/\/notinor.com\/jujuy\/wp-content\/uploads\/2023\/01\/image-145-768x512.png 768w, https:\/\/notinor.com\/jujuy\/wp-content\/uploads\/2023\/01\/image-145-750x500.png 750w, https:\/\/notinor.com\/jujuy\/wp-content\/uploads\/2023\/01\/image-145-1140x760.png 1140w, https:\/\/notinor.com\/jujuy\/wp-content\/uploads\/2023\/01\/image-145.png 1200w\" sizes=\"(max-width: 720px) 100vw, 720px\" \/><\/figure><\/div>\n\n\n<p>En medio de las versiones de una inminente reuni\u00f3n con el ministro de Econom\u00eda,\u00a0<strong>Sergio Massa,<\/strong>\u00a0<strong>los integrantes de la<\/strong>\u00a0<strong>Mesa de Enlace<\/strong>\u00a0<strong>aseguran que todav\u00eda \u201cno han recibido ninguna convocatoria\u201d.<\/strong>\u00a0Si bien a\u00fan falta definir d\u00eda y hora de la cita, la idea que tienen en el Gobierno es analizar el da\u00f1o que sufren los productores agropecuarios,\u00a0<strong>hacer foco en la situaci\u00f3n de la sequ\u00eda que impacta en la zona agr\u00edcola y sus consecuencias para la campa\u00f1a.<\/strong>\u00a0En las pr\u00f3ximas semanas, adem\u00e1s, se conformar\u00eda una mesa de trabajo para estudiar el impacto del fen\u00f3meno clim\u00e1tico en la econom\u00eda del pa\u00eds.<\/p>\n\n\n\n<p>Aunque la<strong>\u00a0Sociedad Rural Argentina (SRA), Coninagro, Federaci\u00f3n Agraria Argentina (FAA) y Confederaciones Rurales Argentinas (CRA),\u00a0<\/strong>las cuatro entidades que integran la Mesa de Enlace, est\u00e1n a la espera de una cita con Massa, desde la cartera del ministro adelantaron a\u00a0<strong>LA NACION<\/strong>\u00a0que la idea es plantearles\u00a0<strong>un seguimiento en los pr\u00f3ximos 90 d\u00edas para trazar una comparaci\u00f3n 2022 y 2023, de acuerdo con los m\u00e1rgenes de rentabilidad entre uno y otro a\u00f1o.<\/strong>\u00a0Hace un mes, los ruralistas le pidieron una reuni\u00f3n a Massa, pero el ministro los deriv\u00f3 al\u00a0secretario de Agricultura, Juan Jos\u00e9 Bahillo, con quien finalmente se reunieron en Rosario el 26 del mes pasado.<\/p>\n\n\n\n<p><strong>Jorge Chemes,<\/strong>\u00a0presidente de CRA, explic\u00f3 que a\u00fan no hab\u00edan recibido la convocatoria y advirti\u00f3 que lo que necesita el campo y le sugerir\u00edan al Gobierno para implementar de forma urgente<strong>\u00a0\u201ces<\/strong>\u00a0<strong>la condonaci\u00f3n de muchas deudas impositivas y un cronograma de pr\u00f3rrogas, de todo lo que son vencimientos impositivos\u201d.\u00a0<\/strong>El ruralista se\u00f1al\u00f3 que hay dos puntos fundamentales para que los productores puedan \u201csobrevivir\u201d en el panorama cr\u00edtico que enfrentan por el clima y que\u00a0<strong>\u201cpara contener el impacto es necesaria una reforma impositiva\u201d<\/strong>, donde los productores noten un alivio fiscal.<\/p>\n\n\n<div class=\"wp-block-image\">\n<figure class=\"aligncenter size-large\"><img decoding=\"async\" loading=\"lazy\" width=\"641\" height=\"480\" src=\"https:\/\/notinor.com\/jujuy\/wp-content\/uploads\/2023\/01\/image-146-641x480.png\" alt=\"\" class=\"wp-image-368449\" srcset=\"https:\/\/notinor.com\/jujuy\/wp-content\/uploads\/2023\/01\/image-146-641x480.png 641w, https:\/\/notinor.com\/jujuy\/wp-content\/uploads\/2023\/01\/image-146-488x365.png 488w, https:\/\/notinor.com\/jujuy\/wp-content\/uploads\/2023\/01\/image-146-768x575.png 768w, https:\/\/notinor.com\/jujuy\/wp-content\/uploads\/2023\/01\/image-146-750x561.png 750w, https:\/\/notinor.com\/jujuy\/wp-content\/uploads\/2023\/01\/image-146.png 879w\" sizes=\"(max-width: 641px) 100vw, 641px\" \/><\/figure><\/div>\n\n\n<p><strong>\u201cEl productor va a entrar en una cesaci\u00f3n de pagos y al no haber producci\u00f3n, ingresos y aparejado con esto [la sequ\u00eda] se va a necesitar financiaci\u00f3n<\/strong>, dinero, porque en alg\u00fan momento va a llover y el productor va a tener que arrancar de nuevo para poder generar recursos; hoy no tiene plata.\u00a0<strong>No hay dinero para comprar gasoil, semillas y fertilizantes, por m\u00e1s que te lo financien. Obviamente, necesitan financiaci\u00f3n en muchos aspectos\u201d,<\/strong>\u00a0ampli\u00f3.<\/p>\n\n\n\n<p>De acuerdo con fuentes privadas, se prev\u00e9 hacer un seguimiento<strong>&nbsp;a trav\u00e9s de una mesa de trabajo del campo que se formar\u00e1 en los pr\u00f3ximos d\u00edas para cuando eventualmente se regularicen las lluvias, el mes pr\u00f3ximo.&nbsp;<\/strong>En el Gobierno creen poder llevar adelante este seguimiento regi\u00f3n por regi\u00f3n, mirando los mapas satelitales de lluvias y los datos del Instituto Nacional de Tecnolog\u00eda Agropecuaria&nbsp;<strong>(INTA),<\/strong>&nbsp;para seguir<strong>&nbsp;<\/strong>la humedad del suelo por sectores.<\/p>\n\n\n\n<p>\u201cUna vez superada la emergencia que va a llevar mucho tiempo, hay que pensar seriamente en trazar lineamientos de pol\u00edtica de Estado, que definitivamente incorporen lo que hace rato venimos diciendo que es la unificaci\u00f3n de los mercados cambiarios, la apertura total de exportaciones, que hoy no tiene sentido de tener cerrada, porque realmente est\u00e1 comprobado que no ha tenido incidencia en el consumo interno\u201d, dijo Chemes.<\/p>\n\n\n\n<p>Consultado sobre el silencio del presidente, Alberto Fern\u00e1ndez, en el tema de la sequ\u00eda, explic\u00f3 que\u00a0<strong>si el Presidente quiere intervenir en esto tiene toda autoridad para hacerlo.<\/strong>\u00a0\u201cLo que es fundamental es que el ministro de Econom\u00eda tenga una participaci\u00f3n porque es el que maneja los recursos del pa\u00eds y la decisi\u00f3n de un impacto econ\u00f3mico, pero cuanto m\u00e1s seamos participando en esta mesa mejor y tomar decisiones es mejor porque es m\u00e1s la gente que piensa y porta idea, equivocadas o no, pero hay m\u00e1s ideas sobre la mesa\u201d, ampli\u00f3.<\/p>\n\n\n<div class=\"wp-block-image\">\n<figure class=\"aligncenter size-large\"><img decoding=\"async\" loading=\"lazy\" width=\"720\" height=\"480\" src=\"https:\/\/notinor.com\/jujuy\/wp-content\/uploads\/2023\/01\/image-147-720x480.png\" alt=\"\" class=\"wp-image-368450\" srcset=\"https:\/\/notinor.com\/jujuy\/wp-content\/uploads\/2023\/01\/image-147-720x480.png 720w, https:\/\/notinor.com\/jujuy\/wp-content\/uploads\/2023\/01\/image-147-548x365.png 548w, https:\/\/notinor.com\/jujuy\/wp-content\/uploads\/2023\/01\/image-147-768x512.png 768w, https:\/\/notinor.com\/jujuy\/wp-content\/uploads\/2023\/01\/image-147-750x500.png 750w, https:\/\/notinor.com\/jujuy\/wp-content\/uploads\/2023\/01\/image-147.png 879w\" sizes=\"(max-width: 720px) 100vw, 720px\" \/><\/figure><\/div>\n\n\n<p>Para el ruralista se necesita una reforma impositiva donde se note claramente un alivio, que est\u00e9 incluido el tema de la baja de retenciones que vienen reclamando en las reuniones con las autoridades nacionales.&nbsp;<strong>\u201cA partir de ah\u00ed ir trazando lineamientos de pol\u00edtica de Estado. El Gobierno tiene que mirar el campo como una fuente de crecimiento<\/strong>&nbsp;y no solamente para los recursos fiscales. Esto hay que discutirlo con mucha firmeza\u201d, detall\u00f3.<\/p>\n\n\n\n<p><strong>Elbio Laucirica,&nbsp;<\/strong>presidente de Coninagro, record\u00f3 que desde diciembre del a\u00f1o pasado ven\u00edan advirtiendo de los efectos de la situaci\u00f3n que avizoraban que iban a tener sobre las inclemencias clim\u00e1ticas.&nbsp;<strong>\u201cEn Coninagro tenemos cooperativas a lo largo de lo ancho del pa\u00eds que nos informaban de la situaci\u00f3n. Tenemos 19 producciones vinculadas y el 80% ya estaban en situaci\u00f3n cr\u00edtica.&nbsp;<\/strong>Tenemos problemas no solamente en los granos, la ganader\u00eda, en los tambos, tambi\u00e9n tenemos problemas en las econom\u00edas regionales\u201d, agreg\u00f3.<\/p>\n\n\n\n<p>El cooperativista record\u00f3 que \u00faltimamente, incluso, el granizo golpe\u00f3 en una buena parte de la provincia de Mendoza.\u00a0<strong>\u201cHoy por hoy, ya tenemos constatado un 50% de p\u00e9rdida pr\u00e1cticamente en el caso del trigo y en el caso de los granos hay da\u00f1os que son irreversibles.<\/strong>\u00a0Por ejemplo, ma\u00f1ana llueve, pero ya hay alg\u00fan efecto de da\u00f1o y en algunos lugares fue mucho m\u00e1s importante, porque est\u00e1n mucho m\u00e1s avanzados, en las etapas del desarrollo del cultivo\u201d, explic\u00f3.<\/p>\n\n\n<div class=\"wp-block-image\">\n<figure class=\"aligncenter size-large\"><img decoding=\"async\" loading=\"lazy\" width=\"720\" height=\"480\" src=\"https:\/\/notinor.com\/jujuy\/wp-content\/uploads\/2023\/01\/image-148-720x480.png\" alt=\"\" class=\"wp-image-368451\" srcset=\"https:\/\/notinor.com\/jujuy\/wp-content\/uploads\/2023\/01\/image-148-720x480.png 720w, https:\/\/notinor.com\/jujuy\/wp-content\/uploads\/2023\/01\/image-148-548x365.png 548w, https:\/\/notinor.com\/jujuy\/wp-content\/uploads\/2023\/01\/image-148-768x512.png 768w, https:\/\/notinor.com\/jujuy\/wp-content\/uploads\/2023\/01\/image-148-750x500.png 750w, https:\/\/notinor.com\/jujuy\/wp-content\/uploads\/2023\/01\/image-148.png 879w\" sizes=\"(max-width: 720px) 100vw, 720px\" \/><\/figure><\/div>\n\n\n<p>En t\u00e9rminos macroecon\u00f3micos, explic\u00f3, lo grave de esta situaci\u00f3n es la p\u00e9rdida que va a dejar la sequ\u00eda que, seg\u00fan la&nbsp;<strong>Bolsa de Cereales de Buenos Aires<\/strong>&nbsp;y la Fundaci\u00f3n INAI<strong>&nbsp;se calcula en alrededor de US$15.000 millones,<\/strong>&nbsp;que se representan en divisas para el pa\u00eds y que va a repercutir en el interior.<strong>&nbsp;\u201cEsto es importante porque muchos de los insumos estrat\u00e9gicos que se usan hay que importarlos,<\/strong>&nbsp;tambi\u00e9n esto lo van a sufrir mucho los pueblos del interior, las econom\u00edas locales, porque [est\u00e1 en juego] el 50% de cosecha de trigo, que significa el 50% de los transportes, de los fletes. Esto tambi\u00e9n se evidencia en los comercios y en los servicios del interior. Nuestras cooperativas en esto est\u00e1n muy preocupadas porque hay muchos productores que no van a contar con los recursos para poder llevar adelante la siembra del a\u00f1o que viene\u201d, explic\u00f3.<\/p>\n\n\n\n<p>Laucirica lament\u00f3 que en medio de una situaci\u00f3n tan grave, que repercute en el pa\u00eds, no se haya escuchado la voz del primer mandatario.&nbsp;<strong>\u201cEs lamentable que en esta situaci\u00f3n tan desesperante que viven los productores agropecuarios en este momento, el presidente Fern\u00e1ndez no haya tenido la consideraci\u00f3n de hacer alg\u00fan gesto o haberse referido a este tema.&nbsp;<\/strong>[En su defecto]<strong>&nbsp;<\/strong>estar tan preocupado en otros temas, como son justamente la persecuci\u00f3n pol\u00edtica que a nuestro entender no son de la importancia que hoy tiene esto\u201d, respondi\u00f3.<\/p>\n\n\n\n<p>En tanto, el presidente de la SRA,\u00a0<strong>Nicol\u00e1s Pino,<\/strong>\u00a0mencion\u00f3 que creen que el di\u00e1logo es constructivo y por ende ven bien una posible convocatoria del ministro. \u201cCreemos que la sequ\u00eda es un tema central en la agenda no solo del campo, sino tambi\u00e9n del pa\u00eds.<strong>\u00a0Los productores estamos muy preocupados con este tema, pero sabemos que es un problema tambi\u00e9n para la macroeconom\u00eda del Gobierno. Hay muchos d\u00f3lares que no van a estar\u201d,<\/strong>\u00a0indic\u00f3.<\/p>\n\n\n<div class=\"wp-block-image\">\n<figure class=\"aligncenter size-large\"><img decoding=\"async\" loading=\"lazy\" width=\"720\" height=\"480\" src=\"https:\/\/notinor.com\/jujuy\/wp-content\/uploads\/2023\/01\/image-149-720x480.png\" alt=\"\" class=\"wp-image-368452\" srcset=\"https:\/\/notinor.com\/jujuy\/wp-content\/uploads\/2023\/01\/image-149-720x480.png 720w, https:\/\/notinor.com\/jujuy\/wp-content\/uploads\/2023\/01\/image-149-548x365.png 548w, https:\/\/notinor.com\/jujuy\/wp-content\/uploads\/2023\/01\/image-149-768x512.png 768w, https:\/\/notinor.com\/jujuy\/wp-content\/uploads\/2023\/01\/image-149-750x500.png 750w, https:\/\/notinor.com\/jujuy\/wp-content\/uploads\/2023\/01\/image-149.png 879w\" sizes=\"(max-width: 720px) 100vw, 720px\" \/><\/figure><\/div>\n\n\n<p>\u201cDesde la dirigencia estamos trabajando en hablar tambi\u00e9n con intendentes y gobernadores para que entiendan la crisis que atravesamos y as\u00ed como le pedimos al Gobierno nacional no seguir pagando anticipo de ganancias, entendemos que los otros poderes no tienen que subir impuestos en esta situaci\u00f3n\u201d, afirm\u00f3.<\/p>\n\n\n\n<p><strong>Carlos Achetoni,<\/strong>&nbsp;presidente de FAA, explic\u00f3 que no han sido convocados para reuni\u00f3n. El dirigente adelant\u00f3 que de llegarles asistir\u00e1n con una agenda marcada.&nbsp;<strong>\u201cHay temas urgentes, producto de la sequ\u00eda y las heladas. Se hicieron muchos anuncios, pero cuando pas\u00f3 el momento se olvid\u00f3.&nbsp;<\/strong>Hay agravantes generados por el d\u00f3lar soja y el clima contribuy\u00f3. Que haya una asistencia a trav\u00e9s de emergencia, que permita a&nbsp;<strong>los productores sostenerse a una campa\u00f1a de producci\u00f3n, m\u00e1s all\u00e1 del financiamiento<\/strong>. Hoy, por hoy, hay que ver los tiempos, no pueden ser de corto plazo y fortalecer el fondo de emergencia, que es muy inveros\u00edmil lo que tiene de fondeo. Est\u00e1n repartiendo d\u00e1divas\u201d, manifest\u00f3.<\/p>\n","protected":false},"excerpt":{"rendered":"<p>Los dirigentes de Confederaciones Rurales Argentinas (CRA), Coninagro, la Sociedad Rural Argentina (SRA) y Federaci\u00f3n Agraria Argentina (FAA) advirtieron que a\u00fan no recibieron la invitaci\u00f3n del funcionario. En medio de las versiones de una inminente reuni\u00f3n con el ministro de Econom\u00eda,\u00a0Sergio Massa,\u00a0los integrantes de la\u00a0Mesa de Enlace\u00a0aseguran que todav\u00eda \u201cno han recibido ninguna convocatoria\u201d.\u00a0Si bien [&hellip;]<\/p>\n","protected":false},"author":37,"featured_media":368448,"comment_status":"open","ping_status":"open","sticky":false,"template":"","format":"standard","meta":{"_stopmodifiedupdate":false,"_modified_date":"","inline_featured_image":false,"spay_email":"","jetpack_publicize_message":""},"categories":[2542],"tags":[],"jetpack_featured_media_url":"https:\/\/notinor.com\/jujuy\/wp-content\/uploads\/2023\/01\/image-145.png","jetpack_publicize_connections":[],"_links":{"self":[{"href":"https:\/\/notinor.com\/jujuy\/wp-json\/wp\/v2\/posts\/368447"}],"collection":[{"href":"https:\/\/notinor.com\/jujuy\/wp-json\/wp\/v2\/posts"}],"about":[{"href":"https:\/\/notinor.com\/jujuy\/wp-json\/wp\/v2\/types\/post"}],"author":[{"embeddable":true,"href":"https:\/\/notinor.com\/jujuy\/wp-json\/wp\/v2\/users\/37"}],"replies":[{"embeddable":true,"href":"https:\/\/notinor.com\/jujuy\/wp-json\/wp\/v2\/comments?post=368447"}],"version-history":[{"count":1,"href":"https:\/\/notinor.com\/jujuy\/wp-json\/wp\/v2\/posts\/368447\/revisions"}],"predecessor-version":[{"id":368453,"href":"https:\/\/notinor.com\/jujuy\/wp-json\/wp\/v2\/posts\/368447\/revisions\/368453"}],"wp:featuredmedia":[{"embeddable":true,"href":"https:\/\/notinor.com\/jujuy\/wp-json\/wp\/v2\/media\/368448"}],"wp:attachment":[{"href":"https:\/\/notinor.com\/jujuy\/wp-json\/wp\/v2\/media?parent=368447"}],"wp:term":[{"taxonomy":"category","embeddable":true,"href":"https:\/\/notinor.com\/jujuy\/wp-json\/wp\/v2\/categories?post=368447"},{"taxonomy":"post_tag","embeddable":true,"href":"https:\/\/notinor.com\/jujuy\/wp-json\/wp\/v2\/tags?post=368447"}],"curies":[{"name":"wp","href":"https:\/\/api.w.org\/{rel}","templated":true}]}}