{"id":368441,"date":"2023-01-17T10:51:11","date_gmt":"2023-01-17T13:51:11","guid":{"rendered":"https:\/\/notinor.com\/jujuy\/?p=368441"},"modified":"2023-01-17T17:35:39","modified_gmt":"2023-01-17T20:35:39","slug":"del-testimonio-de-juan-pedro-guarino-al-llanto-de-blas-cinalli-asi-se-gesto-la-declaracion-de-thomsen","status":"publish","type":"post","link":"https:\/\/notinor.com\/jujuy\/del-testimonio-de-juan-pedro-guarino-al-llanto-de-blas-cinalli-asi-se-gesto-la-declaracion-de-thomsen\/","title":{"rendered":"Del testimonio de Juan Pedro Guarino al llanto de Blas Cinalli: as\u00ed se gest\u00f3 la declaraci\u00f3n de Thomsen"},"content":{"rendered":"\n<p><em><strong>El rugbier m\u00e1s complicado reconoci\u00f3 haber \u201cpegado patadas\u201d pero asegur\u00f3 que hab\u00eda tomado alcohol y que no est\u00e1 seguro de a qui\u00e9n golpe\u00f3. Antes, hab\u00eda hablado su mam\u00e1 ante el tribunal.<\/strong><\/em><\/p>\n\n\n<div class=\"wp-block-image\">\n<figure class=\"aligncenter size-large\"><img decoding=\"async\" loading=\"lazy\" width=\"840\" height=\"473\" src=\"https:\/\/notinor.com\/jujuy\/wp-content\/uploads\/2023\/01\/image-141-840x473.png\" alt=\"\" class=\"wp-image-368442\" srcset=\"https:\/\/notinor.com\/jujuy\/wp-content\/uploads\/2023\/01\/image-141-840x473.png 840w, https:\/\/notinor.com\/jujuy\/wp-content\/uploads\/2023\/01\/image-141-649x365.png 649w, https:\/\/notinor.com\/jujuy\/wp-content\/uploads\/2023\/01\/image-141-768x432.png 768w, https:\/\/notinor.com\/jujuy\/wp-content\/uploads\/2023\/01\/image-141-750x422.png 750w, https:\/\/notinor.com\/jujuy\/wp-content\/uploads\/2023\/01\/image-141-1140x641.png 1140w, https:\/\/notinor.com\/jujuy\/wp-content\/uploads\/2023\/01\/image-141.png 1440w\" sizes=\"(max-width: 840px) 100vw, 840px\" \/><\/figure><\/div>\n\n\n<p>Para la defensa de los rugbiers, la jornada de este lunes era&nbsp;<strong>muy esperada<\/strong>. Despu\u00e9s de que <strong>Luciano Pertossi&nbsp;<\/strong>hiciera una breve aclaraci\u00f3n ante el Tribunal Oral en lo Criminal N\u00ba1 de Dolores la semana pasada, el abogado&nbsp;<strong>Hugo Tomei&nbsp;sab\u00eda muy bien que ten\u00eda que darle continuidad a su<\/strong>&nbsp;<strong>estrategia<\/strong>.<\/p>\n\n\n\n<p>Y as\u00ed lo hizo. La audiencia empez\u00f3 retrasada, pasadas las 12:00, con la declaraci\u00f3n de&nbsp;<strong>Juan Pablo Guarino<\/strong>, uno de los rugbiers sobrese\u00eddos a las pocas semanas del inicio de la investigaci\u00f3n por el crimen de&nbsp;<strong>Fernando B\u00e1ez Sosa<\/strong>.<\/p>\n\n\n<div class=\"wp-block-image\">\n<figure class=\"aligncenter size-large\"><img decoding=\"async\" loading=\"lazy\" width=\"840\" height=\"473\" src=\"https:\/\/notinor.com\/jujuy\/wp-content\/uploads\/2023\/01\/image-142-840x473.png\" alt=\"\" class=\"wp-image-368443\" srcset=\"https:\/\/notinor.com\/jujuy\/wp-content\/uploads\/2023\/01\/image-142-840x473.png 840w, https:\/\/notinor.com\/jujuy\/wp-content\/uploads\/2023\/01\/image-142-649x365.png 649w, https:\/\/notinor.com\/jujuy\/wp-content\/uploads\/2023\/01\/image-142-768x432.png 768w, https:\/\/notinor.com\/jujuy\/wp-content\/uploads\/2023\/01\/image-142-750x422.png 750w, https:\/\/notinor.com\/jujuy\/wp-content\/uploads\/2023\/01\/image-142-1140x641.png 1140w, https:\/\/notinor.com\/jujuy\/wp-content\/uploads\/2023\/01\/image-142.png 1440w\" sizes=\"(max-width: 840px) 100vw, 840px\" \/><\/figure><\/div>\n\n\n<p>El joven contest\u00f3 durante 2 horas a todas las preguntas de los abogados que representan a los pap\u00e1s de Fernando, de los fiscales y tambi\u00e9n del abogado defensor de los imputados.<\/p>\n\n\n\n<p>Aunque no pudo brindar certezas respecto al rol que tuvo cada uno de los rugbiers en el ataque a&nbsp;<strong>B\u00e1ez Sosa<\/strong>, lo cierto es que el testigo reconoci\u00f3 las prendas de los acusados y los marc\u00f3 en los diferentes videos que existen sobre la golpiza.<\/p>\n\n\n\n<p>Despu\u00e9s de \u00e9l, la defensa y el particular damnificado desistieron de la presencia de&nbsp;<strong>Alejo Milanesi<\/strong>, el otro rugbiers sobrese\u00eddo, y entonces pasaron al frente dos amigos de Blas Cinalli.<\/p>\n\n\n\n<p>Sin embargo, el cambio de clima dentro de la jornada empez\u00f3 a cambiar cuando&nbsp;<strong>Mar\u00eda Paula Cinalli<\/strong>&nbsp;entr\u00f3 a la sala. Como mam\u00e1 de Blas, la mujer brind\u00f3 detalles del cambio que sufri\u00f3 su vida y la de su hija despu\u00e9s de que Cinalli quedara detenido por el crimen.<\/p>\n\n\n\n<p>La mujer cont\u00f3 que padece de un problema de salud gen\u00e9tico, por el cual se oper\u00f3 hace 12 a\u00f1os, pero que su estado se complic\u00f3 a\u00fan m\u00e1s en el \u00faltimo tiempo con la aparici\u00f3n de un tumor.<\/p>\n\n\n\n<p>Ante el crudo relato, Blas no pudo evitar&nbsp;<strong>ponerse a llorar<\/strong>. Sentado detr\u00e1s de su madre, el joven escuchaba atentamente, mientras por momentos se tapaba la cara con el barbijo que ten\u00eda en sus manos.<\/p>\n\n\n\n<p>\u201cUn d\u00eda Blas vino con la propuesta de irse a Villa Gesell, y como hab\u00eda cumplido 18 a\u00f1os, por primera vez dej\u00e9 que se fuera solo. Yo soy abogada y hasta antes de que ocurriera el hecho, yo era sost\u00e9n de mi familia, pero ahora hasta mi hija mayor trabaja.&nbsp;<strong>Yo no quiero ni pensar lo que habr\u00e1n pasado los pap\u00e1s de Fernando, pero nosotros tambi\u00e9n sufrimos mucho<\/strong>\u201d, dijo, y esa \u00faltima frase motiv\u00f3 que&nbsp;<strong>Graciela Sosa&nbsp;<\/strong>y&nbsp;<strong>Silvino B\u00e1ez<\/strong>&nbsp;se retiraran de la sala.<\/p>\n\n\n\n<p>Sin embargo, lo m\u00e1s llamativo de todo fue que mientras Mar\u00eda Paula Cinalli hablaba,&nbsp;<strong>M\u00e1ximo Thomsen<\/strong>&nbsp;rompi\u00f3 en llanto. Sin reparos, empez\u00f3 a secarse las l\u00e1grimas que ca\u00edan por sus mejillas.<\/p>\n\n\n\n<p>Lo cierto es que Thomsen y Cinalli no fueron los \u00fanicos que se conmovieron con su relato, porque tambi\u00e9n llor\u00f3 fue&nbsp;<strong>Mar\u00eda Cinalli<\/strong>, la mam\u00e1 de Luciano y Ciro Pertossi, que es la hermana de Mar\u00eda Paula.<\/p>\n\n\n\n<h2 class=\"has-medium-font-size\"><strong>C\u00f3mo se gest\u00f3 la declaraci\u00f3n de Thomsen<\/strong><\/h2>\n\n\n\n<p>Despu\u00e9s de esta primera declaraci\u00f3n, la segunda irrupci\u00f3n fuerte de la jornada lleg\u00f3 de la mano de&nbsp;<strong>Rosal\u00eda Z\u00e1rate<\/strong>, la mam\u00e1 de Thomsen.<\/p>\n\n\n<div class=\"wp-block-image\">\n<figure class=\"aligncenter size-large\"><img decoding=\"async\" loading=\"lazy\" width=\"840\" height=\"471\" src=\"https:\/\/notinor.com\/jujuy\/wp-content\/uploads\/2023\/01\/image-143-840x471.png\" alt=\"\" class=\"wp-image-368444\" srcset=\"https:\/\/notinor.com\/jujuy\/wp-content\/uploads\/2023\/01\/image-143-840x471.png 840w, https:\/\/notinor.com\/jujuy\/wp-content\/uploads\/2023\/01\/image-143-651x365.png 651w, https:\/\/notinor.com\/jujuy\/wp-content\/uploads\/2023\/01\/image-143-500x280.png 500w, https:\/\/notinor.com\/jujuy\/wp-content\/uploads\/2023\/01\/image-143-768x430.png 768w, https:\/\/notinor.com\/jujuy\/wp-content\/uploads\/2023\/01\/image-143-750x420.png 750w, https:\/\/notinor.com\/jujuy\/wp-content\/uploads\/2023\/01\/image-143-1140x639.png 1140w, https:\/\/notinor.com\/jujuy\/wp-content\/uploads\/2023\/01\/image-143.png 1440w\" sizes=\"(max-width: 840px) 100vw, 840px\" \/><\/figure><\/div>\n\n\n<p>Como la se\u00f1ora ten\u00eda que declarar, a diferencia de otros familiares, nunca hab\u00eda estado en la sala como parte p\u00fablico, y este lunes fue la primera vez que vio cara a cara a su hijo mientras estaba sentado en el banquillo de los acusados.<\/p>\n\n\n\n<p>Para su entrada, M\u00e1ximo ya lloraba y bastante. \u201cCuando me enter\u00e9 lo que pas\u00f3, me fui a Gesell y al llegar me encontr\u00e9 con que estaba detenido. Por todo esto empec\u00e9 a tener ataques de p\u00e1nico. Me qued\u00e9 en la cama y no me levant\u00e9 m\u00e1s, lo hice reci\u00e9n cuando me dijeron que pod\u00eda verlo\u201d, sostuvo.<\/p>\n\n\n\n<p>Adem\u00e1s, explic\u00f3 que despu\u00e9s de que su hijo quedara preso, empez\u00f3 con dolores, y una vez que fue al m\u00e9dico, le dijeron que ten\u00eda c\u00e1ncer. \u201cHice todas las semanas quimio y ahora sigo con rayos. Lo \u00fanico que hago es ir al m\u00e9dico, hacer el tratamiento y salir para ver a mi hijo\u201d, asegur\u00f3, mientras a sus espaldas Thomsen segu\u00eda conmovido y, como pod\u00eda, con sus manos se tapaba el rostro para ocultar su llanto.<\/p>\n\n\n<div class=\"wp-block-image\">\n<figure class=\"aligncenter size-large\"><img decoding=\"async\" loading=\"lazy\" width=\"840\" height=\"473\" src=\"https:\/\/notinor.com\/jujuy\/wp-content\/uploads\/2023\/01\/image-144-840x473.png\" alt=\"\" class=\"wp-image-368445\" srcset=\"https:\/\/notinor.com\/jujuy\/wp-content\/uploads\/2023\/01\/image-144-840x473.png 840w, https:\/\/notinor.com\/jujuy\/wp-content\/uploads\/2023\/01\/image-144-649x365.png 649w, https:\/\/notinor.com\/jujuy\/wp-content\/uploads\/2023\/01\/image-144-768x432.png 768w, https:\/\/notinor.com\/jujuy\/wp-content\/uploads\/2023\/01\/image-144-750x422.png 750w, https:\/\/notinor.com\/jujuy\/wp-content\/uploads\/2023\/01\/image-144-1140x641.png 1140w, https:\/\/notinor.com\/jujuy\/wp-content\/uploads\/2023\/01\/image-144.png 1440w\" sizes=\"(max-width: 840px) 100vw, 840px\" \/><\/figure><\/div>\n\n\n<p>Despu\u00e9s de que Z\u00e1rate saliera de la sala, el momento de m\u00e1xima tensi\u00f3n comenz\u00f3 cuando Tomei le avis\u00f3 al tribunal que su defendido Thomsen&nbsp;<strong>quer\u00eda declarar<\/strong>.<\/p>\n\n\n\n<p>A simple vista, dentro del recinto muchos sintieron que la estrategia del defensor empezaba a desplegarse y que la intervenci\u00f3n de M\u00e1ximo era parte de algo previamente acordado.<\/p>\n\n\n\n<p>Si su decisi\u00f3n fue espont\u00e1nea o no, eso solo lo saben Tomei y su defendido. Lo que qued\u00f3 claro es que el imputado se dedic\u00f3 \u00fanicamente a responder preguntas sobre sus actos, y evit\u00f3 hablar del resto de los agresores. \u201cNo voy a responder nada sobre los dem\u00e1s\u201d, repiti\u00f3 varias veces.<\/p>\n\n\n\n<p>En este sentido, el sospechoso sostuvo que la golpiza en la puerta de Le Brique empez\u00f3 cuando quiso evitar que Ciro Pertossi se peleara con alguien y, repentinamente, recibi\u00f3 una trompada.<\/p>\n\n\n\n<p>\u201cCuando recibo un pi\u00f1a, reaccion\u00e9 pegando patadas. Pero jam\u00e1s en la vida lo hice con la intenci\u00f3n de matar a alguien\u201d, explic\u00f3 durante su declaraci\u00f3n, en la cual adem\u00e1s asegur\u00f3 que&nbsp;<strong>nunca se enter\u00f3 de que hab\u00edan matado a Fernando&nbsp;<\/strong>tras el ataque, y que reci\u00e9n se dio cuenta de lo ocurrido cuando la polic\u00eda fue a detenerlo junto al resto de los rugbiers.<\/p>\n","protected":false},"excerpt":{"rendered":"<p>El rugbier m\u00e1s complicado reconoci\u00f3 haber \u201cpegado patadas\u201d pero asegur\u00f3 que hab\u00eda tomado alcohol y que no est\u00e1 seguro de a qui\u00e9n golpe\u00f3. Antes, hab\u00eda hablado su mam\u00e1 ante el tribunal. Para la defensa de los rugbiers, la jornada de este lunes era&nbsp;muy esperada. Despu\u00e9s de que Luciano Pertossi&nbsp;hiciera una breve aclaraci\u00f3n ante el Tribunal [&hellip;]<\/p>\n","protected":false},"author":37,"featured_media":368442,"comment_status":"open","ping_status":"open","sticky":false,"template":"","format":"standard","meta":{"_stopmodifiedupdate":false,"_modified_date":"","inline_featured_image":false,"spay_email":"","jetpack_publicize_message":""},"categories":[3],"tags":[],"jetpack_featured_media_url":"https:\/\/notinor.com\/jujuy\/wp-content\/uploads\/2023\/01\/image-141.png","jetpack_publicize_connections":[],"_links":{"self":[{"href":"https:\/\/notinor.com\/jujuy\/wp-json\/wp\/v2\/posts\/368441"}],"collection":[{"href":"https:\/\/notinor.com\/jujuy\/wp-json\/wp\/v2\/posts"}],"about":[{"href":"https:\/\/notinor.com\/jujuy\/wp-json\/wp\/v2\/types\/post"}],"author":[{"embeddable":true,"href":"https:\/\/notinor.com\/jujuy\/wp-json\/wp\/v2\/users\/37"}],"replies":[{"embeddable":true,"href":"https:\/\/notinor.com\/jujuy\/wp-json\/wp\/v2\/comments?post=368441"}],"version-history":[{"count":2,"href":"https:\/\/notinor.com\/jujuy\/wp-json\/wp\/v2\/posts\/368441\/revisions"}],"predecessor-version":[{"id":368491,"href":"https:\/\/notinor.com\/jujuy\/wp-json\/wp\/v2\/posts\/368441\/revisions\/368491"}],"wp:featuredmedia":[{"embeddable":true,"href":"https:\/\/notinor.com\/jujuy\/wp-json\/wp\/v2\/media\/368442"}],"wp:attachment":[{"href":"https:\/\/notinor.com\/jujuy\/wp-json\/wp\/v2\/media?parent=368441"}],"wp:term":[{"taxonomy":"category","embeddable":true,"href":"https:\/\/notinor.com\/jujuy\/wp-json\/wp\/v2\/categories?post=368441"},{"taxonomy":"post_tag","embeddable":true,"href":"https:\/\/notinor.com\/jujuy\/wp-json\/wp\/v2\/tags?post=368441"}],"curies":[{"name":"wp","href":"https:\/\/api.w.org\/{rel}","templated":true}]}}