{"id":368438,"date":"2023-01-17T09:34:36","date_gmt":"2023-01-17T12:34:36","guid":{"rendered":"https:\/\/notinor.com\/jujuy\/?p=368438"},"modified":"2023-01-17T09:34:41","modified_gmt":"2023-01-17T12:34:41","slug":"gerardo-morales-inauguro-obras-de-pavimentacion-en-cuatro-localidades-del-ramal","status":"publish","type":"post","link":"https:\/\/notinor.com\/jujuy\/gerardo-morales-inauguro-obras-de-pavimentacion-en-cuatro-localidades-del-ramal\/","title":{"rendered":"Gerardo Morales inaugur\u00f3 obras de pavimentaci\u00f3n en cuatro localidades del Ramal"},"content":{"rendered":"\n<p><strong><em>El Gobernador de la Provincia encabez\u00f3 los actos inaugurales de obras de mejora integral de red vial urbana en La Esperanza, Arrayanal, El Piquete y La Mendieta, las cuales fueron ejecutadas con financiamiento aportado por JEMSE y gestiones comunales.<\/em><\/strong><\/p>\n\n\n<div class=\"wp-block-image\">\n<figure class=\"aligncenter size-large\"><img decoding=\"async\" loading=\"lazy\" width=\"719\" height=\"480\" src=\"https:\/\/notinor.com\/jujuy\/wp-content\/uploads\/2023\/01\/image-140-719x480.png\" alt=\"\" class=\"wp-image-368439\" srcset=\"https:\/\/notinor.com\/jujuy\/wp-content\/uploads\/2023\/01\/image-140-719x480.png 719w, https:\/\/notinor.com\/jujuy\/wp-content\/uploads\/2023\/01\/image-140-547x365.png 547w, https:\/\/notinor.com\/jujuy\/wp-content\/uploads\/2023\/01\/image-140-768x513.png 768w, https:\/\/notinor.com\/jujuy\/wp-content\/uploads\/2023\/01\/image-140-750x501.png 750w, https:\/\/notinor.com\/jujuy\/wp-content\/uploads\/2023\/01\/image-140-1140x761.png 1140w, https:\/\/notinor.com\/jujuy\/wp-content\/uploads\/2023\/01\/image-140.png 1200w\" sizes=\"(max-width: 719px) 100vw, 719px\" \/><\/figure><\/div>\n\n\n<p>Gerardo Morales inaugur\u00f3 <strong>obras de pavimentaci\u00f3n de distintas arterias en las localidades de La Esperanza, Arrayanal, El Piquete y La Mendieta<\/strong>, concretadas con financiamiento aportado por la empresa estatal Jujuy Energ\u00eda y Miner\u00eda (JEMSE) por un monto global superior a los <strong>$51.686.000<\/strong> y aportes municipales.<\/p>\n\n\n\n<p>El mandatario provincial estuvo acompa\u00f1ado por los ministros de Desarrollo Humano, Alejandra Mart\u00ednez; y de Trabajo y Empleo, Gaspar Santill\u00e1n; el ministro de Seguridad, Luis Mart\u00edn y los secretarios de Gobierno, Carlos Amaya; y de Justicia, Javier Gronda; los jefes comunales de El Piquete, Ariel Ortiz; de Arrayanal, Ernesto Vargas; de La Esperanza, Ram\u00f3n Carrizo; y de La Mendieta, Ricardo Farf\u00e1n; entre otros.<\/p>\n\n\n\n<p><strong>\u201cCON EL CORAZ\u00d3N EN JUJUY\u201d<\/strong><\/p>\n\n\n\n<p>En La Esperanza, procedi\u00f3 a inaugurar la pavimentaci\u00f3n de las calles Walterio Leach y Mart\u00edn Molina, con una<strong> inversi\u00f3n de $13.000.000.\u00a0<\/strong><\/p>\n\n\n\n<p>\u201cEs un gusto inaugurar estas obras que mejoran la calidad de vida de los juje\u00f1os\u201d, sostuvo Morales y resalt\u00f3 que \u201ctrabajamos para optimizar todo lo que hace a obras y servicios p\u00fablicos\u201d, para luego garantizar que continuar\u00e1 con \u201cuna fuerte labor a favor del crecimiento de la provincia, con el coraz\u00f3n siempre puesto en Jujuy\u201d.&nbsp;<\/p>\n\n\n\n<p>Carrizo se pronunci\u00f3 en agradecimiento al gobernador \u201cpor las gestiones y el trabajo continuo en toda la provincia\u201d y record\u00f3 \u201cel cambio que puso en marcha en Jujuy\u201d, en el marco de un proceso que \u201choy se materializa en sue\u00f1os que se hicieron realidad\u201d.&nbsp;<\/p>\n\n\n\n<p>Tambi\u00e9n estim\u00f3 pertinente citar la multiplicidad de obras realizadas en La Esperanza, entre ellas cloacas, tinglado, plazoletas, luminaria y cableados, a las cuales se agregan las obras autorizadas del natatorio municipal, red cloacal en Parapet\u00ed, juegos infantiles y cord\u00f3n cuneta en barrio Azucarero.&nbsp;<\/p>\n\n\n\n<p><strong>\u201cUNA GESTI\u00d3N GRANDE\u201d\u00a0<\/strong><\/p>\n\n\n\n<p>En El Piquete, Morales dej\u00f3 inaugurada la pavimentaci\u00f3n de las calles Jujuy y Formosa, con una <strong>inversi\u00f3n de $14.500.000.\u00a0<\/strong><\/p>\n\n\n\n<p>Adem\u00e1s, anticip\u00f3 obras sobre avenida Chaco que se suman a las refacciones de la Escuela N\u00ba 338, el jard\u00edn maternal anexo y el establecimiento de la Agrot\u00e9cnica N\u00ba 2.&nbsp;<\/p>\n\n\n\n<p>\u201cRenovamos nuestro compromiso como gobierno provincial de trabajar junto a todos los municipios y comisiones municipales\u201d, expres\u00f3.&nbsp;<\/p>\n\n\n\n<p>Ortiz, consider\u00f3 oportuno enfatizar que \u201cestas obras hacen grande a la gesti\u00f3n provincial\u201d y exterioriz\u00f3 su orgullo por \u201ctener un gobernador que atiende todas las necesidades de los juje\u00f1os\u201d.&nbsp;<\/p>\n\n\n\n<p>\u201c<strong>SEGUIR JUNTOS\u201d\u00a0<\/strong><\/p>\n\n\n\n<p>En Arrayanal inaugur\u00f3 el pavimento de la calle C\u00f3rdoba, con una obra que demand\u00f3 una <strong>inversi\u00f3n de $11.655.413<\/strong>. Tambi\u00e9n anunci\u00f3 que est\u00e1n en proceso gestiones para que los vecinos cuenten con un natatorio p\u00fablico, al igual que los tr\u00e1mites necesarios para regularizar la entrega y propiedad de lotes a trabajadores.\u00a0<\/p>\n\n\n\n<p>\u201cSeguiremos haciendo m\u00e1s pavimento y<strong> mejorando la calidad de vida de todos los juje\u00f1os\u201d,<\/strong> asegur\u00f3 Morales para luego remarcar su objetivo de \u201cseguir trabajando juntos en cada pueblo de la provincia con valor y decisi\u00f3n\u201d.\u00a0<\/p>\n\n\n\n<p>Asimismo, ponder\u00f3 \u201cla disponibilidad de recursos provinciales propios para destinarlos a la concreci\u00f3n de obra p\u00fablica\u201d, con flujos provenientes de la venta de energ\u00eda limpia que produce la planta solar Cauchari y otros que son producto de una gesti\u00f3n transparente, seria y responsable que cuida los intereses de los juje\u00f1os.&nbsp;<\/p>\n\n\n\n<p>Vargas refiri\u00f3 a las obras de pavimentaci\u00f3n asegurando que \u201cesto es gesti\u00f3n\u201d y agreg\u00f3 que \u201ctenemos muchos proyectos que haremos realidad con el acompa\u00f1amiento del gobierno provincial\u201d.&nbsp;<\/p>\n\n\n\n<p>\u201c<strong>PAZ TRANSFORMADA EN PROGRESO\u201d\u00a0<\/strong><\/p>\n\n\n\n<p>Finalmente, en La Mendieta el gobernador inaugur\u00f3 el pavimento de calles del barrio Las Aves, con una<strong> inversi\u00f3n de $12.536.280.<\/strong> En este lugar, tambi\u00e9n lanz\u00f3 el programa \u201cEscuelas de Verano\u201d, concebido para promover la revinculaci\u00f3n de ni\u00f1os, ni\u00f1as y adolescentes durante el receso estival.\u00a0<\/p>\n\n\n\n<p>En la oportunidad, Morales convoc\u00f3 a asumir el desaf\u00edo de \u201cseguir trabajando igual que el primer d\u00eda de gesti\u00f3n por todos los juje\u00f1os, apostando al crecimiento de Jujuy bajo el concepto de un gobierno presente\u201d.&nbsp;<\/p>\n\n\n\n<p>Recalc\u00f3 que para ello \u201ctenemos paz, convivencia respetuosa y energ\u00eda para seguir haciendo cosas\u201d.&nbsp;<\/p>\n\n\n\n<p>A su turno, la ministra Mart\u00ednez enfatiz\u00f3 que, a trav\u00e9s de Escuelas de Verano,<strong> \u201capuntamos al desarrollo humano como un derecho\u201d <\/strong>e indic\u00f3 que el gobernador Morales \u201cve en cada lugar una oportunidad, mientras los dem\u00e1s no ven nada\u201d.\u00a0<\/p>\n\n\n\n<p>Asimismo, afirm\u00f3 que \u201cla escuela p\u00fablica es sin\u00f3nimo de ascenso social\u201d y por este motivo \u201cse concentran esfuerzos en el est\u00edmulo de capacidades, habilidades y competencias de todas las personas\u201d.&nbsp;<\/p>\n\n\n\n<p>Farf\u00e1n sostuvo que<strong> \u201cdimos un paso adelante con muchas obras en 2022\u201d<\/strong>, apuntando que \u201ca partir de la paz recuperada en 2015, lleg\u00f3 el progreso para toda la provincia\u201d.\u00a0<\/p>\n\n\n\n<p>Subray\u00f3 que \u201ccontinuaremos con el ejemplo del gobernador Morales de estar al lado del vecino\u201d y se\u00f1al\u00f3 que \u201ccon gesti\u00f3n estamos mejorando la calidad de vida de todos\u201d.&nbsp;<\/p>\n\n\n\n<p>Por \u00faltimo, exterioriz\u00f3 su agradecimiento al gobernador quien facilit\u00f3 el viaje de 60 ni\u00f1os a Santiago del Estero para ser parte de una competencia deportiva.<\/p>\n","protected":false},"excerpt":{"rendered":"<p>El Gobernador de la Provincia encabez\u00f3 los actos inaugurales de obras de mejora integral de red vial urbana en La Esperanza, Arrayanal, El Piquete y La Mendieta, las cuales fueron ejecutadas con financiamiento aportado por JEMSE y gestiones comunales. Gerardo Morales inaugur\u00f3 obras de pavimentaci\u00f3n de distintas arterias en las localidades de La Esperanza, Arrayanal, [&hellip;]<\/p>\n","protected":false},"author":37,"featured_media":368439,"comment_status":"open","ping_status":"open","sticky":false,"template":"","format":"standard","meta":{"_stopmodifiedupdate":false,"_modified_date":"","inline_featured_image":false,"spay_email":"","jetpack_publicize_message":""},"categories":[4],"tags":[],"jetpack_featured_media_url":"https:\/\/notinor.com\/jujuy\/wp-content\/uploads\/2023\/01\/image-140.png","jetpack_publicize_connections":[],"_links":{"self":[{"href":"https:\/\/notinor.com\/jujuy\/wp-json\/wp\/v2\/posts\/368438"}],"collection":[{"href":"https:\/\/notinor.com\/jujuy\/wp-json\/wp\/v2\/posts"}],"about":[{"href":"https:\/\/notinor.com\/jujuy\/wp-json\/wp\/v2\/types\/post"}],"author":[{"embeddable":true,"href":"https:\/\/notinor.com\/jujuy\/wp-json\/wp\/v2\/users\/37"}],"replies":[{"embeddable":true,"href":"https:\/\/notinor.com\/jujuy\/wp-json\/wp\/v2\/comments?post=368438"}],"version-history":[{"count":1,"href":"https:\/\/notinor.com\/jujuy\/wp-json\/wp\/v2\/posts\/368438\/revisions"}],"predecessor-version":[{"id":368440,"href":"https:\/\/notinor.com\/jujuy\/wp-json\/wp\/v2\/posts\/368438\/revisions\/368440"}],"wp:featuredmedia":[{"embeddable":true,"href":"https:\/\/notinor.com\/jujuy\/wp-json\/wp\/v2\/media\/368439"}],"wp:attachment":[{"href":"https:\/\/notinor.com\/jujuy\/wp-json\/wp\/v2\/media?parent=368438"}],"wp:term":[{"taxonomy":"category","embeddable":true,"href":"https:\/\/notinor.com\/jujuy\/wp-json\/wp\/v2\/categories?post=368438"},{"taxonomy":"post_tag","embeddable":true,"href":"https:\/\/notinor.com\/jujuy\/wp-json\/wp\/v2\/tags?post=368438"}],"curies":[{"name":"wp","href":"https:\/\/api.w.org\/{rel}","templated":true}]}}