{"id":368296,"date":"2023-01-16T17:56:48","date_gmt":"2023-01-16T20:56:48","guid":{"rendered":"https:\/\/notinor.com\/jujuy\/?p=368296"},"modified":"2023-01-16T17:56:51","modified_gmt":"2023-01-16T20:56:51","slug":"carrio-denuncio-penalmente-a-alberto-fernandez-massa-y-tombolini-por-el-uso-de-grupos-parapoliciales-en-el-control-de-precios","status":"publish","type":"post","link":"https:\/\/notinor.com\/jujuy\/carrio-denuncio-penalmente-a-alberto-fernandez-massa-y-tombolini-por-el-uso-de-grupos-parapoliciales-en-el-control-de-precios\/","title":{"rendered":"Carri\u00f3 denunci\u00f3 penalmente a Alberto Fern\u00e1ndez, Massa y Tombolini por el uso de \"grupos parapoliciales\" en el control de precios"},"content":{"rendered":"\n<p class=\"has-medium-font-size\"><strong><em>En la denuncia los acusa de los delitos de Incumplimiento de funcionarios p\u00fablicos, abuso de autoridad, intimidaci\u00f3n p\u00fablica e instigaci\u00f3n a cometer delitos.<\/em><\/strong><\/p>\n\n\n\n<figure class=\"wp-block-image size-full\"><img decoding=\"async\" loading=\"lazy\" width=\"606\" height=\"408\" src=\"https:\/\/notinor.com\/jujuy\/wp-content\/uploads\/2023\/01\/0170.png\" alt=\"\" class=\"wp-image-368297\" srcset=\"https:\/\/notinor.com\/jujuy\/wp-content\/uploads\/2023\/01\/0170.png 606w, https:\/\/notinor.com\/jujuy\/wp-content\/uploads\/2023\/01\/0170-542x365.png 542w\" sizes=\"(max-width: 606px) 100vw, 606px\" \/><\/figure>\n\n\n\n<p>La l\u00edder de la Coalici\u00f3n C\u00edvica,<strong> Elisa Carri\u00f3, formaliz\u00f3 este lunes una denuncia penal contra el presidente Alberto Fern\u00e1ndez; el ministro de Econom\u00eda, Sergio Massa; y el secretario de Comercio, Mat\u00edas Tombolini; por el accionar del Gobierno de usar piqueteros y camioneros en el control de precios <\/strong>como si fueran \"grupos parapoliciales\".<\/p>\n\n\n\n<p>En sus redes sociales, apunt\u00f3 contra el Presidente, el Ministro de Econom\u00eda y el Secretario de Comercio Interior. \"<strong>Massa, Tombolini y Fern\u00e1ndez est\u00e1n quebrando el estado de derecho incitando a la violencia y creando grupos parapoliciales.<\/strong> Hoy se hace la denuncia penal\", poste\u00f3 esta ma\u00f1ana.<\/p>\n\n\n\n<p>La presentaci\u00f3n judicial <strong>apunta contra los tres funcionarios mencionados en el mensaje subido a Twitter. <\/strong>A\u00fan no se confirm\u00f3 cu\u00e1l ser\u00e1 el delito de la acusaci\u00f3n.<\/p>\n\n\n\n<p>Distintos<strong> referentes de la Coalici\u00f3n C\u00edvica apoyaron la iniciativa de Carri\u00f3<\/strong>. \"<strong>Un pa\u00eds al margen de la ley<\/strong>. Como no tienen un plan consistente ahora arman grupos de choque para estatales para el control de precios. Desde la CCARI nos presentaremos a la justicia para que se impidan estos aprietes\", afirm\u00f3 el diputado Maxi Ferraro.<\/p>\n\n\n\n<p>Tambi\u00e9n se pronunci\u00f3 la diputada nacional por la Provincia de Buenos Aires, M\u00f3nica Frade, quien sostuvo: \"<strong>Todo dentro del Estado de Derecho. Nada fuera de este. Massa y Tombolini empoderaron a grupos de antecedentes violentos<\/strong>, en un peligroso camino que desde la CC no avalaremos. Ma\u00f1ana ser\u00e1 tarde. La Justicia tendr\u00e1 que hacerse cargo de impedirlo, en eso trabajamos.\"<\/p>\n\n\n\n<p><strong>A la colaboraci\u00f3n del sindicato camionero para el control del programa Precios Justos, que despert\u00f3 una fuerte pol\u00e9mica en la oposici\u00f3n y el empresariado, el Gobierno tambi\u00e9n sum\u00f3 a los movimientos sociales<\/strong> afines que durante la segunda quincena de enero se someten a una serie de capacitaciones barriales.<\/p>\n\n\n\n<p>Se trata, en principio, de<strong> la agrupaci\u00f3n Somos Barrios de Pie, liderada por Daniel Men\u00e9ndez,<\/strong> con fuerte presencia en el territorio -en especial en el Gran Buenos Aires-, que adem\u00e1s trabaja como subsecretario de Pol\u00edticas de Integraci\u00f3n y Formaci\u00f3n del Ministerio de Desarrollo Social.<\/p>\n\n\n\n<p>\"<strong>Nos pusimos a disposici\u00f3n. Hay un desfasaje en los precios en los barrios populares. La idea es difundir la aplicaci\u00f3n\", explicaron desde Somos Barrios de Pie<\/strong>. Seg\u00fan resaltaron, habr\u00e1 una mayor actividad de la organizaci\u00f3n en las pr\u00f3ximas semanas, a partir de los \u00faltimos d\u00edas de enero y desde febrero.<\/p>\n\n\n\n<p>La incorporaci\u00f3n de los movimientos sociales a la auditor\u00eda del programa Precios Justos que Massa anunci\u00f3 en noviembre como la resoluci\u00f3n de \"uno de los problemas de la inflaci\u00f3n\" llega en plena pol\u00e9mica por la labor del sindicato camionero, controlado por la familia Moyano, en la fiscalizaci\u00f3n de los art\u00edculos de la canasta b\u00e1sica.<\/p>\n\n\n\n<p><strong>La participaci\u00f3n de Camioneros fue justificada por Tombolini. \"Junto a Pablo Moyano sumamos la colaboraci\u00f3n de @cgt_camioneros para que los trabajadores de la rama log\u00edstica del gremio aporten en la verificaci\u00f3n del cumplimiento<\/strong>\", resumi\u00f3 el funcionario despu\u00e9s de reunirse con el secretario de la CGT y de denunciar a algunas de las grandes cadenas de supermercados por \"faltantes de stock por posibles desv\u00edos de productos\". Por eso el involucramiento de Borda, un gremialista de confianza de los Moyano.<\/p>\n\n\n\n<p><strong>Tombolini, sin embargo, remarc\u00f3 que el control seguir\u00e1 en manos del Estado<\/strong>: \"Es una facultad indelegable\", escribi\u00f3 en Twitter.<\/p>\n\n\n\n<p>Adem\u00e1s de Camioneros y de Barrios de Pie, en las \u00faltimas horas hab\u00eda <strong>trascendido la posibilidad de que ATE, el gremio que nuclea a los trabajadores del Estado, tambi\u00e9n se plegara a la iniciativa.<\/strong> Hugo \"Cachorro\" Godoy, secretario general del sindicato, asegur\u00f3 que a\u00fan no hab\u00edan \"recibido ninguna invitaci\u00f3n\".<\/p>\n","protected":false},"excerpt":{"rendered":"<p>En la denuncia los acusa de los delitos de Incumplimiento de funcionarios p\u00fablicos, abuso de autoridad, intimidaci\u00f3n p\u00fablica e instigaci\u00f3n a cometer delitos. La l\u00edder de la Coalici\u00f3n C\u00edvica, Elisa Carri\u00f3, formaliz\u00f3 este lunes una denuncia penal contra el presidente Alberto Fern\u00e1ndez; el ministro de Econom\u00eda, Sergio Massa; y el secretario de Comercio, Mat\u00edas Tombolini; [&hellip;]<\/p>\n","protected":false},"author":54,"featured_media":368297,"comment_status":"closed","ping_status":"closed","sticky":false,"template":"","format":"standard","meta":{"_stopmodifiedupdate":false,"_modified_date":"","inline_featured_image":false,"spay_email":"","jetpack_publicize_message":""},"categories":[5],"tags":[],"jetpack_featured_media_url":"https:\/\/notinor.com\/jujuy\/wp-content\/uploads\/2023\/01\/0170.png","jetpack_publicize_connections":[],"_links":{"self":[{"href":"https:\/\/notinor.com\/jujuy\/wp-json\/wp\/v2\/posts\/368296"}],"collection":[{"href":"https:\/\/notinor.com\/jujuy\/wp-json\/wp\/v2\/posts"}],"about":[{"href":"https:\/\/notinor.com\/jujuy\/wp-json\/wp\/v2\/types\/post"}],"author":[{"embeddable":true,"href":"https:\/\/notinor.com\/jujuy\/wp-json\/wp\/v2\/users\/54"}],"replies":[{"embeddable":true,"href":"https:\/\/notinor.com\/jujuy\/wp-json\/wp\/v2\/comments?post=368296"}],"version-history":[{"count":1,"href":"https:\/\/notinor.com\/jujuy\/wp-json\/wp\/v2\/posts\/368296\/revisions"}],"predecessor-version":[{"id":368298,"href":"https:\/\/notinor.com\/jujuy\/wp-json\/wp\/v2\/posts\/368296\/revisions\/368298"}],"wp:featuredmedia":[{"embeddable":true,"href":"https:\/\/notinor.com\/jujuy\/wp-json\/wp\/v2\/media\/368297"}],"wp:attachment":[{"href":"https:\/\/notinor.com\/jujuy\/wp-json\/wp\/v2\/media?parent=368296"}],"wp:term":[{"taxonomy":"category","embeddable":true,"href":"https:\/\/notinor.com\/jujuy\/wp-json\/wp\/v2\/categories?post=368296"},{"taxonomy":"post_tag","embeddable":true,"href":"https:\/\/notinor.com\/jujuy\/wp-json\/wp\/v2\/tags?post=368296"}],"curies":[{"name":"wp","href":"https:\/\/api.w.org\/{rel}","templated":true}]}}