{"id":368292,"date":"2023-01-16T17:49:55","date_gmt":"2023-01-16T20:49:55","guid":{"rendered":"https:\/\/notinor.com\/jujuy\/?p=368292"},"modified":"2023-01-16T17:50:00","modified_gmt":"2023-01-16T20:50:00","slug":"resistencia-ancestral-mapuche-se-adjudico-la-autoriia-de-un-incendio-en-chubut","status":"publish","type":"post","link":"https:\/\/notinor.com\/jujuy\/resistencia-ancestral-mapuche-se-adjudico-la-autoriia-de-un-incendio-en-chubut\/","title":{"rendered":"Resistencia Ancestral Mapuche se adjudic\u00f3 la autori\u00eda de un incendio en Chubut"},"content":{"rendered":"\n<p class=\"has-medium-font-size\"><strong><em>Los bomberos trabajan contra reloj en la localidad de El Hoyo. El siniestro ya consumi\u00f3 cerca de 20 hect\u00e1reas de vegetaci\u00f3n aut\u00f3ctona<\/em><\/strong> <strong><em>y una vivienda familiar<\/em><\/strong><\/p>\n\n\n\n<figure class=\"wp-block-image size-large\"><img decoding=\"async\" loading=\"lazy\" width=\"709\" height=\"480\" src=\"https:\/\/notinor.com\/jujuy\/wp-content\/uploads\/2023\/01\/0169-709x480.png\" alt=\"\" class=\"wp-image-368293\" srcset=\"https:\/\/notinor.com\/jujuy\/wp-content\/uploads\/2023\/01\/0169-709x480.png 709w, https:\/\/notinor.com\/jujuy\/wp-content\/uploads\/2023\/01\/0169-539x365.png 539w, https:\/\/notinor.com\/jujuy\/wp-content\/uploads\/2023\/01\/0169.png 722w\" sizes=\"(max-width: 709px) 100vw, 709px\" \/><\/figure>\n\n\n\n<p><strong>Un incendio de magnitud tiene en vilo a un barrio de la localidad chubutense de El Hoyo, el cual arras\u00f3 con una vivienda y ya consumi\u00f3 cerca de 20 hect\u00e1reas<\/strong> de vegetaci\u00f3n aut\u00f3ctona. Mientras <strong>m\u00e1s de un centenar de combatientes y medios a\u00e9reos intentan frenar el avance de las llamas, aparecieron panfletos en los que la agrupaci\u00f3n Resistencia Ancestral Mapuche <\/strong>(RAM) se adjudicar\u00eda el inicio de las llamas.<\/p>\n\n\n\n<p>No obstante, fuentes vinculadas al gobierno de Chubut aseguran que \u201c<strong>si bien hay indicios de intencionalidad, es imposible determinar si la agrupaci\u00f3n mapuche est\u00e1 vinculada<\/strong> al origen del siniestro\u201d.<\/p>\n\n\n\n<p>Los lugare\u00f1os exhibieron una hoja con inscripciones mapuches que habr\u00eda aparecido en el sitio del incendio aunque el papel est\u00e1 intacto. \u201c<strong>El fuego est\u00e1 activo, arras\u00f3 con una vivienda y oblig\u00f3 a evacuar a unas 60 personas, <\/strong>dif\u00edcilmente una hoja hubiese soportado el avance del fuego\u201d, dijeron<\/p>\n\n\n\n<p><strong>El incendio se desat\u00f3 este domingo en el cerro Currumahuida,<\/strong> en inmediaciones al poblado chubutense, y demand\u00f3 la conformaci\u00f3n de un Comit\u00e9 de Emergencias para atender la situaci\u00f3n.<\/p>\n\n\n\n<p>El intendente de El Hoyo, Paul Huisman, confirm\u00f3 que este domingo a la noche se realiz\u00f3 la primera reuni\u00f3n del Comit\u00e9 \u201cen la que se analiz\u00f3 que <strong>existen elementos para determinar que el fuego comenz\u00f3 de manera intencional,<\/strong> aunque los investigadores trabajan para poder determinarlo. Todas las afirmaciones que hay al respecto, son un cuento chino\u201d.<\/p>\n\n\n\n<p>La \u00fanica vivienda que result\u00f3 afectada est\u00e1 ubicada en el barrio El Sauzal. Huisman, en di\u00e1logo con este medio, asegur\u00f3 que se contact\u00f3 con los familiares \u201cpara atender las necesidades m\u00e1s urgentes\u201d.<\/p>\n\n\n\n<p><strong>Tres hidroaviones y dos helic\u00f3pteros se desplazaron a la zona para combatir el fuego desde el aire,<\/strong> mientras que un centenar de combatientes de distintos organismos trabaja por tierra con el mismo objetivo.<\/p>\n\n\n\n<p>El gobierno provincial inform\u00f3 que el Ministro de Seguridad, Miguel Castro, trabaja en el territorio y coordina junto a la Polic\u00eda los operativos para obtener indicios que permitan establecer si las llamas fueron intencionales y en caso de confirmar esa hip\u00f3tesis, identificar a los autores.<\/p>\n\n\n\n<p><strong>\u201cLiberaci\u00f3n y reconstrucci\u00f3n nacional mapuche. Este es un aviso a la poblaci\u00f3n de toda la Comarca Andina: no pararemos hasta que la Patagonia arda y recuperemos nuestro territorio. Esto es tierra sagrada del RAM. Invasores no tienen permitido habitar en tierras ancestrales\u201d <\/strong>dice el texto que comenz\u00f3 a circular a trav\u00e9s de las redes sociales.<\/p>\n\n\n\n<figure class=\"wp-block-image size-large\"><img decoding=\"async\" loading=\"lazy\" width=\"546\" height=\"480\" src=\"https:\/\/notinor.com\/jujuy\/wp-content\/uploads\/2023\/01\/0168-546x480.png\" alt=\"\" class=\"wp-image-368294\" srcset=\"https:\/\/notinor.com\/jujuy\/wp-content\/uploads\/2023\/01\/0168-546x480.png 546w, https:\/\/notinor.com\/jujuy\/wp-content\/uploads\/2023\/01\/0168-415x365.png 415w, https:\/\/notinor.com\/jujuy\/wp-content\/uploads\/2023\/01\/0168.png 723w\" sizes=\"(max-width: 546px) 100vw, 546px\" \/><\/figure>\n\n\n\n<p>Los vecinos de la zona afectada aseguran haber visto a un hombre en motocicleta que habr\u00eda iniciado el incendio, tras arrojar una antorcha en un sector de abundante vegetaci\u00f3n.<\/p>\n\n\n\n<p><strong>El Servicio Provincial de Manejo del Fuego (SPMF)<\/strong> indic\u00f3 que el incendio se encuentra activo. La zona fue dividida en seis sectores en los que trabajan unos 135 brigadistas, tanto del SPMF del norte de Chubut como de la Brigada Nacional del SNMF, el SPLIF de El Bols\u00f3n, la Brigada del Parque Nacional Lago Puelo, bomberos de El Hoyo y brigadas de Golondrinas, El Mait\u00e9n, Epuy\u00e9n y Cholila.<\/p>\n\n\n\n<p>Durante el d\u00eda se sumar\u00e1 al combate el potente helic\u00f3ptero Chinook \u2013 que hab\u00eda sido trasladado a la localidad de San Mart\u00edn de los Andes \u2013 el cual arroja 10 mil litros de agua en cada lanzamiento.<\/p>\n\n\n\n<p>\u201c<strong>Estamos esperando el arribo de este helic\u00f3ptero contratado por el Ministerio de Ambiente y Desarrollo Sostenible de la Naci\u00f3n<\/strong>\u201d dijeron fuentes comunales de El Hoyo.<\/p>\n\n\n\n<p>Por su parte, <strong>el senador chubutense del PRO Ignacio Torres le pidi\u00f3 al Gobierno que declare la emergencia \u00edgnea y act\u00fae urgente para frenar el avance del incendio<\/strong>. \u201cEl a\u00f1o pasado, estos mismos grupos violentos atentaron contra una oficina de la Direcci\u00f3n de Bosques en el paraje El Pedregoso. No obstante, frente la inacci\u00f3n del gobierno, estos incendios se siguen sucediendo y los conflictos siguen escalando\u201d, afirm\u00f3.<\/p>\n","protected":false},"excerpt":{"rendered":"<p>Los bomberos trabajan contra reloj en la localidad de El Hoyo. El siniestro ya consumi\u00f3 cerca de 20 hect\u00e1reas de vegetaci\u00f3n aut\u00f3ctona y una vivienda familiar Un incendio de magnitud tiene en vilo a un barrio de la localidad chubutense de El Hoyo, el cual arras\u00f3 con una vivienda y ya consumi\u00f3 cerca de 20 [&hellip;]<\/p>\n","protected":false},"author":54,"featured_media":368293,"comment_status":"closed","ping_status":"closed","sticky":false,"template":"","format":"standard","meta":{"_stopmodifiedupdate":false,"_modified_date":"","inline_featured_image":false,"spay_email":"","jetpack_publicize_message":""},"categories":[5],"tags":[],"jetpack_featured_media_url":"https:\/\/notinor.com\/jujuy\/wp-content\/uploads\/2023\/01\/0169.png","jetpack_publicize_connections":[],"_links":{"self":[{"href":"https:\/\/notinor.com\/jujuy\/wp-json\/wp\/v2\/posts\/368292"}],"collection":[{"href":"https:\/\/notinor.com\/jujuy\/wp-json\/wp\/v2\/posts"}],"about":[{"href":"https:\/\/notinor.com\/jujuy\/wp-json\/wp\/v2\/types\/post"}],"author":[{"embeddable":true,"href":"https:\/\/notinor.com\/jujuy\/wp-json\/wp\/v2\/users\/54"}],"replies":[{"embeddable":true,"href":"https:\/\/notinor.com\/jujuy\/wp-json\/wp\/v2\/comments?post=368292"}],"version-history":[{"count":1,"href":"https:\/\/notinor.com\/jujuy\/wp-json\/wp\/v2\/posts\/368292\/revisions"}],"predecessor-version":[{"id":368295,"href":"https:\/\/notinor.com\/jujuy\/wp-json\/wp\/v2\/posts\/368292\/revisions\/368295"}],"wp:featuredmedia":[{"embeddable":true,"href":"https:\/\/notinor.com\/jujuy\/wp-json\/wp\/v2\/media\/368293"}],"wp:attachment":[{"href":"https:\/\/notinor.com\/jujuy\/wp-json\/wp\/v2\/media?parent=368292"}],"wp:term":[{"taxonomy":"category","embeddable":true,"href":"https:\/\/notinor.com\/jujuy\/wp-json\/wp\/v2\/categories?post=368292"},{"taxonomy":"post_tag","embeddable":true,"href":"https:\/\/notinor.com\/jujuy\/wp-json\/wp\/v2\/tags?post=368292"}],"curies":[{"name":"wp","href":"https:\/\/api.w.org\/{rel}","templated":true}]}}