{"id":368204,"date":"2023-01-15T10:32:55","date_gmt":"2023-01-15T13:32:55","guid":{"rendered":"https:\/\/notinor.com\/jujuy\/?p=368204"},"modified":"2023-01-15T10:36:26","modified_gmt":"2023-01-15T13:36:26","slug":"alertan-que-por-la-sequia-subiran-los-precios-de-la-carne-frutas-y-verduras","status":"publish","type":"post","link":"https:\/\/notinor.com\/jujuy\/alertan-que-por-la-sequia-subiran-los-precios-de-la-carne-frutas-y-verduras\/","title":{"rendered":"Alertan que por la sequ\u00eda subir\u00e1n los precios de la carne, frutas y verduras"},"content":{"rendered":"\n<p class=\"has-medium-font-size\"><strong><em>Seg\u00fan Ignacio M\u00e1ntaras, presidente de la Sociedad Rural de Santa Fe, habr\u00e1 un salto en los precios muy pronunciado en el corto plazo.<\/em><\/strong><\/p>\n\n\n<div class=\"wp-block-image\">\n<figure class=\"aligncenter size-large\"><img decoding=\"async\" loading=\"lazy\" width=\"840\" height=\"469\" src=\"https:\/\/notinor.com\/jujuy\/wp-content\/uploads\/2023\/01\/VERDURAS-1-840x469.jpg\" alt=\"\" class=\"wp-image-368208\" srcset=\"https:\/\/notinor.com\/jujuy\/wp-content\/uploads\/2023\/01\/VERDURAS-1-840x469.jpg 840w, https:\/\/notinor.com\/jujuy\/wp-content\/uploads\/2023\/01\/VERDURAS-1-653x365.jpg 653w, https:\/\/notinor.com\/jujuy\/wp-content\/uploads\/2023\/01\/VERDURAS-1-500x280.jpg 500w, https:\/\/notinor.com\/jujuy\/wp-content\/uploads\/2023\/01\/VERDURAS-1-768x429.jpg 768w, https:\/\/notinor.com\/jujuy\/wp-content\/uploads\/2023\/01\/VERDURAS-1-750x419.jpg 750w, https:\/\/notinor.com\/jujuy\/wp-content\/uploads\/2023\/01\/VERDURAS-1.jpg 938w\" sizes=\"(max-width: 840px) 100vw, 840px\" \/><\/figure><\/div>\n\n\n<p><\/p>\n\n\n\n<p>La\u00a0sequ\u00eda,\u00a0que lleva tres a\u00f1os en esta regi\u00f3n y a\u00fan permanece en pleno desarrollo, est\u00e1 provocando una crisis que va a afectar la econom\u00eda argentina porque\u00a0<strong>en el corto plazo habr\u00e1 una escalada de precios en carnes, verduras y frutas.<\/strong><\/p>\n\n\n\n<p>\"La mortandad de animales, que se est\u00e1 dando a ra\u00edz de la sequ\u00eda, har\u00e1 que la cadena de producci\u00f3n c\u00e1rnica se vea interrumpida porque va a faltar oferta. Entonces,<strong> se <\/strong>puede advertir que <strong>la carne al mostrador va a tener un salto muy pronunciado en el corto plazo\",<\/strong>&nbsp;sostuvo el presidente de la&nbsp;Sociedad Rural de Santa Fe e integrante de la mesa de la Confederaci\u00f3n de Asociaciones Rurales de Santa Fe (Carsfe), Ignacio M\u00e1ntaras.<\/p>\n\n\n\n<p>El dirigente ruralista tambi\u00e9n mencion\u00f3 el estado de la campa\u00f1a granaria.&nbsp;\"<strong>En el caso del ma\u00edz, cuyas plantaciones se viene perdiendo de a miles, va a tener una campa\u00f1a muy mala <\/strong>y todas las cadenas que se derivan del ma\u00edz (como la carne porcina y aviar, los balanceados), van a tener costos altos, y eso va a replicar en los precios de los productos de esos bienes\",&nbsp;subray\u00f3.<\/p>\n\n\n\n<p>En su evaluaci\u00f3n de lo que sucede actualmente, es decir, el impacto econ\u00f3mico y social que genera la sequ\u00eda en esta provincia, M\u00e1ntaras sostuvo que&nbsp;<strong>a nivel productores, esto implica que muchos van a quedar fuera de competencia&nbsp;<\/strong>y lanz\u00f3 una dura cr\u00edtica a la dirigencia pol\u00edtica que gobierna ante la falta de respuestas inmediatas que requiere el campo santafecino.<\/p>\n\n\n\n<p>M\u00e1ntaras dijo que hay un evidente menosprecio a los productores que ven perder sus cosechas, sus rodeos y su futuro. Todo esto, dijo, porque\u00a0<strong>\"mientras la sequ\u00eda azota a gran parte del pa\u00eds y principalmente a la provincia de Santa Fe, la mayor\u00eda de la dirigencia practica la rosca estival pensando en el calendario electoral<\/strong>, menospreciando a los productores y a los pueblos y ciudades del interior, que ya est\u00e1n padeciendo el impacto de la crisis\".<\/p>\n\n\n\n<blockquote class=\"wp-block-quote\">\n<p><strong>\"La crisis tendr\u00e1 consecuencias por mucho tiempo y la respuesta estatal ser\u00e1 insignificante, lenta, y poco efectiva\".<\/strong><\/p>\n<\/blockquote>\n\n\n\n<p>El dirigente alert\u00f3 que las consecuencias de la prolongada sequ\u00eda ser\u00e1n inevitables para los hombres de campo.&nbsp;<strong>\"Sabemos que muchos de nuestros pares perder\u00e1n parte o todo su capital, quedando muchos de nosotros fuera de la actividad.<\/strong> La crisis tendr\u00e1 consecuencias por mucho tiempo y la respuesta estatal ser\u00e1 insignificante, lenta, y poco efectiva\",&nbsp;augur\u00f3.<\/p>\n\n\n\n<p>Explic\u00f3 que, \"luego de un tercer a\u00f1o consecutivo de fase Ni\u00f1a, <strong>la sequ\u00eda se ha intensificado estos \u00faltimos meses, colocando a un gran n\u00famero de productores en situaci\u00f3n cr\u00edtica extrema<\/strong>\".\u00a0\"<strong>En los predios agr\u00edcolas, se ha malogrado gran parte de la cosecha fina, y para la campa\u00f1a gruesa a\u00fan hay gran cantidad de campos sin haber sido sembrados<\/strong>\", referenci\u00f3.<\/p>\n\n\n\n<p>Ignacio M\u00e1ntarasTambi\u00e9n se\u00f1al\u00f3 que\u00a0<strong>en los campos ganaderos, la falta de agua para consumo de los rodeos se torna dram\u00e1tico por la p\u00e9rdida de estado corporal y la mortandad diaria de animales. \"No debe haber pena m\u00e1s grande para un ganadero que ver sus vacas agonizar<\/strong>\", afirm\u00f3.<\/p>\n\n\n\n<p>Seg\u00fan M\u00e1ntaras, en el pa\u00eds acostumbrado a las bondades del campo, <strong>la producci\u00f3n de granos, leche, carnes, frutas, hortalizas, etc. se ver\u00e1 indefectiblemente reducida de forma acentuada<\/strong>. Para las autoridades pol\u00edticas, ser\u00e1n d\u00f3lares que faltar\u00e1n, y \"s\u00f3lo a eso se reduce el problema, que no es menor\".<\/p>\n","protected":false},"excerpt":{"rendered":"<p>Seg\u00fan Ignacio M\u00e1ntaras, presidente de la Sociedad Rural de Santa Fe, habr\u00e1 un salto en los precios muy pronunciado en el corto plazo. La\u00a0sequ\u00eda,\u00a0que lleva tres a\u00f1os en esta regi\u00f3n y a\u00fan permanece en pleno desarrollo, est\u00e1 provocando una crisis que va a afectar la econom\u00eda argentina porque\u00a0en el corto plazo habr\u00e1 una escalada de [&hellip;]<\/p>\n","protected":false},"author":51,"featured_media":368206,"comment_status":"open","ping_status":"open","sticky":false,"template":"","format":"standard","meta":{"_stopmodifiedupdate":false,"_modified_date":"","inline_featured_image":false,"spay_email":"","jetpack_publicize_message":""},"categories":[2542],"tags":[],"jetpack_featured_media_url":"https:\/\/notinor.com\/jujuy\/wp-content\/uploads\/2023\/01\/VERDURAS.jpg","jetpack_publicize_connections":[],"_links":{"self":[{"href":"https:\/\/notinor.com\/jujuy\/wp-json\/wp\/v2\/posts\/368204"}],"collection":[{"href":"https:\/\/notinor.com\/jujuy\/wp-json\/wp\/v2\/posts"}],"about":[{"href":"https:\/\/notinor.com\/jujuy\/wp-json\/wp\/v2\/types\/post"}],"author":[{"embeddable":true,"href":"https:\/\/notinor.com\/jujuy\/wp-json\/wp\/v2\/users\/51"}],"replies":[{"embeddable":true,"href":"https:\/\/notinor.com\/jujuy\/wp-json\/wp\/v2\/comments?post=368204"}],"version-history":[{"count":4,"href":"https:\/\/notinor.com\/jujuy\/wp-json\/wp\/v2\/posts\/368204\/revisions"}],"predecessor-version":[{"id":368211,"href":"https:\/\/notinor.com\/jujuy\/wp-json\/wp\/v2\/posts\/368204\/revisions\/368211"}],"wp:featuredmedia":[{"embeddable":true,"href":"https:\/\/notinor.com\/jujuy\/wp-json\/wp\/v2\/media\/368206"}],"wp:attachment":[{"href":"https:\/\/notinor.com\/jujuy\/wp-json\/wp\/v2\/media?parent=368204"}],"wp:term":[{"taxonomy":"category","embeddable":true,"href":"https:\/\/notinor.com\/jujuy\/wp-json\/wp\/v2\/categories?post=368204"},{"taxonomy":"post_tag","embeddable":true,"href":"https:\/\/notinor.com\/jujuy\/wp-json\/wp\/v2\/tags?post=368204"}],"curies":[{"name":"wp","href":"https:\/\/api.w.org\/{rel}","templated":true}]}}