{"id":367843,"date":"2023-01-11T11:00:00","date_gmt":"2023-01-11T14:00:00","guid":{"rendered":"https:\/\/notinor.com\/jujuy\/?p=367843"},"modified":"2023-01-10T20:28:09","modified_gmt":"2023-01-10T23:28:09","slug":"la-sequia-afecta-a-mas-de-la-mitad-de-la-argentina-los-indicadores-mas-alarmantes","status":"publish","type":"post","link":"https:\/\/notinor.com\/jujuy\/la-sequia-afecta-a-mas-de-la-mitad-de-la-argentina-los-indicadores-mas-alarmantes\/","title":{"rendered":"La sequ\u00eda afecta a m\u00e1s de la mitad de la Argentina: los indicadores m\u00e1s alarmantes"},"content":{"rendered":"\n<p><em><strong>\u201cExcepcional, extrema, severa\u201d, son algunas de las calificaciones de especialistas que relevaron la falta de agua en 164 millones de hect\u00e1reas.<\/strong><\/em><\/p>\n\n\n<div class=\"wp-block-image\">\n<figure class=\"aligncenter size-large\"><img decoding=\"async\" loading=\"lazy\" width=\"827\" height=\"480\" src=\"https:\/\/notinor.com\/jujuy\/wp-content\/uploads\/2023\/01\/image-80-827x480.png\" alt=\"\" class=\"wp-image-367844\" srcset=\"https:\/\/notinor.com\/jujuy\/wp-content\/uploads\/2023\/01\/image-80-827x480.png 827w, https:\/\/notinor.com\/jujuy\/wp-content\/uploads\/2023\/01\/image-80-629x365.png 629w, https:\/\/notinor.com\/jujuy\/wp-content\/uploads\/2023\/01\/image-80-768x446.png 768w, https:\/\/notinor.com\/jujuy\/wp-content\/uploads\/2023\/01\/image-80-750x435.png 750w, https:\/\/notinor.com\/jujuy\/wp-content\/uploads\/2023\/01\/image-80-1140x662.png 1140w, https:\/\/notinor.com\/jujuy\/wp-content\/uploads\/2023\/01\/image-80.png 1440w\" sizes=\"(max-width: 827px) 100vw, 827px\" \/><\/figure><\/div>\n\n\n<p>Casi un 55% del territorio del pa\u00eds padece la falta de agua. El\u00a0<strong>Sistema de Informaci\u00f3n sobre Sequ\u00edas para el sur de Sudam\u00e9rica (SISSA)\u00a0<\/strong>revel\u00f3 el serio impacto que tiene la falta de lluvias sobre la totalidad de las regiones productivas del pa\u00eds. La zona centro, norte y tambi\u00e9n la Zona N\u00facleo Agr\u00edcola del pa\u00eds son los m\u00e1s afectados.<\/p>\n\n\n\n<p>Seg\u00fan SISSA, el 54,48% presenta diversos niveles de sequ\u00eda que se distribuyen de esta manera: anormalmente seco, 8,90%; sequ\u00eda moderada,\u00a0<strong>22,19%; sequ\u00eda severa, 14,39%; sequ\u00eda extrema<\/strong>, 7,43%; sequ\u00eda excepcional, 1,57%.<\/p>\n\n\n\n<p>En el corredor productivo que tienen las provincias de Buenos Aires, C\u00f3rdoba, Santa Fe y Entre R\u00edos hace siete d\u00edas que no llueve.\u00a0<strong>Los campos sin sembrar est\u00e1n amarillos y en los sembrados se observa que los cultivos empiezan a secarse<\/strong>.<\/p>\n\n\n\n<p>\u201cLa persistencia del fen\u00f3meno de&nbsp;<strong>La Ni\u00f1a<\/strong>, sumado a la baja en las precipitaciones que se observan en la regi\u00f3n, hace que el pa\u00eds registre&nbsp;<strong>un evento de sequ\u00eda con impactos sin precedentes<\/strong>\u201d, se\u00f1alaron los especialistas.<\/p>\n\n\n\n<h2><strong>Sequ\u00eda severa y sequ\u00eda extrema<\/strong><\/h2>\n\n\n\n<p>Una sequ\u00eda extrema, seg\u00fan el mapeo realizado por el SISSA, recorre toda el \u00e1rea central de la Argentina hacia el Litoral. Comienza en el norte de C\u00f3rdoba, desde San Jos\u00e9 de la Dormida y San Francisco del Cha\u00f1ar, pasado por Selva en Santiago del Estero, y en Santa Fe por Ceres hasta Reconquista, y subiendo all\u00ed hasta las ciudades de Resistencia y Corrientes.<\/p>\n\n\n\n<p>En la provincia de&nbsp;<strong>Santa Fe<\/strong>&nbsp;predomina la sequ\u00eda en todo el territorio con estas clasificaciones: anormalmente seco, 7,39%; sequ\u00eda moderada, 44,97%; sequ\u00eda severa, 38,53%; sequ\u00eda extrema, 9,03%; sequ\u00eda excepcional, 0,08%.<\/p>\n\n\n\n<p>En\u00a0<strong>C\u00f3rdoba<\/strong>, el porcentaje \u201cno seco\u201d es m\u00ednimo: 2,03%. Despu\u00e9s se presenta este panorama: anormalmente seco, 17,24%; sequ\u00eda moderada, 54,24%; sequ\u00eda severa, 26,04%; sequ\u00eda extrema, 0,46%.<\/p>\n\n\n\n<p>A nivel pa\u00eds, el SISSA refiri\u00f3 que el 45,52% se encuentra \u201cno seco\u201d, pero el resto en la siguiente situaci\u00f3n: un 22,19% del territorio argentino (unos 555.812 km2) exhibe una situaci\u00f3n de \u201csequ\u00eda moderada\u201d, otro 14,39% (360.466 km2), muestran una \u201csequ\u00eda severa\u201d, un 8,9% (222.939 km2), un \u00e1rea \u201canormalmente seca\u201d, un 7,43% (186.148 km2), con \u201csequ\u00eda extrema\u201d, y otro 1,57% (39.384 km2), con un estado de \u201csequ\u00eda excepcional\u201d.<\/p>\n\n\n\n<p>En la&nbsp;<strong>provincia de<\/strong>&nbsp;<strong>Buenos Aires<\/strong>, un 13,28% del principal distrito del pa\u00eds (unos 40 mil km2) \u201cno est\u00e1n secos\u201d por la falta de lluvias. En tanto que un 40% del territorio bonaerense (121 mil km2) est\u00e1 en situaci\u00f3n de \u201csequ\u00eda moderada\u201d, otro 18% (55 mil km2) muestran una \u201csequ\u00eda severa\u201d, y 10,2% (31 mil km2) con una \u201csequ\u00eda extrema\u201d. En rojo y con una situaci\u00f3n de \u201csequ\u00eda excepcional\u201d est\u00e1 otro casi 2% de Buenos Aires (unos 5.931 km2). Y el 16% restante (50 mil km2) est\u00e1n anormalmente secos.<\/p>\n\n\n\n<h2><strong>Registros de lluvias err\u00e1ticas en distintas provincias<\/strong><\/h2>\n\n\n\n<p>Tambi\u00e9n en otro informe del SISSA, se hace un relevamiento puntual de las&nbsp;<strong>precipitaciones&nbsp;<\/strong>registradas en todo el territorio argentino. Se constata que en la zona norte de la provincia de Buenos Aires y el sur de Santa Fe se observan zonas con hasta dos meses sin registro de lluvias, bajo el umbral de los 3,0 mil\u00edmetros. Un fen\u00f3meno similar se verifica tambi\u00e9n en otras localidades del interior bonaerense como son&nbsp;<strong>Rauch<\/strong>, o al este de&nbsp;<strong>Bah\u00eda Blanca<\/strong>.<\/p>\n\n\n\n<p>Solamente en un tri\u00e1ngulo que se puede trazar entre las ciudades de&nbsp;<strong>C\u00f3rdoba<\/strong>,&nbsp;<strong>Mar del Plata<\/strong>&nbsp;y&nbsp;<strong>Santa Rosa<\/strong>, en La Pampa, all\u00ed se pudo registrar lluvias de entre 100 a 200 mil\u00edmetros desde el comienzo de octubre de 2022 a la fecha.<\/p>\n\n\n\n<p>Mientras que en el resto de las zonas agr\u00edcolas y pecuarias de Argentina se constat\u00f3 un promedio de lluvias que rondaron los 60 a 70 mil\u00edmetros, aunque con precipitaciones dispares en pocos kil\u00f3metros de distancia. Son cifras que no se repiten en otros puntos del pa\u00eds en igual per\u00edodo.<\/p>\n","protected":false},"excerpt":{"rendered":"<p>\u201cExcepcional, extrema, severa\u201d, son algunas de las calificaciones de especialistas que relevaron la falta de agua en 164 millones de hect\u00e1reas. Casi un 55% del territorio del pa\u00eds padece la falta de agua. El\u00a0Sistema de Informaci\u00f3n sobre Sequ\u00edas para el sur de Sudam\u00e9rica (SISSA)\u00a0revel\u00f3 el serio impacto que tiene la falta de lluvias sobre la [&hellip;]<\/p>\n","protected":false},"author":37,"featured_media":367844,"comment_status":"open","ping_status":"open","sticky":false,"template":"","format":"standard","meta":{"_stopmodifiedupdate":false,"_modified_date":"","inline_featured_image":false,"spay_email":"","jetpack_publicize_message":""},"categories":[2542],"tags":[],"jetpack_featured_media_url":"https:\/\/notinor.com\/jujuy\/wp-content\/uploads\/2023\/01\/image-80.png","jetpack_publicize_connections":[],"_links":{"self":[{"href":"https:\/\/notinor.com\/jujuy\/wp-json\/wp\/v2\/posts\/367843"}],"collection":[{"href":"https:\/\/notinor.com\/jujuy\/wp-json\/wp\/v2\/posts"}],"about":[{"href":"https:\/\/notinor.com\/jujuy\/wp-json\/wp\/v2\/types\/post"}],"author":[{"embeddable":true,"href":"https:\/\/notinor.com\/jujuy\/wp-json\/wp\/v2\/users\/37"}],"replies":[{"embeddable":true,"href":"https:\/\/notinor.com\/jujuy\/wp-json\/wp\/v2\/comments?post=367843"}],"version-history":[{"count":1,"href":"https:\/\/notinor.com\/jujuy\/wp-json\/wp\/v2\/posts\/367843\/revisions"}],"predecessor-version":[{"id":367845,"href":"https:\/\/notinor.com\/jujuy\/wp-json\/wp\/v2\/posts\/367843\/revisions\/367845"}],"wp:featuredmedia":[{"embeddable":true,"href":"https:\/\/notinor.com\/jujuy\/wp-json\/wp\/v2\/media\/367844"}],"wp:attachment":[{"href":"https:\/\/notinor.com\/jujuy\/wp-json\/wp\/v2\/media?parent=367843"}],"wp:term":[{"taxonomy":"category","embeddable":true,"href":"https:\/\/notinor.com\/jujuy\/wp-json\/wp\/v2\/categories?post=367843"},{"taxonomy":"post_tag","embeddable":true,"href":"https:\/\/notinor.com\/jujuy\/wp-json\/wp\/v2\/tags?post=367843"}],"curies":[{"name":"wp","href":"https:\/\/api.w.org\/{rel}","templated":true}]}}