{"id":367793,"date":"2023-01-10T18:29:42","date_gmt":"2023-01-10T21:29:42","guid":{"rendered":"https:\/\/notinor.com\/jujuy\/?p=367793"},"modified":"2023-01-10T18:29:47","modified_gmt":"2023-01-10T21:29:47","slug":"desaparecieron-lagunas-en-santa-fe-por-la-sequia","status":"publish","type":"post","link":"https:\/\/notinor.com\/jujuy\/desaparecieron-lagunas-en-santa-fe-por-la-sequia\/","title":{"rendered":"Desaparecieron lagunas en Santa Fe por la sequ\u00eda"},"content":{"rendered":"\n<p class=\"has-medium-font-size\"><strong><em>En las \u00faltimas horas se conocieron nuevas im\u00e1genes de lagunas que se secaron recientemente por la falta de lluvias en la regi\u00f3n fuertemente azotada por la sequ\u00eda. Se registra una alta mortandad de animales<\/em><\/strong><\/p>\n\n\n\n<figure class=\"wp-block-image size-full\"><img decoding=\"async\" loading=\"lazy\" width=\"748\" height=\"419\" src=\"https:\/\/notinor.com\/jujuy\/wp-content\/uploads\/2023\/01\/0098.png\" alt=\"\" class=\"wp-image-367794\" srcset=\"https:\/\/notinor.com\/jujuy\/wp-content\/uploads\/2023\/01\/0098.png 748w, https:\/\/notinor.com\/jujuy\/wp-content\/uploads\/2023\/01\/0098-652x365.png 652w, https:\/\/notinor.com\/jujuy\/wp-content\/uploads\/2023\/01\/0098-500x280.png 500w\" sizes=\"(max-width: 748px) 100vw, 748px\" \/><\/figure>\n\n\n\n<p><strong>La fuerte sequ\u00eda que hace ya m\u00e1s de medio a\u00f1o afecta a gran parte del \u00e1rea agropecuaria argentina sigue haciendo estragos<\/strong>, <strong>generando no solamente un impacto productivo sino tambi\u00e9n ambiental.<\/strong> En las \u00faltimas horas, se conocieron nuevas im\u00e1genes que se viralizaron a trav\u00e9s de las redes sociales de lagunas que se secaron producto de la falta de lluvias en el norte de Santa Fe, regi\u00f3n que est\u00e1 viviendo una crisis h\u00eddrica pocas veces vista.<\/p>\n\n\n\n<p>Las fotos del desastre fueron publicadas por el naturalista Cesar Massi en su cuenta oficial de Twitter, donde mostr\u00f3 im\u00e1genes de c\u00f3mo<strong> las lagunas del El Palmar y El Cristal, ambas ubicadas en la zona antes mencionada, se quedaron sin aguas por las faltas de lluvias.<\/strong> \u201cQu\u00e9 tristeza. Me dice el amigo @marcosmian1 que la laguna El Cristal, uno de los lugares m\u00e1s lindos de Santa Fe, finalmente se sec\u00f3\u201d, se\u00f1al\u00f3 en un posteo respecto al espejo de agua que es una zona protegida de 15 hect\u00e1reas ubicada cerca de la localidad de Calchaqu\u00ed, en el Departamento de Vera.<\/p>\n\n\n\n<p><strong>Lo mismo sucedi\u00f3 con la laguna El Palmar, tambi\u00e9n ubicada en el Departamento de Vera<\/strong>, a pocos kil\u00f3metros de la localidad de Margarita y que forma parte de una reserva provincial de usos m\u00faltiples. \u201cLa laguna El Palmar tambi\u00e9n se sec\u00f3, como casi todas las que forman parte de los Bajos Submeridionales. Aun con todo seco, las m\u00e1quinas siguen ampliando canales para que este gigante humedal tenga vacas y no agua\u201d, plante\u00f3 Massi.<\/p>\n\n\n\n<p>Por \u00faltimo, el especialista public\u00f3 una serie de im\u00e1genes satelitales que dan cuenta de la sequ\u00eda en la zona n\u00facleo, en la cual asevera que <strong>\u201cen la mejor zona del pa\u00eds para cultivar en enero del 2020 y hoy, convertida en un polvaderal.<\/strong> Esto deber\u00eda disparar 581 reuniones para discutir qu\u00e9 cambiar, qu\u00e9 apoyar, qu\u00e9 dejar de hacer y c\u00f3mo vamos a convivir con <strong>la crisis clim\u00e1tica. Sale dolar soja 3 y Syngenta al poder\u201d.<\/strong><\/p>\n\n\n\n<p>En este sentido, prosigui\u00f3: <strong>\u201cEstos procesos intensos de sequ\u00edas causan da\u00f1os ecosist\u00e9micos graves que tardan mucho en recuperarse y cambios en la matriz productiva: se avanza sobre las zonas que ya no tienen agua y se concentra la tierra por los muchos que quiebran y abandonan sus campos.<\/strong> Es probable que Santa Fe termine esta Ni\u00f1a con casi todos sus humedales secos, hoy casi no queda agua dentro de la provincia, a excepci\u00f3n del valle de inundaci\u00f3n del Paran\u00e1. Apenas 3 o 4 lagunas en el norte y las m\u00e1s grandes del sur, que redujeron a la mitad su tama\u00f1o\u201d.<\/p>\n\n\n\n<p class=\"has-medium-font-size\"><strong>Alivio<\/strong><\/p>\n\n\n\n<p>No obstante <strong>algo de alivio lleg\u00f3 para los productores del norte de Santa Fe, no por el advenimiento de las lluvias, sino por la apertura de una peque\u00f1a compuerta sobre el ri\u00f3 Salado<\/strong> que aumentar\u00eda el caudal de agua que llegar\u00eda a los campos de la zona de los Departamentos de Vera y 9 de Julio.<\/p>\n\n\n\n<p><strong>Productores y parte del arco pol\u00edtico santafesino reclamaban que las provincias de Santiago del Estero y Salta realizaran una mayor apertura de las compuertas sobre el r\u00edo Salado y as\u00ed completar los 3 metros c\u00fabicos por segundo que la provincia litorale\u00f1a deb\u00eda de recibir de agua seg\u00fan un acuerdo interjurisdiccional firmado en 1988.<\/strong><\/p>\n\n\n\n<p>Si bien este reclamo todav\u00eda no fue atendido, s\u00ed<strong> lograron que se habr\u00e1 una peque\u00f1a compuerta en un reservorio de agua<\/strong> para consumo humano y de abastecimiento a localidades vecinas en el pueblo santafesino de Tostado para que le de un mayor caudal a los canales de la zona y al r\u00edo.<\/p>\n\n\n\n<p>Seg\u00fan coment\u00f3 el presidente de la Sociedad Rural de dicha localidad, Jorge Mercau, a partir de una gesti\u00f3n con el presidente de la Cooperativa de Agua Potable local, Otmar Verwymp, consiguieron obtener un peque\u00f1o alivio con la apertura de una peque\u00f1a . \u201c<strong>Le mostramos la situaci\u00f3n de que hab\u00eda r\u00edo abajo de la azud niveladora, que estaba cortado el paso de agua, con la muerte de hacienda. Gracias a esto logramos que se abra otra compuerta y ahora hay abiertas dos. Eso va a aliviar un poco a todos los productores<\/strong> que se encuentran a la vera del r\u00edo Salado\u201d, cont\u00f3 Mercau.<\/p>\n\n\n\n<p>El dirigente rural sostuvo que<strong> la zona tiene \u201cun terrible problema con la sequ\u00eda, porque se est\u00e1 muriendo la hacienda empantanada. Los animales no tienen agua o se est\u00e1n yendo del departamento o se est\u00e1n muriendo. Hoy la mortandad llega a las 3.000 o 4.000 cabezas. Hay p\u00e9rdidas casi totales de productores que se tuvieron que ir y en agricultura es un a\u00f1o perdido <\/strong>si no llueve esta semana\u201d.<\/p>\n\n\n\n<p>En este sentido,<strong> relat\u00f3 el caso de un productor de b\u00fafalos de la zona y los periplos que est\u00e1 viviendo producto de la falta de agua<\/strong>: \u201ceste bovino es un animal que busca agua constantemente y se le escapan del campo busc\u00e1ndola, porque al b\u00fafalo no hay alambre que lo pare, y han llegado hasta el pueblo de Logro\u00f1o buscando agua. Es una situaci\u00f3n totalmente terrible. Ese productor en su campo ten\u00eda una represa y se le cayeron un mont\u00f3n de b\u00fafalos buscando agua y los tuvo que sacar con una retroexcavadora. Es muy brava la situaci\u00f3n en todo el norte de Santa Fe\u201d.<\/p>\n","protected":false},"excerpt":{"rendered":"<p>En las \u00faltimas horas se conocieron nuevas im\u00e1genes de lagunas que se secaron recientemente por la falta de lluvias en la regi\u00f3n fuertemente azotada por la sequ\u00eda. Se registra una alta mortandad de animales La fuerte sequ\u00eda que hace ya m\u00e1s de medio a\u00f1o afecta a gran parte del \u00e1rea agropecuaria argentina sigue haciendo estragos, [&hellip;]<\/p>\n","protected":false},"author":54,"featured_media":367794,"comment_status":"closed","ping_status":"closed","sticky":false,"template":"","format":"standard","meta":{"_stopmodifiedupdate":false,"_modified_date":"","inline_featured_image":false,"spay_email":"","jetpack_publicize_message":""},"categories":[2542],"tags":[],"jetpack_featured_media_url":"https:\/\/notinor.com\/jujuy\/wp-content\/uploads\/2023\/01\/0098.png","jetpack_publicize_connections":[],"_links":{"self":[{"href":"https:\/\/notinor.com\/jujuy\/wp-json\/wp\/v2\/posts\/367793"}],"collection":[{"href":"https:\/\/notinor.com\/jujuy\/wp-json\/wp\/v2\/posts"}],"about":[{"href":"https:\/\/notinor.com\/jujuy\/wp-json\/wp\/v2\/types\/post"}],"author":[{"embeddable":true,"href":"https:\/\/notinor.com\/jujuy\/wp-json\/wp\/v2\/users\/54"}],"replies":[{"embeddable":true,"href":"https:\/\/notinor.com\/jujuy\/wp-json\/wp\/v2\/comments?post=367793"}],"version-history":[{"count":1,"href":"https:\/\/notinor.com\/jujuy\/wp-json\/wp\/v2\/posts\/367793\/revisions"}],"predecessor-version":[{"id":367795,"href":"https:\/\/notinor.com\/jujuy\/wp-json\/wp\/v2\/posts\/367793\/revisions\/367795"}],"wp:featuredmedia":[{"embeddable":true,"href":"https:\/\/notinor.com\/jujuy\/wp-json\/wp\/v2\/media\/367794"}],"wp:attachment":[{"href":"https:\/\/notinor.com\/jujuy\/wp-json\/wp\/v2\/media?parent=367793"}],"wp:term":[{"taxonomy":"category","embeddable":true,"href":"https:\/\/notinor.com\/jujuy\/wp-json\/wp\/v2\/categories?post=367793"},{"taxonomy":"post_tag","embeddable":true,"href":"https:\/\/notinor.com\/jujuy\/wp-json\/wp\/v2\/tags?post=367793"}],"curies":[{"name":"wp","href":"https:\/\/api.w.org\/{rel}","templated":true}]}}