{"id":367789,"date":"2023-01-10T18:19:46","date_gmt":"2023-01-10T21:19:46","guid":{"rendered":"https:\/\/notinor.com\/jujuy\/?p=367789"},"modified":"2023-01-10T18:40:00","modified_gmt":"2023-01-10T21:40:00","slug":"funesto-pronostico-del-banco-mundial-para-el-crecimiento-economico-argentino-por-la-alta-inflacion","status":"publish","type":"post","link":"https:\/\/notinor.com\/jujuy\/funesto-pronostico-del-banco-mundial-para-el-crecimiento-economico-argentino-por-la-alta-inflacion\/","title":{"rendered":"Funesto pron\u00f3stico del Banco Mundial para el crecimiento econ\u00f3mico argentino por la alta inflaci\u00f3n"},"content":{"rendered":"\n<p class=\"has-medium-font-size\"><strong><em>La entidad financiera multilateral pronostic\u00f3 en un informe global que el pa\u00eds crecer\u00e1 el 2% este a\u00f1o debido al esquema econ\u00f3mico vigente en el que las trabas a los capitales, a las importaciones y a los precios complican el clima para los negocios<\/em><\/strong><\/p>\n\n\n\n<figure class=\"wp-block-image size-full\"><img decoding=\"async\" loading=\"lazy\" width=\"751\" height=\"456\" src=\"https:\/\/notinor.com\/jujuy\/wp-content\/uploads\/2023\/01\/0100.png\" alt=\"\" class=\"wp-image-367790\" srcset=\"https:\/\/notinor.com\/jujuy\/wp-content\/uploads\/2023\/01\/0100.png 751w, https:\/\/notinor.com\/jujuy\/wp-content\/uploads\/2023\/01\/0100-601x365.png 601w\" sizes=\"(max-width: 751px) 100vw, 751px\" \/><\/figure>\n\n\n\n<p><strong>Debido a las particularidades econ\u00f3micas impuestas por el Gobierno del Frente de Todos, el Banco Mundial estima que la Argentina crecer\u00e1 2% este a\u00f1o y el pr\u00f3ximo<\/strong> en un contexto complejo por los controles de capitales y una inflaci\u00f3n alta que ser\u00e1 dif\u00edcil de reducir mientras el Gobierno debe mantener al mismo tiempo el tipo de cambio competitivo y reducir los subsidios energ\u00e9ticos.<\/p>\n\n\n\n<p>As\u00ed lo subray\u00f3 un <strong>informe difundido hoy por la entidad bancaria multilalateral sobre las Perspectivas Econ\u00f3micas Globales<\/strong>, en el que se le dedic\u00f3 algunos conceptos a la dif\u00edcil situaci\u00f3n del pa\u00eds.  <strong>El reporte subraya que la fuerte inflaci\u00f3n y los controles de precios complican el crecimiento econ\u00f3mico de la Argentina.<\/strong><\/p>\n\n\n\n<p>All\u00ed se pronostica, en sinton\u00eda con el Gobierno, que el PBI crecer\u00e1 un 2% este a\u00f1o y otro tanto en 2024, una desaceleraci\u00f3n que es efecto del sistema econ\u00f3mico vigente desde el 2019.<\/p>\n\n\n\n<p>\u201cLa desaceleraci\u00f3n en el crecimiento refleja vientos en contra externos y<strong> restricciones a la actividad interna relacionadas con el alto entorno inflacionario<\/strong>\u201d, explica el documento.<\/p>\n\n\n\n<p>La entidad estima que <strong>el debilitamiento de la demanda externa afectar\u00e1 el crecimiento de las exportaciones, clave para sostener un contexto de super\u00e1vit mientras el Gobierno mantiene controles estrictos en el comercio exterior<\/strong>, asevera.  Y enfatiza que<strong> los controles de capitales, a las importaciones y a los precios \u201ccontinuar\u00e1n complicando el ambiente de negocios\u201d<\/strong>l.<\/p>\n\n\n\n<p>Por otro lado, consider\u00f3 que <strong>\u201cla exposici\u00f3n a los efectos de contagio financieros internacionales est\u00e1 limitada por la dependencia de la financiaci\u00f3n externa oficial\u201d<\/strong>, ante la falta de acceso a los mercados voluntarios de deuda desde principios del 2018, cuando el pa\u00eds tuvo que firmar el acuerdo con el Fondo Monetario Internacional (FMI).<\/p>\n\n\n\n<p>En el an\u00e1lisis del panorama, subray\u00f3 que <strong>\u201cel contexto es altamente desafiante dada la necesidad de reducir la inflaci\u00f3n desde tasas recientes superiores al 80% interanual, mientras se permite la depreciaci\u00f3n del peso y la reforma de los subsidios energ\u00e9ticos\u201d<\/strong> a trav\u00e9s de una suba de las tarifas a los servicios p\u00fablicos en el AMBA, un dif\u00edcil equilibrio que el equipo econ\u00f3mico conoce frente a la meta de inflaci\u00f3n del 60% que proyect\u00f3 para este a\u00f1o. <\/p>\n\n\n\n<p><strong>La entidad tiene en cuenta a los pron\u00f3sticos de los analistas privados prev\u00e9n que la inflaci\u00f3n ronde el 99% este a\u00f1o<\/strong>, seg\u00fan el \u00faltimo relevamiento de expectativas del mercado (REM) que publica el Banco Central.<\/p>\n\n\n\n<p>En octubre pasado, durante la conferencia anual del FMI y el BM, el economista jefe del banco para Am\u00e9rica latina, William Maloney, ya hab\u00eda proyectado que la econom\u00eda crecer\u00eda 2% este a\u00f1o y consider\u00f3 clave<strong> \u201cbajar la inflaci\u00f3n, mantener el presupuesto fiscal sano. Es temprano para hablar de hiperinflaci\u00f3n\u201d,<\/strong> una temida palabra que tambi\u00e9n utiliz\u00f3 meses atr\u00e1s el viceministro de Econom\u00eda, Gabriel Rubinstein.<\/p>\n\n\n\n<figure class=\"wp-block-image size-large\"><img decoding=\"async\" loading=\"lazy\" width=\"314\" height=\"480\" src=\"https:\/\/notinor.com\/jujuy\/wp-content\/uploads\/2023\/01\/0099-314x480.jpg\" alt=\"\" class=\"wp-image-367801\" srcset=\"https:\/\/notinor.com\/jujuy\/wp-content\/uploads\/2023\/01\/0099-314x480.jpg 314w, https:\/\/notinor.com\/jujuy\/wp-content\/uploads\/2023\/01\/0099-239x365.jpg 239w, https:\/\/notinor.com\/jujuy\/wp-content\/uploads\/2023\/01\/0099-768x1174.jpg 768w, https:\/\/notinor.com\/jujuy\/wp-content\/uploads\/2023\/01\/0099-750x1146.jpg 750w, https:\/\/notinor.com\/jujuy\/wp-content\/uploads\/2023\/01\/0099.jpg 965w\" sizes=\"(max-width: 314px) 100vw, 314px\" \/><\/figure>\n\n\n\n<p>El banco estim\u00f3 en el informe conocido hoy que \u201c<strong>la regi\u00f3n de Am\u00e9rica Latina y el Caribe ha crecido un 3,6 % en 2022<\/strong>. La fuerte expansi\u00f3n de la primera mitad del a\u00f1o estuvo impulsada principalmente por el consumo, respaldado por la recuperaci\u00f3n de los mercados laborales. Sin embargo, la actividad se debilit\u00f3 a fines del a\u00f1o pasado a medida que comenzaron a sentirse la desaceleraci\u00f3n del crecimiento mundial y la restricci\u00f3n de las condiciones financieras\u201d.  Lo que <strong>significa que Argentina ha crecido, y crecer\u00e1, por debajo del promedio regional.<\/strong><\/p>\n\n\n\n<p>Adem\u00e1s, sostuvo que \u201cla inflaci\u00f3n aument\u00f3 de manera significativa en 2022 y en muchos pa\u00edses alcanz\u00f3 el valor m\u00e1ximo en varias d\u00e9cadas; las presiones sobre los precios se extendieron a una amplia gama de bienes y servicios. Los precios de los alimentos aumentaron con especial rapidez\u201d.<\/p>\n\n\n\n<p>\u201cLa inflaci\u00f3n general parece haber alcanzado su punto m\u00e1ximo a mediados de a\u00f1o en la mayor\u00eda de los pa\u00edses, pero sigue siendo muy superior a las metas de los bancos centrales. En consecuencia, durante el a\u00f1o pasado, estos continuaron elevando las tasas de pol\u00edtica, que llegaron a los dos d\u00edgitos en las econom\u00edas m\u00e1s grandes de la regi\u00f3n\u201d, precis\u00f3.<\/p>\n\n\n\n<p>Al respecto, consider\u00f3 que \u201c<strong>con el crecimiento algo lento de Estados Unidos y China se reduzca la demanda de exportaciones, mientras que el aumento de las tasas de inter\u00e9s estadounidenses probablemente implique que las condiciones financieras seguir\u00e1n siendo restrictivas\u201d.<\/strong><\/p>\n\n\n\n<p>Seg\u00fan las previsiones, \u201c<strong>la inversi\u00f3n regional disminuir\u00e1 este a\u00f1o como consecuencia del aumento de los costos del financiamiento, la escasa confianza empresarial y la fuerte incertidumbre normativa\u201d.<\/strong><\/p>\n\n\n\n<p>\u201c<strong>En ese caso, para controlar la inflaci\u00f3n de forma duradera quiz\u00e1 se requiera un considerable incremento adicional de las tasas de inter\u00e9s. Si bien esto puede ser necesario, podr\u00eda frenar a\u00fan m\u00e1s el crecimiento a corto plazo\u201d<\/strong>, advirti\u00f3.<\/p>\n\n\n\n<p>\u201cEn t\u00e9rminos m\u00e1s generales,<strong> las proyecciones indican un estancamiento de los niveles de vida en la primera mitad del decenio de 2020, con un crecimiento promedio del PIB per c\u00e1pita del 0,6% anual entre 2020 y 2024\u2033, indic\u00f3.<\/strong><\/p>\n\n\n\n<p><strong>Esta situaci\u00f3n \u201cpodr\u00eda dificultar la lucha contra una amplia gama de problemas sociales y agravar\u00eda los obst\u00e1culos que impiden un desarrollo sostenido e inclusivo en Am\u00e9rica Latina y el Caribe\u201d, <\/strong>concluy\u00f3 el Banco Mundial.<\/p>\n","protected":false},"excerpt":{"rendered":"<p>La entidad financiera multilateral pronostic\u00f3 en un informe global que el pa\u00eds crecer\u00e1 el 2% este a\u00f1o debido al esquema econ\u00f3mico vigente en el que las trabas a los capitales, a las importaciones y a los precios complican el clima para los negocios Debido a las particularidades econ\u00f3micas impuestas por el Gobierno del Frente de [&hellip;]<\/p>\n","protected":false},"author":54,"featured_media":367790,"comment_status":"closed","ping_status":"closed","sticky":false,"template":"","format":"standard","meta":{"_stopmodifiedupdate":false,"_modified_date":"","inline_featured_image":false,"spay_email":"","jetpack_publicize_message":""},"categories":[676],"tags":[],"jetpack_featured_media_url":"https:\/\/notinor.com\/jujuy\/wp-content\/uploads\/2023\/01\/0100.png","jetpack_publicize_connections":[],"_links":{"self":[{"href":"https:\/\/notinor.com\/jujuy\/wp-json\/wp\/v2\/posts\/367789"}],"collection":[{"href":"https:\/\/notinor.com\/jujuy\/wp-json\/wp\/v2\/posts"}],"about":[{"href":"https:\/\/notinor.com\/jujuy\/wp-json\/wp\/v2\/types\/post"}],"author":[{"embeddable":true,"href":"https:\/\/notinor.com\/jujuy\/wp-json\/wp\/v2\/users\/54"}],"replies":[{"embeddable":true,"href":"https:\/\/notinor.com\/jujuy\/wp-json\/wp\/v2\/comments?post=367789"}],"version-history":[{"count":3,"href":"https:\/\/notinor.com\/jujuy\/wp-json\/wp\/v2\/posts\/367789\/revisions"}],"predecessor-version":[{"id":367802,"href":"https:\/\/notinor.com\/jujuy\/wp-json\/wp\/v2\/posts\/367789\/revisions\/367802"}],"wp:featuredmedia":[{"embeddable":true,"href":"https:\/\/notinor.com\/jujuy\/wp-json\/wp\/v2\/media\/367790"}],"wp:attachment":[{"href":"https:\/\/notinor.com\/jujuy\/wp-json\/wp\/v2\/media?parent=367789"}],"wp:term":[{"taxonomy":"category","embeddable":true,"href":"https:\/\/notinor.com\/jujuy\/wp-json\/wp\/v2\/categories?post=367789"},{"taxonomy":"post_tag","embeddable":true,"href":"https:\/\/notinor.com\/jujuy\/wp-json\/wp\/v2\/tags?post=367789"}],"curies":[{"name":"wp","href":"https:\/\/api.w.org\/{rel}","templated":true}]}}