{"id":367786,"date":"2023-01-10T17:21:21","date_gmt":"2023-01-10T20:21:21","guid":{"rendered":"https:\/\/notinor.com\/jujuy\/?p=367786"},"modified":"2023-01-10T17:21:27","modified_gmt":"2023-01-10T20:21:27","slug":"de-la-mano-de-gerardo-morales-jujuy-vuelve-a-ser-sede-de-la-copa-argentina","status":"publish","type":"post","link":"https:\/\/notinor.com\/jujuy\/de-la-mano-de-gerardo-morales-jujuy-vuelve-a-ser-sede-de-la-copa-argentina\/","title":{"rendered":"De la mano de Gerardo Morales, Jujuy vuelve a ser sede de la Copa Argentina"},"content":{"rendered":"\n<p class=\"has-medium-font-size\"><strong><em>El Gobernador de la Provincia inform\u00f3 que este a\u00f1o Jujuy volver\u00e1 a ser sede de la Copa Argentina AXION Energy y, en ese marco, gestiona la presencia de Boca y River en el escenario de juego del \"23 de Agosto\"<\/em><\/strong><\/p>\n\n\n\n<figure class=\"wp-block-image size-full\"><img decoding=\"async\" loading=\"lazy\" width=\"699\" height=\"443\" src=\"https:\/\/notinor.com\/jujuy\/wp-content\/uploads\/2023\/01\/0091.png\" alt=\"\" class=\"wp-image-367787\" srcset=\"https:\/\/notinor.com\/jujuy\/wp-content\/uploads\/2023\/01\/0091.png 699w, https:\/\/notinor.com\/jujuy\/wp-content\/uploads\/2023\/01\/0091-576x365.png 576w\" sizes=\"(max-width: 699px) 100vw, 699px\" \/><\/figure>\n\n\n\n<p><strong>Gerardo Morales y Alex Ganly, director de la competencia, acordaron una hoja de ruta para que Jujuy sea sede de tres partidos de la Copa Argentina<\/strong> en su 11\u00b0 edici\u00f3n. En este sentido, confirm\u00f3 que <strong>se direccionan gestiones para que Boca Juniors y River Plate jueguen en el \u201c23 de Agosto\u201d<\/strong>.<\/p>\n\n\n\n<p>De esta manera, <strong>Jujuy se afianza como plaza de grandes acontecimientos deportivos, <\/strong>favorecida por la seriedad de sus dirigentes, la capacidad de su infraestructura instalada y especialmente la hospitalidad de su gente, valores que hoy son ampliamente reconocidos por la empresa responsable de organizar la Copa Argentina AXION Energy.<br>Al igual que en 2022<strong>, Jujuy volver\u00e1 a recibir a principales equipos argentinos en competencia oficial y <\/strong>ser\u00e1 epicentro de la pasi\u00f3n del f\u00fatbol en el pa\u00eds de los campeones del mundo.<\/p>\n\n\n\n<p>Al mismo tiempo,<strong> la confirmaci\u00f3n de Jujuy como sede de Copa Argentina, dinamizar\u00e1 la ya creciente actividad tur\u00edstica, posicionando a nuestra provincia en la gran vidriera nacional e internacional.<\/strong><\/p>\n\n\n\n<p><strong>\u201cEs un orgullo que Jujuy sea nuevamente sede de la Copa Argentina AXION Energy\u201d,<\/strong><em> <\/em>expres\u00f3 Morales y adem\u00e1s enfatiz\u00f3 que <strong>\u201crecibir estos eventos de gran envergadura, fortalecen el potencial tur\u00edstico y econ\u00f3mico de nuestra provincia\u201d.<\/strong><\/p>\n\n\n\n<p>Cabe consignar, que el gobernador mantuvo un encuentro con Ganly en Mar del Plata, a fin de definir detalles operativos y organizativos. Tambi\u00e9n participaron de dicha reuni\u00f3n, el ministro de Cultura y Turismo, Federico Posadas; el secretario de Turismo, Diego Valdecantos; y el responsable de relaciones institucionales de la competencia, Guillermo Coppola.<\/p>\n\n\n\n<p>Es oportuno recordar, que <strong>Jujuy alberg\u00f3 varios partidos de la Copa Argentina 2022 que obtuvo Patronato de Paran\u00e1.<\/strong> En este marco, se registr\u00f3 el sorpresivo triunfo de Agropecuario Argentino de Carlos Casares ante Racing Club y las victorias de Independiente de Avellaneda sobre Atl\u00e9tico Tucum\u00e1n y V\u00e9lez Sarsfield.<\/p>\n","protected":false},"excerpt":{"rendered":"<p>El Gobernador de la Provincia inform\u00f3 que este a\u00f1o Jujuy volver\u00e1 a ser sede de la Copa Argentina AXION Energy y, en ese marco, gestiona la presencia de Boca y River en el escenario de juego del \"23 de Agosto\" Gerardo Morales y Alex Ganly, director de la competencia, acordaron una hoja de ruta para [&hellip;]<\/p>\n","protected":false},"author":54,"featured_media":367787,"comment_status":"closed","ping_status":"closed","sticky":false,"template":"","format":"standard","meta":{"_stopmodifiedupdate":false,"_modified_date":"","inline_featured_image":false,"spay_email":"","jetpack_publicize_message":""},"categories":[2,7],"tags":[],"jetpack_featured_media_url":"https:\/\/notinor.com\/jujuy\/wp-content\/uploads\/2023\/01\/0091.png","jetpack_publicize_connections":[],"_links":{"self":[{"href":"https:\/\/notinor.com\/jujuy\/wp-json\/wp\/v2\/posts\/367786"}],"collection":[{"href":"https:\/\/notinor.com\/jujuy\/wp-json\/wp\/v2\/posts"}],"about":[{"href":"https:\/\/notinor.com\/jujuy\/wp-json\/wp\/v2\/types\/post"}],"author":[{"embeddable":true,"href":"https:\/\/notinor.com\/jujuy\/wp-json\/wp\/v2\/users\/54"}],"replies":[{"embeddable":true,"href":"https:\/\/notinor.com\/jujuy\/wp-json\/wp\/v2\/comments?post=367786"}],"version-history":[{"count":1,"href":"https:\/\/notinor.com\/jujuy\/wp-json\/wp\/v2\/posts\/367786\/revisions"}],"predecessor-version":[{"id":367788,"href":"https:\/\/notinor.com\/jujuy\/wp-json\/wp\/v2\/posts\/367786\/revisions\/367788"}],"wp:featuredmedia":[{"embeddable":true,"href":"https:\/\/notinor.com\/jujuy\/wp-json\/wp\/v2\/media\/367787"}],"wp:attachment":[{"href":"https:\/\/notinor.com\/jujuy\/wp-json\/wp\/v2\/media?parent=367786"}],"wp:term":[{"taxonomy":"category","embeddable":true,"href":"https:\/\/notinor.com\/jujuy\/wp-json\/wp\/v2\/categories?post=367786"},{"taxonomy":"post_tag","embeddable":true,"href":"https:\/\/notinor.com\/jujuy\/wp-json\/wp\/v2\/tags?post=367786"}],"curies":[{"name":"wp","href":"https:\/\/api.w.org\/{rel}","templated":true}]}}