{"id":367780,"date":"2023-01-10T17:05:10","date_gmt":"2023-01-10T20:05:10","guid":{"rendered":"https:\/\/notinor.com\/jujuy\/?p=367780"},"modified":"2023-01-10T17:05:15","modified_gmt":"2023-01-10T20:05:15","slug":"instituto-de-seguros-puso-en-vigencia-el-vademecum-ampliado","status":"publish","type":"post","link":"https:\/\/notinor.com\/jujuy\/instituto-de-seguros-puso-en-vigencia-el-vademecum-ampliado\/","title":{"rendered":"Instituto de Seguros puso en vigencia el vadem\u00e9cum ampliado"},"content":{"rendered":"\n<p class=\"has-medium-font-size\"><em><strong>El vadem\u00e9cum del Instituto de Seguros brindar\u00e1 ahora una nueva cobertura del 30 por ciento para medicamentos que antes no se reconoc\u00edan.<\/strong><\/em><\/p>\n\n\n\n<figure class=\"wp-block-image size-full\"><img decoding=\"async\" loading=\"lazy\" width=\"800\" height=\"464\" src=\"https:\/\/notinor.com\/jujuy\/wp-content\/uploads\/2023\/01\/0093.jpg\" alt=\"\" class=\"wp-image-367781\" srcset=\"https:\/\/notinor.com\/jujuy\/wp-content\/uploads\/2023\/01\/0093.jpg 800w, https:\/\/notinor.com\/jujuy\/wp-content\/uploads\/2023\/01\/0093-629x365.jpg 629w, https:\/\/notinor.com\/jujuy\/wp-content\/uploads\/2023\/01\/0093-768x445.jpg 768w, https:\/\/notinor.com\/jujuy\/wp-content\/uploads\/2023\/01\/0093-750x435.jpg 750w\" sizes=\"(max-width: 800px) 100vw, 800px\" \/><\/figure>\n\n\n\n<p><strong>Con el prop\u00f3sito de llegar con m\u00e1s beneficios para los afiliados, el Instituto de Seguros de Jujuy (ISJ) anunci\u00f3 la ampliaci\u00f3n del vadem\u00e9cum<\/strong> con cobertura del 30 por ciento para medicamentos anteriormente sin cobertura.<\/p>\n\n\n\n<p>El anuncio se realiz\u00f3 en la sede del Instituto, con la presencia del Vocal II del organismo, Carlos Grosso, acompa\u00f1ado por el titular del Colegio de Farmac\u00e9uticos de Jujuy, Rodrigo Arga\u00f1araz; la presidenta del Centro de Propietarios de Farmacias, Delia Fern\u00e1ndez; la gerente de Salud de la obra social, Roxana L\u00f3pez; los vocales de los sectores Activo y Pasivos, Mar\u00eda Reynaga y Jos\u00e9 Toledo respectivamente.<\/p>\n\n\n\n<p>Grosso resalt\u00f3 el acuerdo alcanzado con las entidades que agrupan a las farmacias de Jujuy, por el cual <strong>desde el d\u00eda de la fecha se ampl\u00eda el vadem\u00e9cum y los afiliados podr\u00e1n contar con ese beneficio consistente en un descuento del 30 por ciento.<\/strong><\/p>\n\n\n\n<p>Por su parte, la doctora L\u00f3pez valor\u00f3 el acuerdo con el Colegio de Farmac\u00e9uticos de Jujuy y el C\u00edrculo de Propietarios de Farmacias, sobre todo porque representa un beneficio para los afiliados a la obra social provincial a trav\u00e9s de la<strong> inclusi\u00f3n de medicamentos que no estaban reconocidos dentro del vadem\u00e9cum del ISJ, y adem\u00e1s incluir\u00e1 a las asociaciones de monodrogas que antes no estaban incorporadas.<\/strong><\/p>\n\n\n\n<p>Resalt\u00f3 que <strong>los medicamentos deben ser con prescripci\u00f3n m\u00e9dica y a trav\u00e9s de la plataforma donde se ven\u00edan recetando los medicamentos y se podr\u00e1n hacer 2 medicamentos y 2 envases por cada persona, sobre todo para tratamientos prolongados, incluidos todos los laboratorios nacionales.<\/strong><\/p>\n\n\n\n<p>La profesional detall\u00f3 que dicho beneficio <strong>se suma al descuento del 40 por ciento que ten\u00edan los afiliados, <\/strong>se incluyen esos medicamentos que no ten\u00edan cobertura y con requisito que cuenten con prescripci\u00f3n m\u00e9dica.<\/p>\n\n\n\n<p>En tanto, el titular del Colegio de Farmac\u00e9uticos de Jujuy afirm\u00f3 que <strong>la ampliaci\u00f3n del vadem\u00e9cum significar\u00e1 una mejora en la accesibilidad a los medicamentos de laboratorios nacionales <\/strong>y aclar\u00f3 que no estar\u00e1n incluidos los de venta libre.<\/p>\n\n\n\n<p>Sostuvo que s<strong>e continuar\u00e1 trabajando con la prescripci\u00f3n m\u00e9dica y la receta web <\/strong>para que los afiliados puedan acceder a la dispensa en todas las farmacias de la provincia.<\/p>\n\n\n\n<p>Finalmente, la titular del Centro de propietarios de Farmacias recalc\u00f3 que <strong>tendr\u00e1 vigencia en todas las farmacias de Jujuy y esa ampliaci\u00f3n permitir\u00e1 llegar con m\u00e1s cobertura para medicamentos que nunca estuvieron incluidos en el vadem\u00e9cum del ISJ.<\/strong><\/p>\n","protected":false},"excerpt":{"rendered":"<p>El vadem\u00e9cum del Instituto de Seguros brindar\u00e1 ahora una nueva cobertura del 30 por ciento para medicamentos que antes no se reconoc\u00edan. Con el prop\u00f3sito de llegar con m\u00e1s beneficios para los afiliados, el Instituto de Seguros de Jujuy (ISJ) anunci\u00f3 la ampliaci\u00f3n del vadem\u00e9cum con cobertura del 30 por ciento para medicamentos anteriormente sin [&hellip;]<\/p>\n","protected":false},"author":54,"featured_media":367781,"comment_status":"closed","ping_status":"closed","sticky":false,"template":"","format":"standard","meta":{"_stopmodifiedupdate":false,"_modified_date":"","inline_featured_image":false,"spay_email":"","jetpack_publicize_message":""},"categories":[828],"tags":[],"jetpack_featured_media_url":"https:\/\/notinor.com\/jujuy\/wp-content\/uploads\/2023\/01\/0093.jpg","jetpack_publicize_connections":[],"_links":{"self":[{"href":"https:\/\/notinor.com\/jujuy\/wp-json\/wp\/v2\/posts\/367780"}],"collection":[{"href":"https:\/\/notinor.com\/jujuy\/wp-json\/wp\/v2\/posts"}],"about":[{"href":"https:\/\/notinor.com\/jujuy\/wp-json\/wp\/v2\/types\/post"}],"author":[{"embeddable":true,"href":"https:\/\/notinor.com\/jujuy\/wp-json\/wp\/v2\/users\/54"}],"replies":[{"embeddable":true,"href":"https:\/\/notinor.com\/jujuy\/wp-json\/wp\/v2\/comments?post=367780"}],"version-history":[{"count":1,"href":"https:\/\/notinor.com\/jujuy\/wp-json\/wp\/v2\/posts\/367780\/revisions"}],"predecessor-version":[{"id":367782,"href":"https:\/\/notinor.com\/jujuy\/wp-json\/wp\/v2\/posts\/367780\/revisions\/367782"}],"wp:featuredmedia":[{"embeddable":true,"href":"https:\/\/notinor.com\/jujuy\/wp-json\/wp\/v2\/media\/367781"}],"wp:attachment":[{"href":"https:\/\/notinor.com\/jujuy\/wp-json\/wp\/v2\/media?parent=367780"}],"wp:term":[{"taxonomy":"category","embeddable":true,"href":"https:\/\/notinor.com\/jujuy\/wp-json\/wp\/v2\/categories?post=367780"},{"taxonomy":"post_tag","embeddable":true,"href":"https:\/\/notinor.com\/jujuy\/wp-json\/wp\/v2\/tags?post=367780"}],"curies":[{"name":"wp","href":"https:\/\/api.w.org\/{rel}","templated":true}]}}