{"id":36723,"date":"2015-07-20T00:00:36","date_gmt":"2015-07-20T03:00:36","guid":{"rendered":"http:\/\/notinor.com\/jujuy\/?p=36723"},"modified":"2015-07-20T02:50:50","modified_gmt":"2015-07-20T05:50:50","slug":"a-las-mujeres-las-discriminan-y-no-las-quieren-arriba-de-un-colectivo-buscando-un-trabajo-digno","status":"publish","type":"post","link":"https:\/\/notinor.com\/jujuy\/a-las-mujeres-las-discriminan-y-no-las-quieren-arriba-de-un-colectivo-buscando-un-trabajo-digno\/","title":{"rendered":"\u201cA las mujeres las discriminan y no las quieren arriba de un colectivo buscando un trabajo digno\u201d"},"content":{"rendered":"<p>La semana pasada se produjo un accidente de tr\u00e1nsito que desato la pol\u00e9mica en cuestiones de g\u00e9nero. Se trato de la primer mujer chofer de transporte urbano de pasajeros de nuestra provincia quien choco contra unos \u00e1rboles y poste de alumbrado p\u00fablico ubicado en Avda. 19 de Abril. Del accidente se investiga si hubo falla mec\u00e1nica, lo que argumento la chofer.<\/p>\n<p>Ante esta situaci\u00f3n se desat\u00f3 la pol\u00e9mica en cuesti\u00f3n de g\u00e9nero a lo que el secretario general de la Uni\u00f3n de Conductores de la Rep\u00fablica Argentina \u00a0(UCRA) \u00a0Jujuy, Freddy Tapia, coment\u00f3 al respecto \u201cnosotros como\u00a0 gremio seguiremos apoyando este proyecto, para que siga esta escuelita de pr\u00e1ctica para las chicas, y tratar de que aqu\u00ed la discriminaci\u00f3n sea negativa, porque parec\u00eda que quer\u00edan que tenga un accidente esta chica porque la golpearon mucho en las redes sociales\u201d.<\/p>\n<p>Por otro lado coment\u00f3 sobre otro accidente que hubo recientemente del que no tuvo semejante trascendencia \u00a0\u201cquiero tambi\u00e9n acotar una cosa, hace poco hubo un accidente entre el Santa Ana y El Urbano donde el chofer del Santa Ana choc\u00f3 al otro por atr\u00e1s porque ven\u00eda hablando por el celular y de eso no se dijo nada. Me extra\u00f1a que en Jujuy haya tanta discriminaci\u00f3n, pero parece que trataban de que suceda esto, porque a las mujeres las discriminan y no las quieren arriba de un colectivo buscando un trabajo digno\u201d enfatiz\u00f3.<\/p>\n<p>Para finalizar expres\u00f3 \u201cnosotros como UCRA CTA Jujuy seguiremos insistiendo en este proyecto, discriminaci\u00f3n cero, porque las mujeres realmente tienen que ingresar en busca de un trabajo digno, como ser conductor de un colectivo\u201d.<\/p>\n","protected":false},"excerpt":{"rendered":"<p>La semana pasada se produjo un accidente de tr\u00e1nsito que desato la pol\u00e9mica en cuestiones de g\u00e9nero. Se trato de la primer mujer chofer de transporte urbano de pasajeros de nuestra provincia quien choco contra unos \u00e1rboles y poste de alumbrado p\u00fablico ubicado en Avda. 19 de Abril. Del accidente se investiga si hubo falla [&hellip;]<\/p>\n","protected":false},"author":1,"featured_media":36726,"comment_status":"open","ping_status":"open","sticky":false,"template":"","format":"standard","meta":{"_stopmodifiedupdate":false,"_modified_date":"","inline_featured_image":false},"categories":[2,485],"tags":[],"jetpack_featured_media_url":"https:\/\/notinor.com\/jujuy\/wp-content\/uploads\/2015\/07\/accidende-coop.jpg","_links":{"self":[{"href":"https:\/\/notinor.com\/jujuy\/wp-json\/wp\/v2\/posts\/36723"}],"collection":[{"href":"https:\/\/notinor.com\/jujuy\/wp-json\/wp\/v2\/posts"}],"about":[{"href":"https:\/\/notinor.com\/jujuy\/wp-json\/wp\/v2\/types\/post"}],"author":[{"embeddable":true,"href":"https:\/\/notinor.com\/jujuy\/wp-json\/wp\/v2\/users\/1"}],"replies":[{"embeddable":true,"href":"https:\/\/notinor.com\/jujuy\/wp-json\/wp\/v2\/comments?post=36723"}],"version-history":[{"count":1,"href":"https:\/\/notinor.com\/jujuy\/wp-json\/wp\/v2\/posts\/36723\/revisions"}],"predecessor-version":[{"id":36740,"href":"https:\/\/notinor.com\/jujuy\/wp-json\/wp\/v2\/posts\/36723\/revisions\/36740"}],"wp:featuredmedia":[{"embeddable":true,"href":"https:\/\/notinor.com\/jujuy\/wp-json\/wp\/v2\/media\/36726"}],"wp:attachment":[{"href":"https:\/\/notinor.com\/jujuy\/wp-json\/wp\/v2\/media?parent=36723"}],"wp:term":[{"taxonomy":"category","embeddable":true,"href":"https:\/\/notinor.com\/jujuy\/wp-json\/wp\/v2\/categories?post=36723"},{"taxonomy":"post_tag","embeddable":true,"href":"https:\/\/notinor.com\/jujuy\/wp-json\/wp\/v2\/tags?post=36723"}],"curies":[{"name":"wp","href":"https:\/\/api.w.org\/{rel}","templated":true}]}}