{"id":367061,"date":"2023-01-02T16:31:06","date_gmt":"2023-01-02T19:31:06","guid":{"rendered":"https:\/\/notinor.com\/jujuy\/?p=367061"},"modified":"2023-01-02T16:31:11","modified_gmt":"2023-01-02T19:31:11","slug":"el-impacto-de-la-sequia-extrema-podria-tener-efectos-en-la-campana-de-este-ano","status":"publish","type":"post","link":"https:\/\/notinor.com\/jujuy\/el-impacto-de-la-sequia-extrema-podria-tener-efectos-en-la-campana-de-este-ano\/","title":{"rendered":"El impacto de la sequ\u00eda extrema podr\u00eda tener efectos en la campa\u00f1a de este a\u00f1o"},"content":{"rendered":"\n<p class=\"has-medium-font-size\"><strong><em>El clima sigue afectando a la agricultura, ganader\u00eda y lecher\u00eda de las principales zonas productoras del pa\u00eds. Las im\u00e1genes muestran la gravedad de la situaci\u00f3n, mientras que productores y sectores pol\u00edticos demandan medidas para enfrentar la misma<\/em><\/strong><\/p>\n\n\n\n<figure class=\"wp-block-image size-large\"><img decoding=\"async\" loading=\"lazy\" width=\"729\" height=\"480\" src=\"https:\/\/notinor.com\/jujuy\/wp-content\/uploads\/2023\/01\/0007-729x480.png\" alt=\"\" class=\"wp-image-367062\" srcset=\"https:\/\/notinor.com\/jujuy\/wp-content\/uploads\/2023\/01\/0007-729x480.png 729w, https:\/\/notinor.com\/jujuy\/wp-content\/uploads\/2023\/01\/0007-554x365.png 554w, https:\/\/notinor.com\/jujuy\/wp-content\/uploads\/2023\/01\/0007.png 735w\" sizes=\"(max-width: 729px) 100vw, 729px\" \/><\/figure>\n\n\n\n<p>L<strong>a sequ\u00eda sigue golpeando al coraz\u00f3n productivo del pa\u00eds como pocas veces se hab\u00eda visto antes<\/strong>. Las im\u00e1genes contin\u00faan estremeciendo y dan una v\u00edvida magnitud de lo que est\u00e1 aconteciendo en el interior de nuestro pa\u00eds. <strong>M\u00e1s all\u00e1 de las \u00faltimas lluvias que se produjeron este fin de semana, todav\u00eda la crisis h\u00eddrica se encuentra lejos de solucionarse <\/strong>y los reclamos de los productores cada vez se hacen escuchar m\u00e1s.<\/p>\n\n\n\n<p>El impacto calculado hasta el momento para este a\u00f1o es m\u00e1s que preocupante para la endeble econom\u00eda argentina.<strong> Seg\u00fan la Bolsa de Comercio de Rosario (BCR), entre la sequ\u00eda y las heladas tard\u00edas, se proyecta una siembra total de 39,3 millones de hect\u00e1reas, un 2% de ca\u00edda en relaci\u00f3n a la campa\u00f1a anterior.<\/strong> Adem\u00e1s, con rendimientos m\u00e1s ajustados ante <strong>la ausencia de precipitaciones provocar\u00eda una producci\u00f3n total de la actual campa\u00f1a agr\u00edcola de 117,7 millones de toneladas, la m\u00e1s baja desde el ciclo 2017\/2018,<\/strong> que tambi\u00e9n estuvo afectado por la sequ\u00eda.<\/p>\n\n\n\n<p>A ra\u00edz de todo esto,<strong> la BCR prev\u00e9 una ca\u00edda del 27% en las exportaciones de granos.<\/strong> En ese sentido, se mencion\u00f3 en el informe que los env\u00edos al exterior de granos de 45,9 millones de toneladas, mientras que se espera que el complejo agroindustrial en su conjunto finalice la campa\u00f1a 2022\/23 con un total de exportaciones entorno a las 82 millones de toneladas, presentando una importante disminuci\u00f3n respecto al ciclo anterior, pero ubic\u00e1ndose en torno al promedio de los \u00faltimos 10 a\u00f1os.<\/p>\n\n\n\n<p>Teniendo en cuenta este panorama, los especialistas de la entidad burs\u00e1til se\u00f1alaron que <strong>\u201cse prev\u00e9n exportaciones efectivas de granos y derivados por 37.500 millones de d\u00f3lares, casi 4.000 millones de d\u00f3lares menos de lo estimado para el a\u00f1o que finaliz\u00f3\u201d<\/strong>. Y adem\u00e1s aclararon que de efectivizarse ese valor exportado, el 2023 alcanzar\u00eda despachos al exterior por debajo de los \u00faltimos dos a\u00f1os, pero podr\u00eda a\u00fan as\u00ed ubicarse por encima de los a\u00f1os previos.<\/p>\n","protected":false},"excerpt":{"rendered":"<p>El clima sigue afectando a la agricultura, ganader\u00eda y lecher\u00eda de las principales zonas productoras del pa\u00eds. Las im\u00e1genes muestran la gravedad de la situaci\u00f3n, mientras que productores y sectores pol\u00edticos demandan medidas para enfrentar la misma La sequ\u00eda sigue golpeando al coraz\u00f3n productivo del pa\u00eds como pocas veces se hab\u00eda visto antes. Las im\u00e1genes [&hellip;]<\/p>\n","protected":false},"author":54,"featured_media":367062,"comment_status":"closed","ping_status":"closed","sticky":false,"template":"","format":"standard","meta":{"_stopmodifiedupdate":false,"_modified_date":"","inline_featured_image":false,"spay_email":"","jetpack_publicize_message":""},"categories":[2542],"tags":[],"jetpack_featured_media_url":"https:\/\/notinor.com\/jujuy\/wp-content\/uploads\/2023\/01\/0007.png","jetpack_publicize_connections":[],"_links":{"self":[{"href":"https:\/\/notinor.com\/jujuy\/wp-json\/wp\/v2\/posts\/367061"}],"collection":[{"href":"https:\/\/notinor.com\/jujuy\/wp-json\/wp\/v2\/posts"}],"about":[{"href":"https:\/\/notinor.com\/jujuy\/wp-json\/wp\/v2\/types\/post"}],"author":[{"embeddable":true,"href":"https:\/\/notinor.com\/jujuy\/wp-json\/wp\/v2\/users\/54"}],"replies":[{"embeddable":true,"href":"https:\/\/notinor.com\/jujuy\/wp-json\/wp\/v2\/comments?post=367061"}],"version-history":[{"count":1,"href":"https:\/\/notinor.com\/jujuy\/wp-json\/wp\/v2\/posts\/367061\/revisions"}],"predecessor-version":[{"id":367063,"href":"https:\/\/notinor.com\/jujuy\/wp-json\/wp\/v2\/posts\/367061\/revisions\/367063"}],"wp:featuredmedia":[{"embeddable":true,"href":"https:\/\/notinor.com\/jujuy\/wp-json\/wp\/v2\/media\/367062"}],"wp:attachment":[{"href":"https:\/\/notinor.com\/jujuy\/wp-json\/wp\/v2\/media?parent=367061"}],"wp:term":[{"taxonomy":"category","embeddable":true,"href":"https:\/\/notinor.com\/jujuy\/wp-json\/wp\/v2\/categories?post=367061"},{"taxonomy":"post_tag","embeddable":true,"href":"https:\/\/notinor.com\/jujuy\/wp-json\/wp\/v2\/tags?post=367061"}],"curies":[{"name":"wp","href":"https:\/\/api.w.org\/{rel}","templated":true}]}}