{"id":36702,"date":"2015-07-20T00:01:59","date_gmt":"2015-07-20T03:01:59","guid":{"rendered":"http:\/\/notinor.com\/jujuy\/?p=36702"},"modified":"2015-07-19T21:56:21","modified_gmt":"2015-07-20T00:56:21","slug":"massa-de-caravana-por-catamarca-volvio-a-pegarle-a-scioli-y-macri","status":"publish","type":"post","link":"https:\/\/notinor.com\/jujuy\/massa-de-caravana-por-catamarca-volvio-a-pegarle-a-scioli-y-macri\/","title":{"rendered":"Massa, de caravana por Catamarca, volvi\u00f3 a pegarle a Scioli y Macri"},"content":{"rendered":"<p>El l\u00edder del Frente Renovador recorri\u00f3 la capital provincial, con su propuesta sobre seguridad.<\/p>\n<p>Sergio Massa, precandidato presidencial del frente Unidos por una Nueva Argentina, hizo una recorrida por la provincia de Catamarca, donde volvi\u00f3 a criticar a los candidatos del PRO y del Frente para la Victoria.<\/p>\n<p>Acompa\u00f1ado por su mujer Malena Galmarini y su c\u00f3mpa\u00f1ero de f\u00f3rmula, Gustavo S\u00e1enz, el l\u00edder del Frente Renovador volvi\u00f3 a referirse al silencio de Daniel Scioli, en plena campa\u00f1a, por miedo a que lo reten desde Olivos. Y agreg\u00f3 que Mauricio Macri \"habla como si fuera vendedor de d\u00f3lares\".<\/p>\n<p>En medio de una caravana por San Fernando del Valle, la capital catamarque\u00f1a, Massa asegur\u00f3 que a diferencia de sus rivales desde su espacio se anima \"a plantear propuestas\" y volvi\u00f3 a apuntarles a los que llama \"los candidatos del silencio\".<\/p>\n<p>\"Scioli no dice lo que va a hacer porque tiene miedo que Cristina y La C\u00e1mpora lo reten\", sostuvo. Y luego se refiri\u00f3 al l\u00edder del PRO y candidato del frente Cambiemos: \"Macri habla de 'cambio, cambio' como si fuera vendedor de d\u00f3lares y no explica ese cambio que nosotros s\u00ed expresamos\".<\/p>\n<p>Massa, adem\u00e1s, se\u00f1al\u00f3 que en el norte del pa\u00eds \"es donde m\u00e1s golpea nuestra propuesta de perpetua a narcos y violadores\". Mientras que \"de inseguridad Scioli y Macri no hablan\".<\/p>\n<p>Al convocar a los votantes para que \"Catamarca se ponga de pie\", dijo que \"no es posible que una provincia tan rica por la miner\u00eda tenga tanta pobreza. Eso significa que no hubo un programa en materia de empleo y desarrollo\".<\/p>\n","protected":false},"excerpt":{"rendered":"<p>El l\u00edder del Frente Renovador recorri\u00f3 la capital provincial, con su propuesta sobre seguridad. Sergio Massa, precandidato presidencial del frente Unidos por una Nueva Argentina, hizo una recorrida por la provincia de Catamarca, donde volvi\u00f3 a criticar a los candidatos del PRO y del Frente para la Victoria. Acompa\u00f1ado por su mujer Malena Galmarini y [&hellip;]<\/p>\n","protected":false},"author":1,"featured_media":36703,"comment_status":"open","ping_status":"open","sticky":false,"template":"","format":"standard","meta":{"_stopmodifiedupdate":false,"_modified_date":"","inline_featured_image":false},"categories":[5],"tags":[],"jetpack_featured_media_url":"https:\/\/notinor.com\/jujuy\/wp-content\/uploads\/2015\/07\/massa-en-catamarca.jpg","_links":{"self":[{"href":"https:\/\/notinor.com\/jujuy\/wp-json\/wp\/v2\/posts\/36702"}],"collection":[{"href":"https:\/\/notinor.com\/jujuy\/wp-json\/wp\/v2\/posts"}],"about":[{"href":"https:\/\/notinor.com\/jujuy\/wp-json\/wp\/v2\/types\/post"}],"author":[{"embeddable":true,"href":"https:\/\/notinor.com\/jujuy\/wp-json\/wp\/v2\/users\/1"}],"replies":[{"embeddable":true,"href":"https:\/\/notinor.com\/jujuy\/wp-json\/wp\/v2\/comments?post=36702"}],"version-history":[{"count":1,"href":"https:\/\/notinor.com\/jujuy\/wp-json\/wp\/v2\/posts\/36702\/revisions"}],"predecessor-version":[{"id":36704,"href":"https:\/\/notinor.com\/jujuy\/wp-json\/wp\/v2\/posts\/36702\/revisions\/36704"}],"wp:featuredmedia":[{"embeddable":true,"href":"https:\/\/notinor.com\/jujuy\/wp-json\/wp\/v2\/media\/36703"}],"wp:attachment":[{"href":"https:\/\/notinor.com\/jujuy\/wp-json\/wp\/v2\/media?parent=36702"}],"wp:term":[{"taxonomy":"category","embeddable":true,"href":"https:\/\/notinor.com\/jujuy\/wp-json\/wp\/v2\/categories?post=36702"},{"taxonomy":"post_tag","embeddable":true,"href":"https:\/\/notinor.com\/jujuy\/wp-json\/wp\/v2\/tags?post=36702"}],"curies":[{"name":"wp","href":"https:\/\/api.w.org\/{rel}","templated":true}]}}