{"id":366923,"date":"2022-12-31T12:47:18","date_gmt":"2022-12-31T15:47:18","guid":{"rendered":"https:\/\/notinor.com\/jujuy\/?p=366923"},"modified":"2022-12-31T12:47:21","modified_gmt":"2022-12-31T15:47:21","slug":"campana-mas-luces-menos-ruido","status":"publish","type":"post","link":"https:\/\/notinor.com\/jujuy\/campana-mas-luces-menos-ruido\/","title":{"rendered":"Campa\u00f1a \"M\u00e1s luces, menos ruido\""},"content":{"rendered":"\n<p class=\"has-medium-font-size\"><strong><em>El Ministerio de Desarrollo Humano junto a la Fundaci\u00f3n Hablemos de Autismo recuerdan la vigencia de la Ley N\u00b0 6.187 de Pirotecnia Sonora Cero rige en toda la provincia.<\/em><\/strong><\/p>\n\n\n<div class=\"wp-block-image\">\n<figure class=\"aligncenter size-large is-resized\"><img decoding=\"async\" loading=\"lazy\" src=\"https:\/\/notinor.com\/jujuy\/wp-content\/uploads\/2022\/12\/WhatsApp-Image-2022-12-31-at-12.44.50-PM-388x480.jpeg\" alt=\"\" class=\"wp-image-366924\" width=\"442\" height=\"543\"\/><\/figure><\/div>\n\n\n<p>La prohibici\u00f3n contempla la fabricaci\u00f3n, comercializaci\u00f3n y tenencia de elementos sonoros que causen explosi\u00f3n, quedando exceptuados fuegos artificiales de car\u00e1cter lum\u00ednico.<\/p>\n\n\n\n<p>En este contexto, la fundaci\u00f3n Hablemos de Autismo lleva adelante la campa\u00f1a \"M\u00e1s luces, menos ruido\" para poder concientizar sobre el padecer de qui\u00e9nes tienen hipersensibilidad auditiva caus\u00e1ndoles sufrimiento por el uso de pirotecnia sonora.<\/p>\n\n\n\n<p>Por esto, la cartera ministerial invita a la poblaci\u00f3n a crear espacios libres de pirotecnia sonora para evitar dificultades a personas con autismo e hipersensibilidad auditiva.<\/p>\n","protected":false},"excerpt":{"rendered":"<p>El Ministerio de Desarrollo Humano junto a la Fundaci\u00f3n Hablemos de Autismo recuerdan la vigencia de la Ley N\u00b0 6.187 de Pirotecnia Sonora Cero rige en toda la provincia. La prohibici\u00f3n contempla la fabricaci\u00f3n, comercializaci\u00f3n y tenencia de elementos sonoros que causen explosi\u00f3n, quedando exceptuados fuegos artificiales de car\u00e1cter lum\u00ednico. En este contexto, la fundaci\u00f3n [&hellip;]<\/p>\n","protected":false},"author":52,"featured_media":366924,"comment_status":"open","ping_status":"open","sticky":false,"template":"","format":"standard","meta":{"_stopmodifiedupdate":false,"_modified_date":"","inline_featured_image":false,"spay_email":"","jetpack_publicize_message":""},"categories":[514],"tags":[19],"jetpack_featured_media_url":"https:\/\/notinor.com\/jujuy\/wp-content\/uploads\/2022\/12\/WhatsApp-Image-2022-12-31-at-12.44.50-PM.jpeg","jetpack_publicize_connections":[],"_links":{"self":[{"href":"https:\/\/notinor.com\/jujuy\/wp-json\/wp\/v2\/posts\/366923"}],"collection":[{"href":"https:\/\/notinor.com\/jujuy\/wp-json\/wp\/v2\/posts"}],"about":[{"href":"https:\/\/notinor.com\/jujuy\/wp-json\/wp\/v2\/types\/post"}],"author":[{"embeddable":true,"href":"https:\/\/notinor.com\/jujuy\/wp-json\/wp\/v2\/users\/52"}],"replies":[{"embeddable":true,"href":"https:\/\/notinor.com\/jujuy\/wp-json\/wp\/v2\/comments?post=366923"}],"version-history":[{"count":1,"href":"https:\/\/notinor.com\/jujuy\/wp-json\/wp\/v2\/posts\/366923\/revisions"}],"predecessor-version":[{"id":366925,"href":"https:\/\/notinor.com\/jujuy\/wp-json\/wp\/v2\/posts\/366923\/revisions\/366925"}],"wp:featuredmedia":[{"embeddable":true,"href":"https:\/\/notinor.com\/jujuy\/wp-json\/wp\/v2\/media\/366924"}],"wp:attachment":[{"href":"https:\/\/notinor.com\/jujuy\/wp-json\/wp\/v2\/media?parent=366923"}],"wp:term":[{"taxonomy":"category","embeddable":true,"href":"https:\/\/notinor.com\/jujuy\/wp-json\/wp\/v2\/categories?post=366923"},{"taxonomy":"post_tag","embeddable":true,"href":"https:\/\/notinor.com\/jujuy\/wp-json\/wp\/v2\/tags?post=366923"}],"curies":[{"name":"wp","href":"https:\/\/api.w.org\/{rel}","templated":true}]}}