{"id":366915,"date":"2022-12-31T11:08:52","date_gmt":"2022-12-31T14:08:52","guid":{"rendered":"https:\/\/notinor.com\/jujuy\/?p=366915"},"modified":"2022-12-31T11:35:22","modified_gmt":"2022-12-31T14:35:22","slug":"salta-finaliza-el-ano-sumando-mas-conectividad-aerea","status":"publish","type":"post","link":"https:\/\/notinor.com\/jujuy\/salta-finaliza-el-ano-sumando-mas-conectividad-aerea\/","title":{"rendered":"Salta finaliza el a\u00f1o sumando m\u00e1s conectividad a\u00e9rea"},"content":{"rendered":"\n<p class=\"has-medium-font-size\"><strong><em>Flybondi, la primera aerol\u00ednea low cost del pa\u00eds, anunci\u00f3 que vuelve a conectar las ciudades de C\u00f3rdoba y Salta a partir del 2 de marzo. Esta ruta interprovincial, que se suma a C\u00f3rdoba-Bariloche y C\u00f3rdoba-Neuqu\u00e9n, ser\u00e1 la tercera de la compa\u00f1\u00eda.<\/em><\/strong><\/p>\n\n\n<div class=\"wp-block-image\">\n<figure class=\"aligncenter size-full is-resized\"><img decoding=\"async\" loading=\"lazy\" src=\"https:\/\/notinor.com\/jujuy\/wp-content\/uploads\/2022\/12\/87102-salta-finaliza-el-anio-sumando-mas-conectividad-aerea-20221230201312.jpeg\" alt=\"\" class=\"wp-image-366916\" width=\"560\" height=\"294\"\/><\/figure><\/div>\n\n\n<p><strong>El ministro de Turismo y Deportes salte\u00f1o Mario Pe\u00f1a<\/strong>\u00a0anunci\u00f3 este viernes que la empresa a\u00e9rea Flybondi confirm\u00f3 para el primer trimestre de 2023 la inauguraci\u00f3n de la ruta directa entre C\u00f3rdoba y Salta. Esta conexi\u00f3n estar\u00e1 activa desde marzo con 3 vuelos semanales, los martes, jueves y s\u00e1bados.<\/p>\n\n\n\n<p>Esta decisi\u00f3n confirma el posicionamiento de la provincia en el mercado aeron\u00e1utico nacional y particularmente en el Norte argentino. Salta tiene conexi\u00f3n directa con Buenos Aires, C\u00f3rdoba, Rosario, Tucum\u00e1n, Resistencia, Iguaz\u00fa, Mendoza, Neuqu\u00e9n y Bariloche, adem\u00e1s del vuelo internacional con San Pablo, Brasil.<\/p>\n\n\n\n<p>\u201cSalta sigue sumando conectividad, gracias a Flybondi por confiar nuevamente en nuestro destino\u201d, afirm\u00f3 el ministro Pe\u00f1a. A este anuncio, se le suman los realizados en las \u00faltimas semanas por Aerol\u00edneas Argentinas reforzando vuelos desde enero con 10 frecuencias desde diferentes destinos; y JetSmart, quien retomar\u00e1 a partir de abril la ruta C\u00f3rdoba \u2013 Salta.<\/p>\n\n\n\n<p>A partir de enero se sumar\u00e1n m\u00e1s frecuencias a\u00e9reas desde diferentes destinos a la provincia. Las empresas que tienen a cargo de los servicios son Aerol\u00edneas Argentinas, JetSmart y Flybondi, totalizando desde enero 107 frecuencias semanales, cifra que se incrementar\u00e1 en el transcurso del a\u00f1o.<\/p>\n\n\n\n<p><a href=\"https:\/\/www.salta.gob.ar\/public\/images\/noticias\/87102-salta-finaliza-el-anio-sumando-mas-conectividad-aerea-20221230201312.jpeg\"><\/a><\/p>\n","protected":false},"excerpt":{"rendered":"<p>Flybondi, la primera aerol\u00ednea low cost del pa\u00eds, anunci\u00f3 que vuelve a conectar las ciudades de C\u00f3rdoba y Salta a partir del 2 de marzo. Esta ruta interprovincial, que se suma a C\u00f3rdoba-Bariloche y C\u00f3rdoba-Neuqu\u00e9n, ser\u00e1 la tercera de la compa\u00f1\u00eda. El ministro de Turismo y Deportes salte\u00f1o Mario Pe\u00f1a\u00a0anunci\u00f3 este viernes que la empresa [&hellip;]<\/p>\n","protected":false},"author":52,"featured_media":366916,"comment_status":"open","ping_status":"open","sticky":false,"template":"","format":"standard","meta":{"_stopmodifiedupdate":false,"_modified_date":"","inline_featured_image":false,"spay_email":"","jetpack_publicize_message":""},"categories":[2553],"tags":[560],"jetpack_featured_media_url":"https:\/\/notinor.com\/jujuy\/wp-content\/uploads\/2022\/12\/87102-salta-finaliza-el-anio-sumando-mas-conectividad-aerea-20221230201312.jpeg","jetpack_publicize_connections":[],"_links":{"self":[{"href":"https:\/\/notinor.com\/jujuy\/wp-json\/wp\/v2\/posts\/366915"}],"collection":[{"href":"https:\/\/notinor.com\/jujuy\/wp-json\/wp\/v2\/posts"}],"about":[{"href":"https:\/\/notinor.com\/jujuy\/wp-json\/wp\/v2\/types\/post"}],"author":[{"embeddable":true,"href":"https:\/\/notinor.com\/jujuy\/wp-json\/wp\/v2\/users\/52"}],"replies":[{"embeddable":true,"href":"https:\/\/notinor.com\/jujuy\/wp-json\/wp\/v2\/comments?post=366915"}],"version-history":[{"count":4,"href":"https:\/\/notinor.com\/jujuy\/wp-json\/wp\/v2\/posts\/366915\/revisions"}],"predecessor-version":[{"id":366922,"href":"https:\/\/notinor.com\/jujuy\/wp-json\/wp\/v2\/posts\/366915\/revisions\/366922"}],"wp:featuredmedia":[{"embeddable":true,"href":"https:\/\/notinor.com\/jujuy\/wp-json\/wp\/v2\/media\/366916"}],"wp:attachment":[{"href":"https:\/\/notinor.com\/jujuy\/wp-json\/wp\/v2\/media?parent=366915"}],"wp:term":[{"taxonomy":"category","embeddable":true,"href":"https:\/\/notinor.com\/jujuy\/wp-json\/wp\/v2\/categories?post=366915"},{"taxonomy":"post_tag","embeddable":true,"href":"https:\/\/notinor.com\/jujuy\/wp-json\/wp\/v2\/tags?post=366915"}],"curies":[{"name":"wp","href":"https:\/\/api.w.org\/{rel}","templated":true}]}}