{"id":366906,"date":"2022-12-31T10:00:39","date_gmt":"2022-12-31T13:00:39","guid":{"rendered":"https:\/\/notinor.com\/jujuy\/?p=366906"},"modified":"2022-12-31T10:00:44","modified_gmt":"2022-12-31T13:00:44","slug":"murio-benedicto-xvi-a-los-95-anos","status":"publish","type":"post","link":"https:\/\/notinor.com\/jujuy\/murio-benedicto-xvi-a-los-95-anos\/","title":{"rendered":"Muri\u00f3 Benedicto XVI a los 95 a\u00f1os"},"content":{"rendered":"\n<p class=\"has-medium-font-size\"><strong><em>Joseph Ratzinger ocup\u00f3 el trono de Pedro durante 8 a\u00f1os, para luego dar un paso al costado. El primer pont\u00edfice em\u00e9rito ten\u00eda un largo pasado en el gobierno de la Iglesia como estrecho colaborador de Juan Pablo II.<\/em><\/strong><\/p>\n\n\n<div class=\"wp-block-image\">\n<figure class=\"aligncenter size-large is-resized\"><img decoding=\"async\" loading=\"lazy\" src=\"https:\/\/notinor.com\/jujuy\/wp-content\/uploads\/2022\/12\/papa-benedictto-840x473.jpg\" alt=\"\" class=\"wp-image-366907\" width=\"840\" height=\"473\" srcset=\"https:\/\/notinor.com\/jujuy\/wp-content\/uploads\/2022\/12\/papa-benedictto-840x473.jpg 840w, https:\/\/notinor.com\/jujuy\/wp-content\/uploads\/2022\/12\/papa-benedictto-649x365.jpg 649w, https:\/\/notinor.com\/jujuy\/wp-content\/uploads\/2022\/12\/papa-benedictto-768x432.jpg 768w, https:\/\/notinor.com\/jujuy\/wp-content\/uploads\/2022\/12\/papa-benedictto-750x422.jpg 750w, https:\/\/notinor.com\/jujuy\/wp-content\/uploads\/2022\/12\/papa-benedictto-1140x641.jpg 1140w, https:\/\/notinor.com\/jujuy\/wp-content\/uploads\/2022\/12\/papa-benedictto.jpg 1200w\" sizes=\"(max-width: 840px) 100vw, 840px\" \/><\/figure><\/div>\n\n\n<p><strong>Este s\u00e1bado muri\u00f3 Benedicto XVI a los 95 a\u00f1os.<\/strong>&nbsp;Su elecci\u00f3n como Papa, el 19 de abril de 2005, no caus\u00f3 demasiada sorpresa: Joseph Ratzinger, entonces de 78 a\u00f1os, y prefecto de la Congregaci\u00f3n para la Doctrina de la Fe, era el m\u00e1s estrecho colaborador de Juan Pablo II desde comienzos de los a\u00f1os 80.<\/p>\n\n\n\n<p><strong>Fue elegido en el 4\u00b0 escrutinio, en un c\u00f3nclave que \u00e9l mismo presidi\u00f3 como decano del Colegio Cardenalicio<\/strong>.<\/p>\n\n\n\n<p>Sus primeras palabras desde la ventana que da a la Plaza de San Pedro, ya como papa Benedicto XVI, fueron dichas con la humildad y sencillez que lo caracterizaron siempre: \u201cqueridos hermanos y queridas hermanas, despu\u00e9s del gran Papa Juan Pablo II, los cardenales me han elegido a m\u00ed, un simple y humilde trabajador en la vi\u00f1a del Se\u00f1or\u2026\u201d<\/p>\n\n\n\n<p>Casi 8 a\u00f1os despu\u00e9s, sorprendi\u00f3 al mundo entero presentando su renuncia, el 28 de febrero de 2013, algo que no suced\u00eda desde el siglo XIII. Ning\u00fan pont\u00edfice renunciaba, s\u00f3lo la muerte abr\u00eda el proceso de la sucesi\u00f3n.<\/p>\n\n\n\n<p>Aquel gesto in\u00e9dito inici\u00f3 el camino de una renovaci\u00f3n que tuvo su primera manifestaci\u00f3n en la elecci\u00f3n por primera vez en la historia de un pont\u00edfice no europeo, el argentino Jorge Bergoglio.<\/p>\n\n\n\n<p>Benedicto XVI ha pasado los a\u00f1os de su retiro en una residencia en el interior del Vaticano. No padec\u00eda ninguna enfermedad severa, s\u00f3lo los achaques normales de su edad avanzada. Progresivamente hab\u00eda ido perdiendo la movilidad y la voz, lo que limitaba aun m\u00e1s sus apariciones p\u00fablicas y su participaci\u00f3n en oficios religiosos<\/p>\n\n\n\n<p>La \u00fanica vez que dej\u00f3 el Vaticano desde su renuncia fue para visitar a su hermano Georg en Alemania, en el a\u00f1o 2020, poco antes de que \u00e9ste falleciera.<\/p>\n\n\n\n<p>Durante su pontificado debi\u00f3 enfrentar varias crisis, siendo la m\u00e1s grave el esc\u00e1ndalo producido por los delitos de abusos sexuales a menores por parte de miembros de la Iglesia en varios pa\u00edses del mundo. Fue \u00e9l quien tom\u00f3 las primeras medidas para lidiar con estos casos de un modo m\u00e1s efectivo y transparente.<\/p>\n\n\n\n<p>Pero desde antes de ser elegido Papa, ya enfrentaba Ratzinger una permanente campa\u00f1a de calumnias, que iban desde la cl\u00e1sica y abusiva asociaci\u00f3n \u201calem\u00e1n = nazi\u201d, en su caso especialmente infundada, a ota asociaci\u00f3n igualmente caprichosa entre la Congregaci\u00f3n de la Doctrina de la Fe y un tribunal de Inquisici\u00f3n.<\/p>\n\n\n\n<p>La difamaci\u00f3n tambi\u00e9n implic\u00f3 acusar al propio Benedicto XVI de encubrimiento de los cr\u00edmenes de pederastia; sin embargo, la verdad se impuso y Ratzinger fue llamado \u201cel barrendero de Dios\u201d, por la tarea de limpieza que llev\u00f3 adelante no s\u00f3lo respecto de los sacerdotes abusadores sino tambi\u00e9n de las finanzas vaticanas. Dos l\u00edneas de trabajo continuadas por su sucesor, Francisco.<\/p>\n","protected":false},"excerpt":{"rendered":"<p>Joseph Ratzinger ocup\u00f3 el trono de Pedro durante 8 a\u00f1os, para luego dar un paso al costado. El primer pont\u00edfice em\u00e9rito ten\u00eda un largo pasado en el gobierno de la Iglesia como estrecho colaborador de Juan Pablo II. Este s\u00e1bado muri\u00f3 Benedicto XVI a los 95 a\u00f1os.&nbsp;Su elecci\u00f3n como Papa, el 19 de abril de [&hellip;]<\/p>\n","protected":false},"author":52,"featured_media":366907,"comment_status":"open","ping_status":"open","sticky":false,"template":"","format":"standard","meta":{"_stopmodifiedupdate":false,"_modified_date":"","inline_featured_image":false,"spay_email":"","jetpack_publicize_message":""},"categories":[2,6],"tags":[2740,1966],"jetpack_featured_media_url":"https:\/\/notinor.com\/jujuy\/wp-content\/uploads\/2022\/12\/papa-benedictto.jpg","jetpack_publicize_connections":[],"_links":{"self":[{"href":"https:\/\/notinor.com\/jujuy\/wp-json\/wp\/v2\/posts\/366906"}],"collection":[{"href":"https:\/\/notinor.com\/jujuy\/wp-json\/wp\/v2\/posts"}],"about":[{"href":"https:\/\/notinor.com\/jujuy\/wp-json\/wp\/v2\/types\/post"}],"author":[{"embeddable":true,"href":"https:\/\/notinor.com\/jujuy\/wp-json\/wp\/v2\/users\/52"}],"replies":[{"embeddable":true,"href":"https:\/\/notinor.com\/jujuy\/wp-json\/wp\/v2\/comments?post=366906"}],"version-history":[{"count":1,"href":"https:\/\/notinor.com\/jujuy\/wp-json\/wp\/v2\/posts\/366906\/revisions"}],"predecessor-version":[{"id":366908,"href":"https:\/\/notinor.com\/jujuy\/wp-json\/wp\/v2\/posts\/366906\/revisions\/366908"}],"wp:featuredmedia":[{"embeddable":true,"href":"https:\/\/notinor.com\/jujuy\/wp-json\/wp\/v2\/media\/366907"}],"wp:attachment":[{"href":"https:\/\/notinor.com\/jujuy\/wp-json\/wp\/v2\/media?parent=366906"}],"wp:term":[{"taxonomy":"category","embeddable":true,"href":"https:\/\/notinor.com\/jujuy\/wp-json\/wp\/v2\/categories?post=366906"},{"taxonomy":"post_tag","embeddable":true,"href":"https:\/\/notinor.com\/jujuy\/wp-json\/wp\/v2\/tags?post=366906"}],"curies":[{"name":"wp","href":"https:\/\/api.w.org\/{rel}","templated":true}]}}