{"id":366716,"date":"2022-12-28T18:36:40","date_gmt":"2022-12-28T21:36:40","guid":{"rendered":"https:\/\/notinor.com\/jujuy\/?p=366716"},"modified":"2022-12-28T18:36:43","modified_gmt":"2022-12-28T21:36:43","slug":"desesperado-pedido-de-santa-fe-para-salta-y-santiago-del-estero-abran-compuertas-y-llegue-agua","status":"publish","type":"post","link":"https:\/\/notinor.com\/jujuy\/desesperado-pedido-de-santa-fe-para-salta-y-santiago-del-estero-abran-compuertas-y-llegue-agua\/","title":{"rendered":"Desesperado pedido de Santa Fe para Salta y Santiago del Estero abran compuertas y llegue agua"},"content":{"rendered":"\n<p class=\"has-medium-font-size\"><strong><em>Lo reclaman productores del norte de Santa Fe para facilitar el abastecimiento sobre el curso del r\u00edo Salado, que tiene tramos cortados<\/em><\/strong><\/p>\n\n\n\n<p>En un desesperado intento para no perder lo poco que les queda, tanto en agricultura como en ganader\u00eda, <strong>productores del norte santafecino solicitaron una \u201curgente reuni\u00f3n interjurisdiccional entre las provincias de Santa Fe, Santiago del Estero y Salta, para acordar la apertura de las compuertas sobre el curso del r\u00edo Salado<\/strong>\u201d, que permita recuperar parte del abastecimiento interrumpido por la sequ\u00eda de los \u00faltimos tres a\u00f1os.<\/p>\n\n\n\n<p>\u201c<strong>Es la soluci\u00f3n m\u00e1s r\u00e1pida, la que consideramos que es factible implementar si existe buena predisposici\u00f3n. Necesitamos que se abran las compuertas instaladas por las provincias de Santiago del Estero y de Salta, que pr\u00e1cticamente est\u00e1n dejando sin agua ese cauce en nuestro territorio<\/strong>\u201d, sostuvo esta ma\u00f1ana el presidente de la Sociedad Rural de Tostado, Jorge Mercau y agreg\u00f3: \u201c<strong>El Salado sigue cortado, sin agua en varios tramos al sur de Tostado, y dependemos de la voluntad de mucha gente que env\u00eda agua en cisternas o bidones para atender la demanda. Si se abren las compuertas posiblemente en dos semanas esta situaci\u00f3n puede comenzar a modificarse\u201d.<\/strong><\/p>\n\n\n\n<p>Lo que expuso el dirigente ruralista es parte de la <strong>cruda realidad que enfrentan los departamentos del centro norte santafecino, desde el l\u00edmite sur que significa la ruta provincial 39, hasta el l\u00edmite con las provincias de Chaco y Santiago del Estero. <\/strong>En esa zona que integran los departamentos San Justo, San Crist\u00f3bal, 9 de Julio, Vera y General Obligado, <strong>la sequ\u00eda no perdona y la falta de agua castiga a los humanos radicados en la regi\u00f3n, pero tambi\u00e9n impacta en la producci\u00f3n porque el \u00fanico abastecimiento posible es el que realiza el R\u00edo Salado, que nace en Salta y desemboca en el r\u00edo Paran\u00e1, <\/strong>en el l\u00edmite sur de la capital provincial.<\/p>\n\n\n\n<p>\u201cA pesar de<strong> las lluvias de los \u00faltimos 15 d\u00edas, que resultaron escasas y localizadas en algunas zonas, el r\u00edo Salado est\u00e1 cortado y hay zonas donde se cruza caminando<\/strong>\u201d, apunt\u00f3 Mercau.<br>Seg\u00fan coment\u00f3, \u201chay un mont\u00f3n de productores que no tienen agua, y lo m\u00e1s grave es que hay una elevada mortandad de hacienda. Los ganaderos est\u00e1n llevando la hacienda de un lado a otro. Es una situaci\u00f3n l\u00edmite porque se sabe que el animal que sali\u00f3 de la zona ya no va a volver. Los productores, ac\u00e1 en el norte est\u00e1n muy comprometidos\u201d, asegur\u00f3.<\/p>\n\n\n\n<p>Tambi\u00e9n alert\u00f3 sobre la <strong>falta de pasto y adelant\u00f3 que la \u201cpre\u00f1ez va a ser espantosa\u201d. Indic\u00f3: \u201cTendremos un 20 o 30 por ciento menos que lo normal. A eso hay que agregarle que los animales se cr\u00edan con un estado corporal de regular a malo\u201d.<\/strong><\/p>\n\n\n\n<p>Con relaci\u00f3n a los cultivos, el titular de la Rural de Tostado describi\u00f3: \u201cLas cosechas de trigo no fueron para nada buenas; en girasol algunos que tuvieron suerte algo cosecharon. El algod\u00f3n reci\u00e9n ahora se est\u00e1 sembrando y con la soja se est\u00e1 a la expectativa.<strong> Si vuelve a llover el fin de semana, es probable que se puedan sembrar pastura<\/strong>s para utilizarlas m\u00e1s adelante. Pero esto es cada d\u00eda m\u00e1s complicado\u201d, subray\u00f3.<\/p>\n\n\n\n<p>Mercau insisti\u00f3 en que \u201cm\u00e1s all\u00e1 de las ayudas econ\u00f3micas que pudieran estar gest\u00e1ndose a nivel provincial y nacional, <strong>es de suma urgencia concretar la reuni\u00f3n interjurisdiccional entre las tres provincias para que se respete la provisi\u00f3n de agua por medio del r\u00edo Salado\u201d.<\/strong><\/p>\n\n\n\n<p>Tambi\u00e9n fue consultado sobre la firma de un acuerdo entre la Naci\u00f3n y las provincias de Santiago del Estero y Santa Fe para aunar esfuerzos con el fin de llevar adelante todas las acciones necesarias para fomentar el desarrollo del Proyecto de Obra \u201cHidrovial Interprovincial Santa Fe-Santiago del Estero-Tramo III\u201d, y la adjudicaci\u00f3n en enero del acueducto San Javier-Tostado, que ayer presidi\u00f3 Alberto Fern\u00e1ndez en la capital santiague\u00f1a. \u201cEn esta regi\u00f3n somos recepcionistas de los excesos de agua y tambi\u00e9n de la sequ\u00eda. Esas son obras a largo plazo. Ac\u00e1, la inmediatez es esto que pedimos: que abran las compuertas aguas arriba\u201d, agreg\u00f3.<\/p>\n\n\n\n<p><strong>La situaci\u00f3n es igual de cr\u00edtica en el departamento Vera. \u201cNo llueve y la gente ya agot\u00f3 todos los recursos que ten\u00eda. Vendieron los terneros y ya se gast\u00f3 toda la plata en alimentos y traslado de agua. No hay agua y es desesperante la situaci\u00f3n. El pasto apenas crece y las vacas no tienen fuerza ni para pararse; se mueren con la cr\u00eda adentro porque no pueden parir\u201d<\/strong>, describi\u00f3 Yolanda Arce, integrante de la Uni\u00f3n de Familias Organizadas de Peque\u00f1os Productores de la Cu\u00f1a Boscosa (Uocb).<\/p>\n\n\n\n<figure class=\"wp-block-image size-large\"><img decoding=\"async\" loading=\"lazy\" width=\"724\" height=\"480\" src=\"https:\/\/notinor.com\/jujuy\/wp-content\/uploads\/2022\/12\/0150-1-724x480.png\" alt=\"\" class=\"wp-image-366717\" srcset=\"https:\/\/notinor.com\/jujuy\/wp-content\/uploads\/2022\/12\/0150-1-724x480.png 724w, https:\/\/notinor.com\/jujuy\/wp-content\/uploads\/2022\/12\/0150-1-551x365.png 551w, https:\/\/notinor.com\/jujuy\/wp-content\/uploads\/2022\/12\/0150-1-768x509.png 768w, https:\/\/notinor.com\/jujuy\/wp-content\/uploads\/2022\/12\/0150-1-750x497.png 750w, https:\/\/notinor.com\/jujuy\/wp-content\/uploads\/2022\/12\/0150-1.png 848w\" sizes=\"(max-width: 724px) 100vw, 724px\" \/><\/figure>\n","protected":false},"excerpt":{"rendered":"<p>Lo reclaman productores del norte de Santa Fe para facilitar el abastecimiento sobre el curso del r\u00edo Salado, que tiene tramos cortados En un desesperado intento para no perder lo poco que les queda, tanto en agricultura como en ganader\u00eda, productores del norte santafecino solicitaron una \u201curgente reuni\u00f3n interjurisdiccional entre las provincias de Santa Fe, [&hellip;]<\/p>\n","protected":false},"author":54,"featured_media":366717,"comment_status":"closed","ping_status":"closed","sticky":false,"template":"","format":"standard","meta":{"_stopmodifiedupdate":false,"_modified_date":"","inline_featured_image":false,"spay_email":"","jetpack_publicize_message":""},"categories":[2542],"tags":[],"jetpack_featured_media_url":"https:\/\/notinor.com\/jujuy\/wp-content\/uploads\/2022\/12\/0150-1.png","jetpack_publicize_connections":[],"_links":{"self":[{"href":"https:\/\/notinor.com\/jujuy\/wp-json\/wp\/v2\/posts\/366716"}],"collection":[{"href":"https:\/\/notinor.com\/jujuy\/wp-json\/wp\/v2\/posts"}],"about":[{"href":"https:\/\/notinor.com\/jujuy\/wp-json\/wp\/v2\/types\/post"}],"author":[{"embeddable":true,"href":"https:\/\/notinor.com\/jujuy\/wp-json\/wp\/v2\/users\/54"}],"replies":[{"embeddable":true,"href":"https:\/\/notinor.com\/jujuy\/wp-json\/wp\/v2\/comments?post=366716"}],"version-history":[{"count":1,"href":"https:\/\/notinor.com\/jujuy\/wp-json\/wp\/v2\/posts\/366716\/revisions"}],"predecessor-version":[{"id":366718,"href":"https:\/\/notinor.com\/jujuy\/wp-json\/wp\/v2\/posts\/366716\/revisions\/366718"}],"wp:featuredmedia":[{"embeddable":true,"href":"https:\/\/notinor.com\/jujuy\/wp-json\/wp\/v2\/media\/366717"}],"wp:attachment":[{"href":"https:\/\/notinor.com\/jujuy\/wp-json\/wp\/v2\/media?parent=366716"}],"wp:term":[{"taxonomy":"category","embeddable":true,"href":"https:\/\/notinor.com\/jujuy\/wp-json\/wp\/v2\/categories?post=366716"},{"taxonomy":"post_tag","embeddable":true,"href":"https:\/\/notinor.com\/jujuy\/wp-json\/wp\/v2\/tags?post=366716"}],"curies":[{"name":"wp","href":"https:\/\/api.w.org\/{rel}","templated":true}]}}