{"id":36666,"date":"2015-07-20T00:00:40","date_gmt":"2015-07-20T03:00:40","guid":{"rendered":"http:\/\/notinor.com\/jujuy\/?p=36666"},"modified":"2015-07-19T21:28:20","modified_gmt":"2015-07-20T00:28:20","slug":"170-aniversario-de-la-policia-concierto-de-la-banda-policial-en-el-teatro-mitre","status":"publish","type":"post","link":"https:\/\/notinor.com\/jujuy\/170-aniversario-de-la-policia-concierto-de-la-banda-policial-en-el-teatro-mitre\/","title":{"rendered":"170\u00b0 Aniversario de la Polic\u00eda:  Concierto de la Banda Policial en el Teatro Mitre"},"content":{"rendered":"<p>La presentaci\u00f3n comenzar\u00e1 a horas 20:30 en la Sala Mayor del coliseo juje\u00f1o, oportunidad en que la banda ofrecer\u00e1 un concierto con un variado repertorio. El acceso a este evento es completamente libre y gratuito, por lo cual las personas interesadas en asistir podr\u00e1n retirar las entradas gratuitas en el teatro a partir de horas 19:00 del mismo martes. Se entregar\u00e1 solo una entrada por persona, como as\u00ed las puertas de ingreso se habilitaran a partir de horas 20.00.<\/p>\n","protected":false},"excerpt":{"rendered":"<p>La presentaci\u00f3n comenzar\u00e1 a horas 20:30 en la Sala Mayor del coliseo juje\u00f1o, oportunidad en que la banda ofrecer\u00e1 un concierto con un variado repertorio. El acceso a este evento es completamente libre y gratuito, por lo cual las personas interesadas en asistir podr\u00e1n retirar las entradas gratuitas en el teatro a partir de horas [&hellip;]<\/p>\n","protected":false},"author":1,"featured_media":36667,"comment_status":"open","ping_status":"open","sticky":false,"template":"","format":"standard","meta":{"_stopmodifiedupdate":false,"_modified_date":"","inline_featured_image":false},"categories":[13],"tags":[],"jetpack_featured_media_url":"https:\/\/notinor.com\/jujuy\/wp-content\/uploads\/2015\/07\/banda-policia-jujuy.jpg","_links":{"self":[{"href":"https:\/\/notinor.com\/jujuy\/wp-json\/wp\/v2\/posts\/36666"}],"collection":[{"href":"https:\/\/notinor.com\/jujuy\/wp-json\/wp\/v2\/posts"}],"about":[{"href":"https:\/\/notinor.com\/jujuy\/wp-json\/wp\/v2\/types\/post"}],"author":[{"embeddable":true,"href":"https:\/\/notinor.com\/jujuy\/wp-json\/wp\/v2\/users\/1"}],"replies":[{"embeddable":true,"href":"https:\/\/notinor.com\/jujuy\/wp-json\/wp\/v2\/comments?post=36666"}],"version-history":[{"count":1,"href":"https:\/\/notinor.com\/jujuy\/wp-json\/wp\/v2\/posts\/36666\/revisions"}],"predecessor-version":[{"id":36668,"href":"https:\/\/notinor.com\/jujuy\/wp-json\/wp\/v2\/posts\/36666\/revisions\/36668"}],"wp:featuredmedia":[{"embeddable":true,"href":"https:\/\/notinor.com\/jujuy\/wp-json\/wp\/v2\/media\/36667"}],"wp:attachment":[{"href":"https:\/\/notinor.com\/jujuy\/wp-json\/wp\/v2\/media?parent=36666"}],"wp:term":[{"taxonomy":"category","embeddable":true,"href":"https:\/\/notinor.com\/jujuy\/wp-json\/wp\/v2\/categories?post=36666"},{"taxonomy":"post_tag","embeddable":true,"href":"https:\/\/notinor.com\/jujuy\/wp-json\/wp\/v2\/tags?post=36666"}],"curies":[{"name":"wp","href":"https:\/\/api.w.org\/{rel}","templated":true}]}}