{"id":366392,"date":"2022-12-26T10:42:56","date_gmt":"2022-12-26T13:42:56","guid":{"rendered":"https:\/\/notinor.com\/jujuy\/?p=366392"},"modified":"2022-12-26T10:43:01","modified_gmt":"2022-12-26T13:43:01","slug":"la-mesa-de-enlace-se-reunira-con-el-secretario-de-agricultura-y-ministros-provinciales","status":"publish","type":"post","link":"https:\/\/notinor.com\/jujuy\/la-mesa-de-enlace-se-reunira-con-el-secretario-de-agricultura-y-ministros-provinciales\/","title":{"rendered":"La Mesa de Enlace se reunir\u00e1 con el Secretario de Agricultura y ministros provinciales"},"content":{"rendered":"\n<p><em><strong>El encuentro se realizar\u00e1 en Rosario, en medio de la problem\u00e1tica por la sequ\u00eda. La semana pasada las entidades del campo decidieron no participar de una reuni\u00f3n con Juan Jos\u00e9 Bahillo, argumentando que el pedido de audiencia lo hab\u00edan elevado al ministro de Econom\u00eda<\/strong><\/em>.<\/p>\n\n\n<div class=\"wp-block-image\">\n<figure class=\"aligncenter size-full\"><img decoding=\"async\" loading=\"lazy\" width=\"768\" height=\"432\" src=\"https:\/\/notinor.com\/jujuy\/wp-content\/uploads\/2022\/12\/image-238.png\" alt=\"\" class=\"wp-image-366394\" srcset=\"https:\/\/notinor.com\/jujuy\/wp-content\/uploads\/2022\/12\/image-238.png 768w, https:\/\/notinor.com\/jujuy\/wp-content\/uploads\/2022\/12\/image-238-649x365.png 649w, https:\/\/notinor.com\/jujuy\/wp-content\/uploads\/2022\/12\/image-238-500x280.png 500w, https:\/\/notinor.com\/jujuy\/wp-content\/uploads\/2022\/12\/image-238-750x422.png 750w\" sizes=\"(max-width: 768px) 100vw, 768px\" \/><\/figure><\/div>\n\n\n<p>Los dirigentes de la\u00a0<strong>Mesa de Enlace<\/strong>\u00a0mantendr\u00e1n hoy una reuni\u00f3n con el secretario de Agricultura,\u00a0<strong>Juan Jos\u00e9 Bahillo<\/strong>, a las 12hs en la Casa de la provincia de\u00a0<strong>Santa Fe<\/strong>, ubicada en la ciudad de\u00a0<strong>Rosario<\/strong>. Adem\u00e1s, el funcionario nacional mantendr\u00e1 un encuentro con los ministros del Agro y la Producci\u00f3n de Santa Fe,\u00a0<strong>Buenos Aires<\/strong>,<strong>\u00a0C\u00f3rdoba<\/strong>,\u00a0<strong>Entre R\u00edos<\/strong>\u00a0y\u00a0<strong>La Pampa<\/strong>.<\/p>\n\n\n\n<p>Seg\u00fan pudo saber este medio, los representantes de los productores al tomar conocimiento del encuentro de Juan Jos\u00e9 Bahillo con los ministros de las mencionadas provincias, solicitaron participar del mismo con el objetivo de interiorizarse en profundidad de la realidad de los distritos y demostrar vocaci\u00f3n de di\u00e1logo con cada uno de ellos. Por otro lado, si bien <strong>fuentes oficiales confirmaron que no se realizar\u00e1n anuncios, la dirigencia del campo consultar\u00e1 sobre qu\u00e9 medidas se est\u00e1n estudiando para enfrentar la problem\u00e1tica clim\u00e1tica, entre otros temas.<\/strong><\/p>\n\n\n\n<p>La semana pasada se gener\u00f3 pol\u00e9mica entre el campo y el Gobierno por <strong>la decisi\u00f3n de la Mesa de Enlace de no asistir a una reuni\u00f3n que convoc\u00f3 el Secretario de Agricultura, <\/strong>tras el pedido de audiencia que se acerc\u00f3 al ministro de Econom\u00eda,\u00a0<strong>Sergio Massa<\/strong>. Si bien destacaron la buena voluntad de dialogar por parte de Juan Jos\u00e9 Bahillo, los dirigentes rechazaron la propuesta y reiteraron el pedido de reunirse con el titular del Palacio de Hacienda.<\/p>\n\n\n\n<p><strong>La reuni\u00f3n que los representantes de los productores solicitaron fue para debatir<\/strong>, entre otros temas, d\u00f3lar soja e intervenci\u00f3n mercados, compensaciones a los que no accedieron a d\u00f3lar soja, compensaci\u00f3n para econom\u00edas regionales, tasa inter\u00e9s del Banco Central para productores de soja, los efectos de la sequ\u00eda, y da\u00f1os sobre tamberos, ganaderos, aves y porcinos por encarecimiento suplemento proteico.<\/p>\n\n\n<div class=\"wp-block-image\">\n<figure class=\"aligncenter size-large\"><img decoding=\"async\" loading=\"lazy\" width=\"786\" height=\"480\" src=\"https:\/\/notinor.com\/jujuy\/wp-content\/uploads\/2022\/12\/image-239-786x480.png\" alt=\"\" class=\"wp-image-366395\" srcset=\"https:\/\/notinor.com\/jujuy\/wp-content\/uploads\/2022\/12\/image-239-786x480.png 786w, https:\/\/notinor.com\/jujuy\/wp-content\/uploads\/2022\/12\/image-239-597x365.png 597w, https:\/\/notinor.com\/jujuy\/wp-content\/uploads\/2022\/12\/image-239-768x469.png 768w, https:\/\/notinor.com\/jujuy\/wp-content\/uploads\/2022\/12\/image-239-750x458.png 750w, https:\/\/notinor.com\/jujuy\/wp-content\/uploads\/2022\/12\/image-239.png 992w\" sizes=\"(max-width: 786px) 100vw, 786px\" \/><\/figure><\/div>\n\n\n<p>Bahillo lament\u00f3 la ausencia de los dirigentes ruralistas en el encuentro que estaba pautado en la sede de la cartera agropecuaria. <strong>\u201cResulta llamativo que la Mesa de Enlace haya decidido postergar una reuni\u00f3n solicitada por ellos mismos y que ten\u00eda como objetivo tratar temas vinculados a la sequ\u00eda\u201d<\/strong>, dijo el funcionario en un comunicado. Sin embargo, reafirm\u00f3 la decisi\u00f3n de seguir trabajando en los temas del sector.<\/p>\n\n\n\n<p>Adem\u00e1s, el Secretario de Agricultura expres\u00f3 \u201cdesconocer las razones de la decisi\u00f3n tomada por los representantes de no acudir a un encuentro solicitado en forma oficial por ellos mismos para tratar un tema que no admite dilaciones. <strong>Desde la Secretar\u00eda ten\u00edamos preparada una serie de medidas que quer\u00edamos consensuar y dialogar con ellos\u201d. <\/strong>Y adem\u00e1s, reafirm\u00f3 \u201cla decisi\u00f3n de seguir trabajando en estos temas y estar a la altura de las circunstancias c\u00f3mo ha sido hasta ahora por ambas partes\u201d.<\/p>\n\n\n\n<h2 class=\"has-medium-font-size\"><strong>Mesa de Enlace<\/strong><\/h2>\n\n\n\n<p>\u201cDestacamos la vocaci\u00f3n de di\u00e1logo del Secretario , pero entendemos que la realidad de los temas que le preocupan a los productores necesitan una reuni\u00f3n con el ministro (Sergio) Massa. Por eso le solicitamos la audiencia a \u00e9l. La presi\u00f3n impositiva, la sequ\u00eda que sigue azotando a las regionales productivas, el doble tipo de cambio, las distorsiones del d\u00f3lar soja y otros temas de agenda, son prioridades que el gobierno debe escuchar\u201d, dijo ayer a la prensa el presidente de la\u00a0<strong>Sociedad Rural Argentina<\/strong>\u00a0(SRA),\u00a0<strong>Nicol\u00e1s Pino<\/strong>.<\/p>\n\n\n<div class=\"wp-block-image\">\n<figure class=\"aligncenter size-large\"><img decoding=\"async\" loading=\"lazy\" width=\"720\" height=\"480\" src=\"https:\/\/notinor.com\/jujuy\/wp-content\/uploads\/2022\/12\/image-240-720x480.png\" alt=\"\" class=\"wp-image-366396\" srcset=\"https:\/\/notinor.com\/jujuy\/wp-content\/uploads\/2022\/12\/image-240-720x480.png 720w, https:\/\/notinor.com\/jujuy\/wp-content\/uploads\/2022\/12\/image-240-548x365.png 548w, https:\/\/notinor.com\/jujuy\/wp-content\/uploads\/2022\/12\/image-240-750x500.png 750w, https:\/\/notinor.com\/jujuy\/wp-content\/uploads\/2022\/12\/image-240.png 768w\" sizes=\"(max-width: 720px) 100vw, 720px\" \/><\/figure><\/div>\n\n\n<p>Por ultimo, desde&nbsp;<strong>Federaci\u00f3n Agraria Argentina<\/strong>&nbsp;(FAA) se\u00f1alaron que \u201cpretender ponernos del lado de los culpables porque decidimos no asistir a una reuni\u00f3n m\u00e1s con otros funcionarios, ser\u00eda una canallada. As\u00ed como el gobierno, en la persona de sus m\u00e1s encumbrados dirigentes, tiene tiempo para coordinar con las exportadoras y cerealeras la manera de ingresar divisas y hacer ganar a algunos, deber\u00eda hacerse el tiempo de dar las soluciones a los peque\u00f1os actores que seguimos haciendo patria y subsistiendo con nuestras familias para alimentar al pa\u00eds, en total soledad\u201d, dijeron los federados en un comunicado.<\/p>\n\n\n\n<h2>Trigo<\/h2>\n\n\n\n<p>En las \u00faltimas horas y en medio de una profunda sequ\u00eda, desde su cuenta personal de Twitter, ayer el Secretario de Agricultura,\u00a0<strong>Juan Jos\u00e9 Bahillo<\/strong>, asegur\u00f3 que \u201cla estimaci\u00f3n de\u00a0<strong>trigo<\/strong>\u00a0para el ciclo 2022\/23 alcanzar\u00e1 las 14,9 millones de toneladas, lo cual garantiza tanto el abastecimiento interno como el saldo exportable para que los privados cumplan con sus compromisos\u201d. A todo esto, el ministro de Econom\u00eda,\u00a0<strong>Sergio Massa<\/strong>, reaccion\u00f3 a las observaciones de Bahillo diciendo que se trata de una \u201cgran noticia para los argentinos\u201d, y destac\u00f3 el esfuerzo de los productores que est\u00e1n enfrentando los problemas de la falta de lluvias.<\/p>\n\n\n\n<p>El informe mensual de estimaciones de la propia Secretar\u00eda proyect\u00f3 para la actual cosecha de trigo una producci\u00f3n total de&nbsp;<strong>13,3 millones de toneladas<\/strong>, un 0,7% de ca\u00edda en relaci\u00f3n a los datos de noviembre pasado y un 39,8% de merma interanual.<\/p>\n\n\n\n<p>Haciendo de puente entre los c\u00e1lculos de Bahillo y las estimaciones t\u00e9cnicas, un comunicado aclar\u00f3 despu\u00e9s que a la proyecci\u00f3n de cosecha hay que sumarle un stock inicial de 1,72 millones de toneladas de la campa\u00f1a anterior que permite aproximarse a las 15 millones de toneladas mencionadas por el titular de la cartera agr\u00edcola en la red social. \u201cEste volumen garantiza el abastecimiento interno de 6,5 millones de toneladas, exportaciones por 4,75 millones de toneladas, y 0,9 millones de toneladas para semillas\u201d, dijeron desde Agricultura.<\/p>\n","protected":false},"excerpt":{"rendered":"<p>El encuentro se realizar\u00e1 en Rosario, en medio de la problem\u00e1tica por la sequ\u00eda. La semana pasada las entidades del campo decidieron no participar de una reuni\u00f3n con Juan Jos\u00e9 Bahillo, argumentando que el pedido de audiencia lo hab\u00edan elevado al ministro de Econom\u00eda. Los dirigentes de la\u00a0Mesa de Enlace\u00a0mantendr\u00e1n hoy una reuni\u00f3n con el [&hellip;]<\/p>\n","protected":false},"author":37,"featured_media":366396,"comment_status":"open","ping_status":"open","sticky":false,"template":"","format":"standard","meta":{"_stopmodifiedupdate":false,"_modified_date":"","inline_featured_image":false,"spay_email":"","jetpack_publicize_message":""},"categories":[2542],"tags":[],"jetpack_featured_media_url":"https:\/\/notinor.com\/jujuy\/wp-content\/uploads\/2022\/12\/image-240.png","jetpack_publicize_connections":[],"_links":{"self":[{"href":"https:\/\/notinor.com\/jujuy\/wp-json\/wp\/v2\/posts\/366392"}],"collection":[{"href":"https:\/\/notinor.com\/jujuy\/wp-json\/wp\/v2\/posts"}],"about":[{"href":"https:\/\/notinor.com\/jujuy\/wp-json\/wp\/v2\/types\/post"}],"author":[{"embeddable":true,"href":"https:\/\/notinor.com\/jujuy\/wp-json\/wp\/v2\/users\/37"}],"replies":[{"embeddable":true,"href":"https:\/\/notinor.com\/jujuy\/wp-json\/wp\/v2\/comments?post=366392"}],"version-history":[{"count":1,"href":"https:\/\/notinor.com\/jujuy\/wp-json\/wp\/v2\/posts\/366392\/revisions"}],"predecessor-version":[{"id":366402,"href":"https:\/\/notinor.com\/jujuy\/wp-json\/wp\/v2\/posts\/366392\/revisions\/366402"}],"wp:featuredmedia":[{"embeddable":true,"href":"https:\/\/notinor.com\/jujuy\/wp-json\/wp\/v2\/media\/366396"}],"wp:attachment":[{"href":"https:\/\/notinor.com\/jujuy\/wp-json\/wp\/v2\/media?parent=366392"}],"wp:term":[{"taxonomy":"category","embeddable":true,"href":"https:\/\/notinor.com\/jujuy\/wp-json\/wp\/v2\/categories?post=366392"},{"taxonomy":"post_tag","embeddable":true,"href":"https:\/\/notinor.com\/jujuy\/wp-json\/wp\/v2\/tags?post=366392"}],"curies":[{"name":"wp","href":"https:\/\/api.w.org\/{rel}","templated":true}]}}