{"id":366069,"date":"2022-12-21T18:56:07","date_gmt":"2022-12-21T21:56:07","guid":{"rendered":"https:\/\/notinor.com\/jujuy\/?p=366069"},"modified":"2022-12-21T18:56:10","modified_gmt":"2022-12-21T21:56:10","slug":"liberaron-a-los-23-detenidos-por-los-incidentes-en-el-obelisco","status":"publish","type":"post","link":"https:\/\/notinor.com\/jujuy\/liberaron-a-los-23-detenidos-por-los-incidentes-en-el-obelisco\/","title":{"rendered":"Liberaron a los 23 detenidos por los incidentes en el Obelisco"},"content":{"rendered":"\n<p class=\"has-medium-font-size\"><strong><em>Un grupo de hinchas que permaneci\u00f3 en el Obelisco una vez finalizados los festejos por la llegada de la Selecci\u00f3n argentina se confront\u00f3 con la Polic\u00eda de la Ciudad y 23 de ellos quedaron detenidos. Esta ma\u00f1ana fueron liberados pero se les inici\u00f3 una causa penal.<\/em><\/strong><\/p>\n\n\n\n<figure class=\"wp-block-image size-full\"><img decoding=\"async\" loading=\"lazy\" width=\"721\" height=\"402\" src=\"https:\/\/notinor.com\/jujuy\/wp-content\/uploads\/2022\/12\/0198.png\" alt=\"\" class=\"wp-image-366070\" srcset=\"https:\/\/notinor.com\/jujuy\/wp-content\/uploads\/2022\/12\/0198.png 721w, https:\/\/notinor.com\/jujuy\/wp-content\/uploads\/2022\/12\/0198-655x365.png 655w, https:\/\/notinor.com\/jujuy\/wp-content\/uploads\/2022\/12\/0198-500x280.png 500w\" sizes=\"(max-width: 721px) 100vw, 721px\" \/><\/figure>\n\n\n\n<p>Una vez finalizados los festejos en el centro de Buenos Aires por la llegada de la Selecci\u00f3n argentina al pa\u00eds tras su consagraci\u00f3n en la Copa del Mundo de Qatar 2022, <strong>un grupo de hinchas que todav\u00eda estaban en el Obelisco tuvo una confrontaci\u00f3n con la polic\u00eda y fueron detenidos.<\/strong> <strong>Esta ma\u00f1ana, los 23 fan\u00e1ticos quedaron liberados pero fueron notificados de que se les inici\u00f3 una causa penal.<\/strong><\/p>\n\n\n\n<p>A nueve de los detenidos<strong> se les inici\u00f3 causa por intentos de robo, mientras que a los otros 14 se los investiga por los incidentes en la zona del Obelisco<\/strong>.<\/p>\n\n\n\n<p>Por otro lado, <strong>los 21 efectivos de la Polic\u00eda de la Ciudad que hab\u00edan resultado heridos durante los enfrentamientos con hinchas ya recibieron el alta.<\/strong><\/p>\n\n\n\n<p><strong>La confrontaci\u00f3n se produjo cuando la Polic\u00eda intentaba desalojar a las personas que hab\u00edan logrado entrar al Obelisco<\/strong> y permanec\u00edan adentro cuando la mayor\u00eda de la gente ya se hab\u00eda retirado. Algunos agresores comenzaron a arrojar piedras y botellas contra los pocos oficiales que estaban en el ingreso al monumento de la Ciudad y estos a su vez respondieron disparando balas de goma.<\/p>\n\n\n\n<p><strong>Los manifestantes hab\u00edan entrado al Obelisco tras romper la puerta y el candado con una maza, como lo hab\u00edan hecho el pasado domingo <\/strong>durante los festejos por el Mundial de Qatar 2022.<\/p>\n\n\n\n<p>Se estima que en a lo largo de toda la Avenida 9 de Julio y la Autopista 25 de mayo se congregaron m\u00e1s de 4 millones de personas.<\/p>\n","protected":false},"excerpt":{"rendered":"<p>Un grupo de hinchas que permaneci\u00f3 en el Obelisco una vez finalizados los festejos por la llegada de la Selecci\u00f3n argentina se confront\u00f3 con la Polic\u00eda de la Ciudad y 23 de ellos quedaron detenidos. Esta ma\u00f1ana fueron liberados pero se les inici\u00f3 una causa penal. Una vez finalizados los festejos en el centro de [&hellip;]<\/p>\n","protected":false},"author":54,"featured_media":366070,"comment_status":"closed","ping_status":"closed","sticky":false,"template":"","format":"standard","meta":{"_stopmodifiedupdate":false,"_modified_date":"","inline_featured_image":false,"spay_email":"","jetpack_publicize_message":""},"categories":[3],"tags":[],"jetpack_featured_media_url":"https:\/\/notinor.com\/jujuy\/wp-content\/uploads\/2022\/12\/0198.png","jetpack_publicize_connections":[],"_links":{"self":[{"href":"https:\/\/notinor.com\/jujuy\/wp-json\/wp\/v2\/posts\/366069"}],"collection":[{"href":"https:\/\/notinor.com\/jujuy\/wp-json\/wp\/v2\/posts"}],"about":[{"href":"https:\/\/notinor.com\/jujuy\/wp-json\/wp\/v2\/types\/post"}],"author":[{"embeddable":true,"href":"https:\/\/notinor.com\/jujuy\/wp-json\/wp\/v2\/users\/54"}],"replies":[{"embeddable":true,"href":"https:\/\/notinor.com\/jujuy\/wp-json\/wp\/v2\/comments?post=366069"}],"version-history":[{"count":1,"href":"https:\/\/notinor.com\/jujuy\/wp-json\/wp\/v2\/posts\/366069\/revisions"}],"predecessor-version":[{"id":366071,"href":"https:\/\/notinor.com\/jujuy\/wp-json\/wp\/v2\/posts\/366069\/revisions\/366071"}],"wp:featuredmedia":[{"embeddable":true,"href":"https:\/\/notinor.com\/jujuy\/wp-json\/wp\/v2\/media\/366070"}],"wp:attachment":[{"href":"https:\/\/notinor.com\/jujuy\/wp-json\/wp\/v2\/media?parent=366069"}],"wp:term":[{"taxonomy":"category","embeddable":true,"href":"https:\/\/notinor.com\/jujuy\/wp-json\/wp\/v2\/categories?post=366069"},{"taxonomy":"post_tag","embeddable":true,"href":"https:\/\/notinor.com\/jujuy\/wp-json\/wp\/v2\/tags?post=366069"}],"curies":[{"name":"wp","href":"https:\/\/api.w.org\/{rel}","templated":true}]}}