{"id":366063,"date":"2022-12-21T18:19:38","date_gmt":"2022-12-21T21:19:38","guid":{"rendered":"https:\/\/notinor.com\/jujuy\/?p=366063"},"modified":"2022-12-21T18:19:40","modified_gmt":"2022-12-21T21:19:40","slug":"se-celebro-el-solsticio-de-verano","status":"publish","type":"post","link":"https:\/\/notinor.com\/jujuy\/se-celebro-el-solsticio-de-verano\/","title":{"rendered":"Se celebr\u00f3 el \"Solsticio de Verano\""},"content":{"rendered":"\n<p class=\"has-medium-font-size\"><strong><em>Como parte de Lanzamiento de la Temporada Tur\u00edstica 2023, se concret\u00f3 la ceremonia ancestral teniendo como marco el Paseo de los Colorados en Purmamarca.<\/em><\/strong><\/p>\n\n\n\n<figure class=\"wp-block-image size-full\"><img decoding=\"async\" loading=\"lazy\" width=\"711\" height=\"473\" src=\"https:\/\/notinor.com\/jujuy\/wp-content\/uploads\/2022\/12\/0196.png\" alt=\"\" class=\"wp-image-366065\" srcset=\"https:\/\/notinor.com\/jujuy\/wp-content\/uploads\/2022\/12\/0196.png 711w, https:\/\/notinor.com\/jujuy\/wp-content\/uploads\/2022\/12\/0196-549x365.png 549w\" sizes=\"(max-width: 711px) 100vw, 711px\" \/><\/figure>\n\n\n\n<p>Creciendo a\u00f1o a a\u00f1o, la <strong>celebraci\u00f3n c\u00f3smica del \u201cSolsticio de Verano\u201d, organizada por Alma Andina Producciones con el apoyo del Ministerio de Cultura y Turismo, convoc\u00f3 a propios y turistas y se vivi\u00f3 la fiesta ceremonial<\/strong>, y en la cual durante toda la noche se realizaron diversas actividades. El ritual fue encabezado por el Secretario de Cultura, Luis Medina Zar, junto al Comisionado de Purmamarca, Gustavo Cruz.<\/p>\n\n\n\n<p>Medina Zar se mostr\u00f3 satisfecho por la nueva edici\u00f3n, y puntualiz\u00f3 que \u201cal igual que la primera edici\u00f3n que realizamos en el 2019<strong>, buscamos que tanto los turistas como los juje\u00f1os participen de la ceremonia Andina y vivan la experiencia al llenarse de energ\u00eda\u201d.<\/strong><\/p>\n\n\n\n<p>\u201cLa ceremonia no puede tener un marco m\u00e1s imponente, y <strong>mostramos uno de los lugares tur\u00edsticos m\u00e1s importante de Jujuy como Purmamarca<\/strong> que atrae nuevos visitantes\u201d, afirm\u00f3.<\/p>\n\n\n\n<p>Concluy\u00f3 diciendo que \u201c<strong>fuimos r\u00e9cord durante el verano 2022, as\u00ed que nuestras expectativas son altas para la nueva temporada tur\u00edstica, recordando que tenemos un calendario Cultural Tur\u00edstico 2023 <\/strong>muy atractivo para los visitantes y juje\u00f1os\u201d.<\/p>\n\n\n\n<p>Todo <strong>inici\u00f3 con el encendido del fuego<\/strong>, despu\u00e9s <strong>se present\u00f3 la filmaci\u00f3n \u201cla hora m\u00e1gica en el Pucar\u00e1 de Tilcara\u201d<\/strong> a cargo de Florencia Mallagray, Eric Dewidson, Diego P\u00e9rez e In\u00e9s Gonz\u00e1lez Pemberton, y el marco musical se dio con el <strong>concierto de Naci\u00f3n Ekeko<\/strong> que cont\u00f3 <strong>con la participaci\u00f3n Micaela Chauque, Maryta de Humahuaca y Sembrando Voces.<\/strong><\/p>\n\n\n\n<p>Tambi\u00e9n se brind\u00f3 una <strong>charla sobre \u201cSolsticio de Verano, Capaq Raymi 5530<\/strong>, aspectos astron\u00f3micos y ceremoniales\u201d, a cargo de Juan Pablo Francolini.<\/p>\n\n\n\n<p>Concluida la charla, Francolini, investigador independiente, se mostr\u00f3 sumamente agradecido por participar en el Solsticio de Verano y remarc\u00f3 que \u201ceste es un lugar muy precioso, y Purmamarca tiene una energ\u00eda \u00fanica, la verdad que es m\u00e1gica\u201d.<\/p>\n\n\n\n<p>En relaci\u00f3n a la ceremonia, detall\u00f3 que<strong> \u201ces el d\u00eda m\u00e1s largo y la noche m\u00e1s corta, lo que nos habla de la plenitud\u201d<\/strong>, y m\u00e1s adelante, acot\u00f3 sobre el solsticio que \u201cel sol est\u00e1 en el centro, donde los frutos alcanzan la maduraci\u00f3n, donde hay m\u00e1s papa, ma\u00edz, se preparan para futuras cosechas, donde las flores y los animales est\u00e1n vitales, y tambi\u00e9n es momento de alcanzar la plenitud de la energ\u00eda vital a nivel humano\u201d.<\/p>\n\n\n\n<p>Finalmente, Georgina, de Alma Andina producciones, agradeci\u00f3 a las autoridades del Ministerio de Cultura y Turismo, tanto a Posadas como a Medina Zar, y al comisionado municipal de Purmamarca, por el acompa\u00f1amiento y apoyo.<\/p>\n","protected":false},"excerpt":{"rendered":"<p>Como parte de Lanzamiento de la Temporada Tur\u00edstica 2023, se concret\u00f3 la ceremonia ancestral teniendo como marco el Paseo de los Colorados en Purmamarca. Creciendo a\u00f1o a a\u00f1o, la celebraci\u00f3n c\u00f3smica del \u201cSolsticio de Verano\u201d, organizada por Alma Andina Producciones con el apoyo del Ministerio de Cultura y Turismo, convoc\u00f3 a propios y turistas y [&hellip;]<\/p>\n","protected":false},"author":54,"featured_media":366065,"comment_status":"closed","ping_status":"closed","sticky":false,"template":"","format":"standard","meta":{"_stopmodifiedupdate":false,"_modified_date":"","inline_featured_image":false,"spay_email":"","jetpack_publicize_message":""},"categories":[4,832],"tags":[],"jetpack_featured_media_url":"https:\/\/notinor.com\/jujuy\/wp-content\/uploads\/2022\/12\/0196.png","jetpack_publicize_connections":[],"_links":{"self":[{"href":"https:\/\/notinor.com\/jujuy\/wp-json\/wp\/v2\/posts\/366063"}],"collection":[{"href":"https:\/\/notinor.com\/jujuy\/wp-json\/wp\/v2\/posts"}],"about":[{"href":"https:\/\/notinor.com\/jujuy\/wp-json\/wp\/v2\/types\/post"}],"author":[{"embeddable":true,"href":"https:\/\/notinor.com\/jujuy\/wp-json\/wp\/v2\/users\/54"}],"replies":[{"embeddable":true,"href":"https:\/\/notinor.com\/jujuy\/wp-json\/wp\/v2\/comments?post=366063"}],"version-history":[{"count":1,"href":"https:\/\/notinor.com\/jujuy\/wp-json\/wp\/v2\/posts\/366063\/revisions"}],"predecessor-version":[{"id":366067,"href":"https:\/\/notinor.com\/jujuy\/wp-json\/wp\/v2\/posts\/366063\/revisions\/366067"}],"wp:featuredmedia":[{"embeddable":true,"href":"https:\/\/notinor.com\/jujuy\/wp-json\/wp\/v2\/media\/366065"}],"wp:attachment":[{"href":"https:\/\/notinor.com\/jujuy\/wp-json\/wp\/v2\/media?parent=366063"}],"wp:term":[{"taxonomy":"category","embeddable":true,"href":"https:\/\/notinor.com\/jujuy\/wp-json\/wp\/v2\/categories?post=366063"},{"taxonomy":"post_tag","embeddable":true,"href":"https:\/\/notinor.com\/jujuy\/wp-json\/wp\/v2\/tags?post=366063"}],"curies":[{"name":"wp","href":"https:\/\/api.w.org\/{rel}","templated":true}]}}