{"id":366059,"date":"2022-12-21T18:15:03","date_gmt":"2022-12-21T21:15:03","guid":{"rendered":"https:\/\/notinor.com\/jujuy\/?p=366059"},"modified":"2022-12-21T18:29:09","modified_gmt":"2022-12-21T21:29:09","slug":"vicunas-en-silvestria-reunion-internacional-para-su-proteccion","status":"publish","type":"post","link":"https:\/\/notinor.com\/jujuy\/vicunas-en-silvestria-reunion-internacional-para-su-proteccion\/","title":{"rendered":"Vicu\u00f1as en silvestr\u00eda: reuni\u00f3n internacional para su protecci\u00f3n"},"content":{"rendered":"\n<p class=\"has-medium-font-size\"><strong><em>Se realiz\u00f3 una reuni\u00f3n v\u00eda zoom con autoridades de Bolivia para definir acciones conjuntas en el control y fiscalizaci\u00f3n de las vicu\u00f1as en silvestr\u00eda.<\/em><\/strong><\/p>\n\n\n\n<figure class=\"wp-block-image size-large\"><img decoding=\"async\" loading=\"lazy\" width=\"679\" height=\"480\" src=\"https:\/\/notinor.com\/jujuy\/wp-content\/uploads\/2022\/12\/0197-679x480.png\" alt=\"\" class=\"wp-image-366061\" srcset=\"https:\/\/notinor.com\/jujuy\/wp-content\/uploads\/2022\/12\/0197-679x480.png 679w, https:\/\/notinor.com\/jujuy\/wp-content\/uploads\/2022\/12\/0197-516x365.png 516w, https:\/\/notinor.com\/jujuy\/wp-content\/uploads\/2022\/12\/0197-120x86.png 120w, https:\/\/notinor.com\/jujuy\/wp-content\/uploads\/2022\/12\/0197.png 710w\" sizes=\"(max-width: 679px) 100vw, 679px\" \/><\/figure>\n\n\n\n<p>El Ministerio de Ambiente y Cambio Clim\u00e1tico, a trav\u00e9s de la Secretar\u00eda de Biodiversidad y Desarrollo Sustentable, particip\u00f3 de una<strong> reuni\u00f3n internacional v\u00eda zoom con Bolivia para tratar temas importantes como el conocimiento de los antecedentes de las vicu\u00f1as y la situaci\u00f3n actual de caza furtiva en zonas lim\u00edtrofes <\/strong>con Jujuy, en la que se estableci\u00f3 un documento formal para la acci\u00f3n conjunta en el control y fiscalizaci\u00f3n de este delito y a su vez, su comercializaci\u00f3n.<\/p>\n\n\n\n<p>La provincia dio g<strong>randes avances en el combate de la cacer\u00eda ilegal de vicu\u00f1as, desarrollando un mecanismo de prevenci\u00f3n con Bolivia<\/strong> debido a las zonas lim\u00edtrofes con Jujuy en donde se realizan los procesos de esquila sustentable de fibra de vicu\u00f1as, reforzando el control en las fronteras para evitar el peligro a la especie protegida. Este modelo de gesti\u00f3n es una fuente de expresi\u00f3n del trabajo comunitario y los valores culturales.<\/p>\n\n\n\n<p>Participaron de la reuni\u00f3n referentes de: Secretar\u00eda de Biodiversidad y Desarrollo Sustentable, Ministerio de Seguridad, Juez Contravencional, Fiscal Ambiental, Juez Federal, Comandante Principal, Jefe de la Agrupaci\u00f3n IX de Gendarmer\u00eda Nacional, Jefe del Escuadr\u00f3n de Gendarmer\u00eda de La Quiaca 21, Jefe de la Polic\u00eda Federal Argentina, INTA Miraflores y el Monumento Natural Laguna de Pozuelos. Por parte del Estado Plurinacional de Bolivia: Consulado de Bolivia en La Quiaca, Secretar\u00eda del Consulado en la Quiaca, Secretar\u00eda Departamental de Madre Tierra, Gobierno Aut\u00f3nomo Departamental de Potos\u00ed, y la Secretar\u00eda de Desarrollo Productivo y Medio Ambiente del Gobierno Aut\u00f3nomo Municipal de Villaz\u00f3n.<\/p>\n\n\n\n<p class=\"has-medium-font-size\"><strong>Gran a\u00f1o vicu\u00f1ero <\/strong><\/p>\n\n\n\n<p><strong>Despu\u00e9s de una nutrida agenda finaliz\u00f3 la Temporada 2022 de esquila sustentable de vicu\u00f1as en silvestr\u00eda, conocida como \u201cChakus<\/strong>\u201d, una actividad ancestral en la que las poblaciones de la puna juje\u00f1a integrantes de la CAMVI (Comunidades Andinas Manejadoras de Vicu\u00f1as) <strong>recolectan la fibra de vicu\u00f1a para su aprovechamiento comercial<\/strong>. De este proceso participa la cartera ambiental a trav\u00e9s de los equipos t\u00e9cnicos de la Direcci\u00f3n de Protecci\u00f3n a la Biodiversidad y \u00c1reas Protegidas, quienes vienen trabajando desde el inicio en generar capacitaciones a las comunidades respecto de la actividad, coordinando con organizaciones de gobierno provincial y nacional, y de la sociedad civil, incrementando sustancialmente el proceso y los est\u00e1ndares de bienestar animal.<\/p>\n","protected":false},"excerpt":{"rendered":"<p>Se realiz\u00f3 una reuni\u00f3n v\u00eda zoom con autoridades de Bolivia para definir acciones conjuntas en el control y fiscalizaci\u00f3n de las vicu\u00f1as en silvestr\u00eda. El Ministerio de Ambiente y Cambio Clim\u00e1tico, a trav\u00e9s de la Secretar\u00eda de Biodiversidad y Desarrollo Sustentable, particip\u00f3 de una reuni\u00f3n internacional v\u00eda zoom con Bolivia para tratar temas importantes como [&hellip;]<\/p>\n","protected":false},"author":54,"featured_media":366061,"comment_status":"closed","ping_status":"closed","sticky":false,"template":"","format":"standard","meta":{"_stopmodifiedupdate":false,"_modified_date":"","inline_featured_image":false,"spay_email":"","jetpack_publicize_message":""},"categories":[4],"tags":[],"jetpack_featured_media_url":"https:\/\/notinor.com\/jujuy\/wp-content\/uploads\/2022\/12\/0197.png","jetpack_publicize_connections":[],"_links":{"self":[{"href":"https:\/\/notinor.com\/jujuy\/wp-json\/wp\/v2\/posts\/366059"}],"collection":[{"href":"https:\/\/notinor.com\/jujuy\/wp-json\/wp\/v2\/posts"}],"about":[{"href":"https:\/\/notinor.com\/jujuy\/wp-json\/wp\/v2\/types\/post"}],"author":[{"embeddable":true,"href":"https:\/\/notinor.com\/jujuy\/wp-json\/wp\/v2\/users\/54"}],"replies":[{"embeddable":true,"href":"https:\/\/notinor.com\/jujuy\/wp-json\/wp\/v2\/comments?post=366059"}],"version-history":[{"count":2,"href":"https:\/\/notinor.com\/jujuy\/wp-json\/wp\/v2\/posts\/366059\/revisions"}],"predecessor-version":[{"id":366068,"href":"https:\/\/notinor.com\/jujuy\/wp-json\/wp\/v2\/posts\/366059\/revisions\/366068"}],"wp:featuredmedia":[{"embeddable":true,"href":"https:\/\/notinor.com\/jujuy\/wp-json\/wp\/v2\/media\/366061"}],"wp:attachment":[{"href":"https:\/\/notinor.com\/jujuy\/wp-json\/wp\/v2\/media?parent=366059"}],"wp:term":[{"taxonomy":"category","embeddable":true,"href":"https:\/\/notinor.com\/jujuy\/wp-json\/wp\/v2\/categories?post=366059"},{"taxonomy":"post_tag","embeddable":true,"href":"https:\/\/notinor.com\/jujuy\/wp-json\/wp\/v2\/tags?post=366059"}],"curies":[{"name":"wp","href":"https:\/\/api.w.org\/{rel}","templated":true}]}}