{"id":366031,"date":"2022-12-21T16:29:23","date_gmt":"2022-12-21T19:29:23","guid":{"rendered":"https:\/\/notinor.com\/jujuy\/?p=366031"},"modified":"2022-12-21T16:29:29","modified_gmt":"2022-12-21T19:29:29","slug":"actividades-de-verano-en-el-parque-botanico-municipal-del-b-los-perales","status":"publish","type":"post","link":"https:\/\/notinor.com\/jujuy\/actividades-de-verano-en-el-parque-botanico-municipal-del-b-los-perales\/","title":{"rendered":"Actividades de verano en el Parque Bot\u00e1nico Municipal del B\u00b0 Los Perales"},"content":{"rendered":"\n<p class=\"has-medium-font-size\"><strong><em>El Parque Bot\u00e1nico Municipal \u201cCarlos Bar\u00f3n Schuel\u201d es una propuesta atractiva para ni\u00f1os, j\u00f3venes y adultos, quienes pueden participar en esta temporada de verano, de visitas guiadas para conocer la historia y biodiversidad de la reserva natural<\/em><\/strong><\/p>\n\n\n\n<figure class=\"wp-block-image size-full\"><img decoding=\"async\" loading=\"lazy\" width=\"743\" height=\"452\" src=\"https:\/\/notinor.com\/jujuy\/wp-content\/uploads\/2022\/12\/0186.png\" alt=\"\" class=\"wp-image-366034\" srcset=\"https:\/\/notinor.com\/jujuy\/wp-content\/uploads\/2022\/12\/0186.png 743w, https:\/\/notinor.com\/jujuy\/wp-content\/uploads\/2022\/12\/0186-600x365.png 600w\" sizes=\"(max-width: 743px) 100vw, 743px\" \/><\/figure>\n\n\n\n<p>\u00bfQuer\u00e9s disfrutar del aire libre?, el Parque Bot\u00e1nico Municipal \u201cCarlos Bar\u00f3n Schuel\u201d, ubicado en calle Caballito Criollo S\/N del barrio Los Perales, es <strong>una propuesta atractiva para ni\u00f1os, j\u00f3venes y adultos, q<\/strong>uienes pueden participar en esta temporada de verano, de visitas guiadas para conocer la <strong>historia y biodiversidad de la reserva natural, de lunes a domingo en diferentes horarios.<\/strong><\/p>\n\n\n\n<p>En el Parque Municipal, las visitas guiadas durante el verano, estar\u00e1n <strong>acompa\u00f1adas por el personal dependiente del lugar<\/strong>, de lunes a domingo por la ma\u00f1ana desde las 9 y por la tarde a partir de las 15 horas.<\/p>\n\n\n\n<figure class=\"wp-block-image size-large\"><img decoding=\"async\" loading=\"lazy\" width=\"367\" height=\"480\" src=\"https:\/\/notinor.com\/jujuy\/wp-content\/uploads\/2022\/12\/0183-367x480.png\" alt=\"\" class=\"wp-image-366032\" srcset=\"https:\/\/notinor.com\/jujuy\/wp-content\/uploads\/2022\/12\/0183-367x480.png 367w, https:\/\/notinor.com\/jujuy\/wp-content\/uploads\/2022\/12\/0183-279x365.png 279w, https:\/\/notinor.com\/jujuy\/wp-content\/uploads\/2022\/12\/0183.png 498w\" sizes=\"(max-width: 367px) 100vw, 367px\" \/><\/figure>\n\n\n\n<p><strong>Los visitantes deber\u00e1n reservar el turno llamando al n\u00famero 388- 4037073 de lunes a viernes de 8 a 17 horas<\/strong>, ya que son cupos limitados.<\/p>\n\n\n\n<p>Se recomienda<strong> llevar agua, calzado c\u00f3modo, ropa apropiada para la caminata, repelente para insectos, protector solar y mochilas con poco peso<\/strong>. En los trayectos de la reserva natural se puede apreciar la biodiversidad del parque que es una continuidad de las Yungas. Resguarda especies aut\u00f3ctonas bot\u00e1nicas y animales del ecosistema subtropical, donde los visitantes podr\u00e1n observar corzuelas, aves y diversas especies de \u00e1rboles.<\/p>\n\n\n\n<p>Adem\u00e1s, los vecinos, visitantes y personal municipal podr\u00e1n disfrutar de las distintas instancias en el \u00e1rea protegida y poder elegir la actividad que m\u00e1s les agrade durante la temporada veraniega.<\/p>\n\n\n\n<figure class=\"wp-block-image size-large\"><img decoding=\"async\" loading=\"lazy\" width=\"520\" height=\"480\" src=\"https:\/\/notinor.com\/jujuy\/wp-content\/uploads\/2022\/12\/0184-520x480.png\" alt=\"\" class=\"wp-image-366033\" srcset=\"https:\/\/notinor.com\/jujuy\/wp-content\/uploads\/2022\/12\/0184-520x480.png 520w, https:\/\/notinor.com\/jujuy\/wp-content\/uploads\/2022\/12\/0184-396x365.png 396w, https:\/\/notinor.com\/jujuy\/wp-content\/uploads\/2022\/12\/0184.png 748w\" sizes=\"(max-width: 520px) 100vw, 520px\" \/><\/figure>\n\n\n\n<p>Tal es as\u00ed, que los <strong>lunes<\/strong> habr\u00e1 actividades recreativas para la familia; los<strong> martes<\/strong> puede acercarse el personal municipal (con entrada gratuita); los d\u00edas <strong>mi\u00e9rcoles <\/strong>se dictar\u00e1n charlas de distintas tem\u00e1ticas como la de las Yungas, el cambio clim\u00e1tico, el medioambiente a cargo profesionales de diferentes \u00e1reas; los <strong>jueves <\/strong>se podr\u00e1 disfrutar de caminatas espec\u00edficas para personas con discapacidad y por \u00faltimo, los <strong>viernes<\/strong> continua con caminatas tem\u00e1ticas en horario de la tarde donde se tocar\u00e1n temas como hongos, avistaje de aves, cuidados del ambiente o la importancia del biodiversidad.<\/p>\n","protected":false},"excerpt":{"rendered":"<p>El Parque Bot\u00e1nico Municipal \u201cCarlos Bar\u00f3n Schuel\u201d es una propuesta atractiva para ni\u00f1os, j\u00f3venes y adultos, quienes pueden participar en esta temporada de verano, de visitas guiadas para conocer la historia y biodiversidad de la reserva natural \u00bfQuer\u00e9s disfrutar del aire libre?, el Parque Bot\u00e1nico Municipal \u201cCarlos Bar\u00f3n Schuel\u201d, ubicado en calle Caballito Criollo S\/N [&hellip;]<\/p>\n","protected":false},"author":54,"featured_media":366034,"comment_status":"closed","ping_status":"closed","sticky":false,"template":"","format":"standard","meta":{"_stopmodifiedupdate":false,"_modified_date":"","inline_featured_image":false,"spay_email":"","jetpack_publicize_message":""},"categories":[514,832],"tags":[],"jetpack_featured_media_url":"https:\/\/notinor.com\/jujuy\/wp-content\/uploads\/2022\/12\/0186.png","jetpack_publicize_connections":[],"_links":{"self":[{"href":"https:\/\/notinor.com\/jujuy\/wp-json\/wp\/v2\/posts\/366031"}],"collection":[{"href":"https:\/\/notinor.com\/jujuy\/wp-json\/wp\/v2\/posts"}],"about":[{"href":"https:\/\/notinor.com\/jujuy\/wp-json\/wp\/v2\/types\/post"}],"author":[{"embeddable":true,"href":"https:\/\/notinor.com\/jujuy\/wp-json\/wp\/v2\/users\/54"}],"replies":[{"embeddable":true,"href":"https:\/\/notinor.com\/jujuy\/wp-json\/wp\/v2\/comments?post=366031"}],"version-history":[{"count":1,"href":"https:\/\/notinor.com\/jujuy\/wp-json\/wp\/v2\/posts\/366031\/revisions"}],"predecessor-version":[{"id":366035,"href":"https:\/\/notinor.com\/jujuy\/wp-json\/wp\/v2\/posts\/366031\/revisions\/366035"}],"wp:featuredmedia":[{"embeddable":true,"href":"https:\/\/notinor.com\/jujuy\/wp-json\/wp\/v2\/media\/366034"}],"wp:attachment":[{"href":"https:\/\/notinor.com\/jujuy\/wp-json\/wp\/v2\/media?parent=366031"}],"wp:term":[{"taxonomy":"category","embeddable":true,"href":"https:\/\/notinor.com\/jujuy\/wp-json\/wp\/v2\/categories?post=366031"},{"taxonomy":"post_tag","embeddable":true,"href":"https:\/\/notinor.com\/jujuy\/wp-json\/wp\/v2\/tags?post=366031"}],"curies":[{"name":"wp","href":"https:\/\/api.w.org\/{rel}","templated":true}]}}