{"id":366028,"date":"2022-12-21T16:24:08","date_gmt":"2022-12-21T19:24:08","guid":{"rendered":"https:\/\/notinor.com\/jujuy\/?p=366028"},"modified":"2022-12-21T16:24:13","modified_gmt":"2022-12-21T19:24:13","slug":"primera-colonia-municipal-dedicada-a-la-primera-infancia","status":"publish","type":"post","link":"https:\/\/notinor.com\/jujuy\/primera-colonia-municipal-dedicada-a-la-primera-infancia\/","title":{"rendered":"Primera colonia municipal dedicada a la Primera Infancia"},"content":{"rendered":"\n<p><strong><em>Desde la Secretar\u00eda de Desarrollo Humano anunciaron el lanzamiento de la primera colonia de vacaciones destinada a ni\u00f1as y ni\u00f1os que caminen y hasta los 6 a\u00f1os. La misma se desarrollar\u00e1 en el CDI \u201cMary Ferrin\u201d desde el 2 de enero, los interesados deben dirigirse para realizar la inscripci\u00f3n correspondiente a las oficinas ubicadas en calle Jorge Newbery 996 o llamar al tel\u00e9fono 388-4400837.<\/em><\/strong><\/p>\n\n\n\n<figure class=\"wp-block-image size-large\"><img decoding=\"async\" loading=\"lazy\" width=\"677\" height=\"480\" src=\"https:\/\/notinor.com\/jujuy\/wp-content\/uploads\/2022\/12\/0195-677x480.png\" alt=\"\" class=\"wp-image-366029\" srcset=\"https:\/\/notinor.com\/jujuy\/wp-content\/uploads\/2022\/12\/0195-677x480.png 677w, https:\/\/notinor.com\/jujuy\/wp-content\/uploads\/2022\/12\/0195-515x365.png 515w, https:\/\/notinor.com\/jujuy\/wp-content\/uploads\/2022\/12\/0195-120x86.png 120w, https:\/\/notinor.com\/jujuy\/wp-content\/uploads\/2022\/12\/0195-750x531.png 750w, https:\/\/notinor.com\/jujuy\/wp-content\/uploads\/2022\/12\/0195.png 755w\" sizes=\"(max-width: 677px) 100vw, 677px\" \/><\/figure>\n\n\n\n<p>Respecto al tema el secretario de Desarrollo Humano especific\u00f3, <strong>\u201ca partir del 2 de enero vamos a tener todos los equipos de la Secretar\u00eda de Desarrollo Humano trabajando en las colonias de vacaciones<\/strong> que se va a extender, en un principio, por todo enero. Las actividades las vamos a abordar con los ni\u00f1os y ni\u00f1as de la ciudad, a trav\u00e9s de la Direcci\u00f3n de Deportes y Recreaci\u00f3n, pero tambi\u00e9n <strong>contaremos con otras propuestas para ni\u00f1os que no sean tan adeptos a la actividad f\u00edsica, como la nataci\u00f3n, que es uno de las cosas que m\u00e1s convoca a los chicos<\/strong>\u201d, por ello expres\u00f3 \u201c<strong>estaremos trabajando en una colonia cultural y tambi\u00e9n una colonia itinerante.<\/strong> Particularmente la colonia cultural se va a desarrollar en el en CDI Mary Ferr\u00edn que cuenta con un edificio nuevo que pudimos inaugurar en agosto en el barrio Alte. Brown\u201d.<\/p>\n\n\n\n<p>La directora de Ni\u00f1ez, Fernanda Zarif, se\u00f1al\u00f3: \u201cjunto con el equipo del CDI \u201cMary Ferrin<strong>\u201d organizamos esta primera colonia municipal dedicada a la primera infancia que son los que quedan afuera de las colonias deportivas, y adem\u00e1s con otros intereses que no tengan que ver solo con lo deportivo. Vamos a trabajar contenidos como los derechos de los ni\u00f1os, ni\u00f1as y adolescentes, educaci\u00f3n emocional, educaci\u00f3n en habilidades sociales, derechos a la diversidad<\/strong> y tambi\u00e9n vamos a trabajar lo que es alimentaci\u00f3n consiente y saludable y conciencia ambiental\u201d.<\/p>\n\n\n\n<p>\u201cLa colonia va durar <strong>del 2 de enero hasta el 10 de febrero.<\/strong> Y la inscripci\u00f3n tendr\u00e1 un m\u00ednimo costo, que ser\u00e1 el \u00fanico aporte para poder sostener los materiales y los alimentos saludables que se dar\u00e1n ah\u00ed\u201d, explic\u00f3 Fernanda Zarif.<\/p>\n\n\n\n<p>Por su parte, la administradora del CDI \u201cMary Ferr\u00edn\u201d, B\u00e1rbara Ben\u00edtez, explic\u00f3 que <strong>los horarios en el que se realizar\u00e1n las actividades de la colonia de vacaciones ser\u00e1n de 8 a 13 hs. <\/strong>Para poder hacer las inscripciones se pueden dirigir a la calle Jorge Newbery 996 o llamar al tel\u00e9fono 0388154400837.<\/p>\n","protected":false},"excerpt":{"rendered":"<p>Desde la Secretar\u00eda de Desarrollo Humano anunciaron el lanzamiento de la primera colonia de vacaciones destinada a ni\u00f1as y ni\u00f1os que caminen y hasta los 6 a\u00f1os. La misma se desarrollar\u00e1 en el CDI \u201cMary Ferrin\u201d desde el 2 de enero, los interesados deben dirigirse para realizar la inscripci\u00f3n correspondiente a las oficinas ubicadas en [&hellip;]<\/p>\n","protected":false},"author":54,"featured_media":366029,"comment_status":"closed","ping_status":"closed","sticky":false,"template":"","format":"standard","meta":{"_stopmodifiedupdate":false,"_modified_date":"","inline_featured_image":false,"spay_email":"","jetpack_publicize_message":""},"categories":[514],"tags":[],"jetpack_featured_media_url":"https:\/\/notinor.com\/jujuy\/wp-content\/uploads\/2022\/12\/0195.png","jetpack_publicize_connections":[],"_links":{"self":[{"href":"https:\/\/notinor.com\/jujuy\/wp-json\/wp\/v2\/posts\/366028"}],"collection":[{"href":"https:\/\/notinor.com\/jujuy\/wp-json\/wp\/v2\/posts"}],"about":[{"href":"https:\/\/notinor.com\/jujuy\/wp-json\/wp\/v2\/types\/post"}],"author":[{"embeddable":true,"href":"https:\/\/notinor.com\/jujuy\/wp-json\/wp\/v2\/users\/54"}],"replies":[{"embeddable":true,"href":"https:\/\/notinor.com\/jujuy\/wp-json\/wp\/v2\/comments?post=366028"}],"version-history":[{"count":1,"href":"https:\/\/notinor.com\/jujuy\/wp-json\/wp\/v2\/posts\/366028\/revisions"}],"predecessor-version":[{"id":366030,"href":"https:\/\/notinor.com\/jujuy\/wp-json\/wp\/v2\/posts\/366028\/revisions\/366030"}],"wp:featuredmedia":[{"embeddable":true,"href":"https:\/\/notinor.com\/jujuy\/wp-json\/wp\/v2\/media\/366029"}],"wp:attachment":[{"href":"https:\/\/notinor.com\/jujuy\/wp-json\/wp\/v2\/media?parent=366028"}],"wp:term":[{"taxonomy":"category","embeddable":true,"href":"https:\/\/notinor.com\/jujuy\/wp-json\/wp\/v2\/categories?post=366028"},{"taxonomy":"post_tag","embeddable":true,"href":"https:\/\/notinor.com\/jujuy\/wp-json\/wp\/v2\/tags?post=366028"}],"curies":[{"name":"wp","href":"https:\/\/api.w.org\/{rel}","templated":true}]}}