{"id":366019,"date":"2022-12-21T15:42:18","date_gmt":"2022-12-21T18:42:18","guid":{"rendered":"https:\/\/notinor.com\/jujuy\/?p=366019"},"modified":"2022-12-21T15:42:29","modified_gmt":"2022-12-21T18:42:29","slug":"rodriguez-larreta-morales-y-los-jefes-del-bloque-de-juntos-por-el-cambio-presentaron-un-proyecto-de-ley-para-promover-el-empleo-registrado","status":"publish","type":"post","link":"https:\/\/notinor.com\/jujuy\/rodriguez-larreta-morales-y-los-jefes-del-bloque-de-juntos-por-el-cambio-presentaron-un-proyecto-de-ley-para-promover-el-empleo-registrado\/","title":{"rendered":"Rodr\u00edguez Larreta, Morales y los jefes del bloque de Juntos por el Cambio presentaron un proyecto de ley para promover el empleo registrado"},"content":{"rendered":"\n<p><em><strong>El jefe de Gobierno de la Ciudad de Buenos Aires, Horacio Rodr\u00edguez Larreta; el gobernador de la provincia de Jujuy, Gerardo Morales; el presidente de la Coalici\u00f3n C\u00edvica ARI, Maxi Ferraro; y los jefes del bloque de Juntos por el Cambio (JxC), Mario Negri, Cristian Ritondo, Juan Manuel L\u00f3pez y Rodrigo de Loredo; presentaron un proyecto de ley que modifica el sistema de multas por trabajo no registrado o mal registrado.<\/strong><\/em><\/p>\n\n\n<div class=\"wp-block-image\">\n<figure class=\"aligncenter size-large\"><img decoding=\"async\" loading=\"lazy\" width=\"720\" height=\"480\" src=\"https:\/\/notinor.com\/jujuy\/wp-content\/uploads\/2022\/12\/Hola-1-720x480.jpg\" alt=\"\" class=\"wp-image-366020\" srcset=\"https:\/\/notinor.com\/jujuy\/wp-content\/uploads\/2022\/12\/Hola-1-720x480.jpg 720w, https:\/\/notinor.com\/jujuy\/wp-content\/uploads\/2022\/12\/Hola-1-548x365.jpg 548w, https:\/\/notinor.com\/jujuy\/wp-content\/uploads\/2022\/12\/Hola-1-768x512.jpg 768w, https:\/\/notinor.com\/jujuy\/wp-content\/uploads\/2022\/12\/Hola-1-750x500.jpg 750w, https:\/\/notinor.com\/jujuy\/wp-content\/uploads\/2022\/12\/Hola-1-1140x760.jpg 1140w, https:\/\/notinor.com\/jujuy\/wp-content\/uploads\/2022\/12\/Hola-1.jpg 1280w\" sizes=\"(max-width: 720px) 100vw, 720px\" \/><\/figure><\/div>\n\n\n<p>El jefe de Gobierno de la Ciudad de Buenos Aires, Horacio Rodr\u00edguez Larreta; el gobernador de la provincia de Jujuy, Gerardo Morales; el presidente de la Coalici\u00f3n C\u00edvica ARI, Maxi Ferraro; y los jefes del bloque de Juntos por el Cambio (JxC), Mario Negri, Cristian Ritondo, Juan Manuel L\u00f3pez y Rodrigo de Loredo;<strong> presentaron un proyecto de ley que modifica el sistema de multas por trabajo no registrado o mal registrado.<\/strong><\/p>\n\n\n\n<p><strong>Se trata de la Ley de Registraci\u00f3n de la Relaci\u00f3n Laboral y modificaciones del sistema de certificado de trabajo y remuneraciones, <\/strong>una iniciativa que busca promover la generaci\u00f3n de m\u00e1s empleo privado registrado, y que tambi\u00e9n apunta contra la industria del juicio. <strong>Hab\u00eda sido uno de los compromisos asumidos por Rodr\u00edguez Larreta en el \u00faltimo Coloquio IDEA<\/strong>, celebrado en octubre en Mar del Plata.<\/p>\n\n\n\n<p>\u201c<strong>El gran desaf\u00edo de la Argentina es generar trabajo para poder crecer.<\/strong> Hoy lamentablemente tenemos un sistema que en vez de incentivar el trabajo funciona como un cepo a la actividad privada de los argentinos. Tenemos que cambiar eso\u201d, afirm\u00f3 Rodr\u00edguez Larreta.<\/p>\n\n\n\n<p>\u201c<strong>En ese camino tenemos que terminar con la Industria de los juicios laborales<\/strong> para incentivar a los empresarios a que registren a sus trabajadores. Queremos un solo sistema de sanciones, m\u00e1s equilibrado, previsible y justo para todos\u201d, cerr\u00f3 el mandatario.<\/p>\n\n\n\n<p>En los fundamentos del proyecto presentado, se afirma: \u201cLa modalidad actual fracas\u00f3. No hay m\u00e1s empleo registrado, no hay menos litigiosidad, no contribuy\u00f3 con el Sistema \u00danico de la Seguridad Social (SUSS), no hay certeza en las relaciones laborales ni la previsibilidad necesaria para la creaci\u00f3n de empleo decente. <strong>Esta iniciativa brinda pautas objetivas a los trabajadores, a los empleadores y a la Justicia sobre el c\u00e1lculo de las sanciones y las definiciones de una relaci\u00f3n laboral correctamente registrada y de remuneraci\u00f3n no registrada\u201d.<\/strong><\/p>\n\n\n\n<p>\u201c<strong>Hoy las multas dependen de la interpretaci\u00f3n de un juez, ya que el concepto de base del c\u00e1lculo es difuso.<\/strong> Para muchas micro, peque\u00f1as y medianas empresas (MiPyME), la normativa vigente, por su falta de precisiones, abre una gran incertidumbre. <strong>Es una confusi\u00f3n saber cu\u00e1ndo una relaci\u00f3n laboral est\u00e1 correctamente registrada.<\/strong> Estas sanciones tienen un costo adicional muy alto y <strong>muchas de estas empresas debieron cerrar por condenas judiciales impagables<\/strong>\u201d, explican los diputados de Juntos por el Cambio.<\/p>\n\n\n\n<blockquote class=\"wp-block-quote\">\n<p><strong>La propuesta reforma las partes de las sanciones en tres leyes que se hicieron desde 1992 y mantiene las indemnizaciones de la Ley de Contrato de Trabajo (LCT).<\/strong><\/p>\n<\/blockquote>\n\n\n\n<p>\u201c<strong>El empleo formal registrado no crece desde 2011<\/strong> y los trabajadores en relaciones parcialmente registradas, o directamente no registradas, contin\u00faan fluctuando desde hace d\u00e9cadas en alrededor de un 30 al 40% por ciento\u201d, a\u00f1aden al respecto.<\/p>\n\n\n\n<p>\u201c<strong>Con este proyecto se busca un nuevo equilibrio que permitir\u00e1 fortalecer las relaciones laborale<\/strong>s e incentivar la creaci\u00f3n de trabajo decente sin desproteger a los trabajadores en total cumplimiento de nuestro ordenamiento nacional\u201d, concluyeron.<\/p>\n\n\n\n<p><strong>Participaron tambi\u00e9n otros funcionarios, <\/strong>como la diputada nacional Silvia Lospennato; los economistas Hern\u00e1n Lacunza, Eduardo Levy Yeyati, Ezequiel Jarvis, asesor en tema laboral de Fundaci\u00f3n Pensar, Horacio Barreiro, asesor en tema laboral de la Fundaci\u00f3n Alem; y Julia Pomares, jefa de asesores del GCBA. Tambi\u00e9n son autores del proyecto las diputadas Mar\u00eda Eugenia Vidal y Graciela Oca\u00f1a.<\/p>\n","protected":false},"excerpt":{"rendered":"<p>El jefe de Gobierno de la Ciudad de Buenos Aires, Horacio Rodr\u00edguez Larreta; el gobernador de la provincia de Jujuy, Gerardo Morales; el presidente de la Coalici\u00f3n C\u00edvica ARI, Maxi Ferraro; y los jefes del bloque de Juntos por el Cambio (JxC), Mario Negri, Cristian Ritondo, Juan Manuel L\u00f3pez y Rodrigo de Loredo; presentaron un [&hellip;]<\/p>\n","protected":false},"author":51,"featured_media":366020,"comment_status":"open","ping_status":"open","sticky":false,"template":"","format":"standard","meta":{"_stopmodifiedupdate":false,"_modified_date":"","inline_featured_image":false,"spay_email":"","jetpack_publicize_message":""},"categories":[501],"tags":[],"jetpack_featured_media_url":"https:\/\/notinor.com\/jujuy\/wp-content\/uploads\/2022\/12\/Hola-1.jpg","jetpack_publicize_connections":[],"_links":{"self":[{"href":"https:\/\/notinor.com\/jujuy\/wp-json\/wp\/v2\/posts\/366019"}],"collection":[{"href":"https:\/\/notinor.com\/jujuy\/wp-json\/wp\/v2\/posts"}],"about":[{"href":"https:\/\/notinor.com\/jujuy\/wp-json\/wp\/v2\/types\/post"}],"author":[{"embeddable":true,"href":"https:\/\/notinor.com\/jujuy\/wp-json\/wp\/v2\/users\/51"}],"replies":[{"embeddable":true,"href":"https:\/\/notinor.com\/jujuy\/wp-json\/wp\/v2\/comments?post=366019"}],"version-history":[{"count":1,"href":"https:\/\/notinor.com\/jujuy\/wp-json\/wp\/v2\/posts\/366019\/revisions"}],"predecessor-version":[{"id":366021,"href":"https:\/\/notinor.com\/jujuy\/wp-json\/wp\/v2\/posts\/366019\/revisions\/366021"}],"wp:featuredmedia":[{"embeddable":true,"href":"https:\/\/notinor.com\/jujuy\/wp-json\/wp\/v2\/media\/366020"}],"wp:attachment":[{"href":"https:\/\/notinor.com\/jujuy\/wp-json\/wp\/v2\/media?parent=366019"}],"wp:term":[{"taxonomy":"category","embeddable":true,"href":"https:\/\/notinor.com\/jujuy\/wp-json\/wp\/v2\/categories?post=366019"},{"taxonomy":"post_tag","embeddable":true,"href":"https:\/\/notinor.com\/jujuy\/wp-json\/wp\/v2\/tags?post=366019"}],"curies":[{"name":"wp","href":"https:\/\/api.w.org\/{rel}","templated":true}]}}