{"id":366017,"date":"2022-12-21T17:33:10","date_gmt":"2022-12-21T20:33:10","guid":{"rendered":"https:\/\/notinor.com\/jujuy\/?p=366017"},"modified":"2022-12-21T17:36:00","modified_gmt":"2022-12-21T20:36:00","slug":"gobernadores-acordaron-trabajar-en-el-agregado-de-valor-del-litio-y-jujuy-presidira-el-comite-regional","status":"publish","type":"post","link":"https:\/\/notinor.com\/jujuy\/gobernadores-acordaron-trabajar-en-el-agregado-de-valor-del-litio-y-jujuy-presidira-el-comite-regional\/","title":{"rendered":"Gobernadores acordaron trabajar en el agregado de valor del litio y Jujuy presidir\u00e1 el comit\u00e9 regional"},"content":{"rendered":"\n<p class=\"has-medium-font-size\"><em><strong>El encuentro fue desarrollado en la Casa de Salta, en la Ciudad de Buenos Aires, y congreg\u00f3 a los mandatarios provinciales, bajo la premisa de trabajar en torno de un recurso clave y abundante en el pa\u00eds.\u00a0<\/strong> <\/em><\/p>\n\n\n\n<p><strong>Por Tania Braum<\/strong><\/p>\n\n\n<div class=\"wp-block-image\">\n<figure class=\"aligncenter size-large\"><img decoding=\"async\" loading=\"lazy\" width=\"840\" height=\"473\" src=\"https:\/\/notinor.com\/jujuy\/wp-content\/uploads\/2022\/12\/RMIM5NSD6FBLXPCFSOM64N7JP4-840x473.jpg\" alt=\"\" class=\"wp-image-366039\" srcset=\"https:\/\/notinor.com\/jujuy\/wp-content\/uploads\/2022\/12\/RMIM5NSD6FBLXPCFSOM64N7JP4-840x473.jpg 840w, https:\/\/notinor.com\/jujuy\/wp-content\/uploads\/2022\/12\/RMIM5NSD6FBLXPCFSOM64N7JP4-649x365.jpg 649w, https:\/\/notinor.com\/jujuy\/wp-content\/uploads\/2022\/12\/RMIM5NSD6FBLXPCFSOM64N7JP4-768x432.jpg 768w, https:\/\/notinor.com\/jujuy\/wp-content\/uploads\/2022\/12\/RMIM5NSD6FBLXPCFSOM64N7JP4-1536x864.jpg 1536w, https:\/\/notinor.com\/jujuy\/wp-content\/uploads\/2022\/12\/RMIM5NSD6FBLXPCFSOM64N7JP4-750x422.jpg 750w, https:\/\/notinor.com\/jujuy\/wp-content\/uploads\/2022\/12\/RMIM5NSD6FBLXPCFSOM64N7JP4-1140x641.jpg 1140w, https:\/\/notinor.com\/jujuy\/wp-content\/uploads\/2022\/12\/RMIM5NSD6FBLXPCFSOM64N7JP4.jpg 1920w\" sizes=\"(max-width: 840px) 100vw, 840px\" \/><\/figure><\/div>\n\n\n<p><\/p>\n\n\n\n<p><strong>Los gobernadores de las provincias que integran la denominada \"Mesa del Litio\" que se conform\u00f3 este a\u00f1o -Gerardo Morales, de Jujuy; Gustavo S\u00e1enz, de Salta; y Ra\u00fal Jalil, de Catamarca- acordaron trabajar en el agregado de valor de este recurso estrat\u00e9gico, <\/strong>que predomina en el norte del pa\u00eds, con la Argentina como part\u00edcipe del \"Tri\u00e1ngulo del litio\", zona que comparte junto con, donde se encuentra la segunda mayor reserva del mundo de este mineral.<\/p>\n\n\n\n<p>En ese sentido, reunidos en la Casa de Salta, en la Ciudad de Buenos Aires, <strong>los mandatarios provinciales firmaron este mi\u00e9rcoles, junto con el Gobierno de la Naci\u00f3n, un acta que incorpora a la empresa YPF Tecnolog\u00eda (Y-TEC) -el vertical de tecnolog\u00eda de la estatal YPF- y a la Secretar\u00eda de Asuntos Estrat\u00e9gicos de la Presidencia de la Naci\u00f3n a la investigaci\u00f3n, producci\u00f3n, industrializaci\u00f3n y comercializaci\u00f3n del litio.<\/strong>  <\/p>\n\n\n\n<p><strong>A partir de este convenio, y mediante una estrategia conjunta, se coordinar\u00e1n y gestionar\u00e1n los requerimientos provinciales ante Naci\u00f3n<\/strong> en los aspectos de inter\u00e9s regional y referidos a toda la cadena que implica la utilizaci\u00f3n del litio.<\/p>\n\n\n\n<p><strong>En el mismo documento qued\u00f3 establecido que la presidencia del Comit\u00e9 Regional la ejercer\u00e1 Morales, <\/strong>mientras que en la Secretar\u00eda Permanente del Comit\u00e9 Regional se design\u00f3 a la Secretar\u00eda de Miner\u00eda e Hidrocarburos de Jujuy, actualmente a cargo de Miguel Soler.  <\/p>\n\n\n\n<p class=\"has-medium-font-size\"><strong>Trabajo conjunto<\/strong><\/p>\n\n\n\n<p>En ese marco, <strong>se instruyeron a los miembros titulares de las subcomisiones a elaborar, en 60 d\u00edas, lineamientos generales para el desarrollo productivo integral de toda la cadena de valor. Estas comisiones trabajar\u00e1 sobre seis \u00e1reas consideradas prioritarias:<\/strong> Infraestructura, Desarrollo de proveedores, Regal\u00edas y tributos, Miner\u00eda, Ambiente y Agua, Ciencia y Tecnolog\u00eda y Educaci\u00f3n y Trabajo.  <\/p>\n\n\n\n<p><strong>Con este nuevo encuentro se da continuidad a la coordinaci\u00f3n con Naci\u00f3n de pol\u00edticas que redunden en el beneficio de toda la cadena de valor del litio<\/strong> y su rol como recurso necesario en la transici\u00f3n energ\u00e9tica del pa\u00eds.<\/p>\n\n\n\n<p><\/p>\n\n\n<div class=\"wp-block-image\">\n<figure class=\"aligncenter size-large\"><img decoding=\"async\" loading=\"lazy\" width=\"727\" height=\"480\" src=\"https:\/\/notinor.com\/jujuy\/wp-content\/uploads\/2022\/12\/image-70-727x480.png\" alt=\"\" class=\"wp-image-364948\" srcset=\"https:\/\/notinor.com\/jujuy\/wp-content\/uploads\/2022\/12\/image-70-727x480.png 727w, https:\/\/notinor.com\/jujuy\/wp-content\/uploads\/2022\/12\/image-70-553x365.png 553w, https:\/\/notinor.com\/jujuy\/wp-content\/uploads\/2022\/12\/image-70.png 744w\" sizes=\"(max-width: 727px) 100vw, 727px\" \/><\/figure><\/div>\n\n\n<p><\/p>\n\n\n\n<p>\"<strong>Los gobernadores de la Mesa del Litio avanzamos junto a Naci\u00f3n en el desarrollo de la cadena de valor del recurso estrat\u00e9gico<\/strong>\", expres\u00f3 S\u00e1enz, tras el encuentro desarrollado en Capital Federal, al que tambi\u00e9n asistieron el presidente del directorio de Y-TEC, Roberto Salvarezza; y la secretaria de Asuntos Estrat\u00e9gicos de la Presidencia de la Naci\u00f3n, Mercedes Marc\u00f3 del Pont; el ministro de Ciencia, Tecnolog\u00eda e Innovaci\u00f3n Productiva, Daniel Filmus; el secretario de Provincias, Bruno Ruggeri; y las secretarias de Energ\u00eda, Flavia Royon; y de Miner\u00eda, Fernanda \u00c1vila.<\/p>\n\n\n\n<p>\"<strong>En la Casa de Salta, participamos de una nueva reuni\u00f3n de la Mesa del Litio\", <\/strong>afirm\u00f3 Filmus a trav\u00e9s de su cuenta de Twitter, donde tambi\u00e9n asegur\u00f3: \"<strong>Trabajamos para idear formas de agregar valor a partir de la ciencia, la tecnolog\u00eda y la innovaci\u00f3n a este elemento clave<\/strong> para la producci\u00f3n de energ\u00eda renovable, potenciar su aporte a la industria nacional y generar trabajo en cada una de las provincias\". <\/p>\n\n\n\n<p class=\"has-medium-font-size\"><strong>El pa\u00eds tiene la mayor cantidad de proyectos<\/strong><\/p>\n\n\n\n<p><strong>La Argentina re\u00fane<\/strong><a href=\"https:\/\/notinor.com\/jujuy\/el-pais-tiene-la-mayor-cantidad-de-proyectos-de-litio-del-mundo-quienes-son-los-duenos-del-negocio\/\"><strong> la mayor cantidad de proyectos de litio del mundo<\/strong>.<\/a>&nbsp;<strong>A la fecha,&nbsp;en el territorio nacional<\/strong>&nbsp;<strong>hay 13 iniciativas de extracci\u00f3n ligadas a este mineral en auge<\/strong>. As\u00ed lo asegura un informe que elabor\u00f3 la consultora de comercio exterior B&amp;B. Los resultados de la investigaci\u00f3n son respaldados por otros estudios del mercado.<\/p>\n\n\n\n<p>En ese sentido, un relevamiento del medio especializado\u00a0<em>Bloomberg<\/em>\u00a0indica que\u00a0<strong>de los 83 desarrollos mineros que posee la Argentina, 27 comprenden actividades relacionadas al extractivismo de litio, concentrados en Salta, Jujuy y Catamarca.<\/strong> Seg\u00fan datos de la cartera de Desarrollo Productivo y la Direcci\u00f3n Nacional de Econom\u00eda Minera,<strong>\u00a0son 18 las compa\u00f1\u00edas que controlan los espacios donde se encuentra este metal<\/strong>\u00a0<strong>en el pa\u00eds<\/strong>.<strong>\u00a0Del total, 16 son actores privados de origen extranjero.<\/strong><\/p>\n\n\n\n<p><\/p>\n\n\n<div class=\"wp-block-image\">\n<figure class=\"aligncenter size-large\"><img decoding=\"async\" loading=\"lazy\" width=\"506\" height=\"480\" src=\"https:\/\/notinor.com\/jujuy\/wp-content\/uploads\/2022\/12\/infografia-506x480.jpg\" alt=\"\" class=\"wp-image-366037\" srcset=\"https:\/\/notinor.com\/jujuy\/wp-content\/uploads\/2022\/12\/infografia-506x480.jpg 506w, https:\/\/notinor.com\/jujuy\/wp-content\/uploads\/2022\/12\/infografia-384x365.jpg 384w, https:\/\/notinor.com\/jujuy\/wp-content\/uploads\/2022\/12\/infografia.jpg 634w\" sizes=\"(max-width: 506px) 100vw, 506px\" \/><\/figure><\/div>\n\n\n<p><\/p>\n\n\n\n<p>El potencial es amplio:\u00a0<strong>el pa\u00eds tiene 19 millones de toneladas m\u00e9tricas de recursos de litio que a\u00fan no se han explotado, el doble que Chile<\/strong>. En este contexto,\u00a0<strong>la Argentina le saca ventaja a las principales naciones competidoras<\/strong>.<\/p>\n\n\n\n<p>Por ejemplo,&nbsp;<strong>los Estados Unidos, protagonista de la industria hasta hace un lustro, tiene 10 proyectos de litio en marcha<\/strong>. A su vez, en el sector, dan por descontado que&nbsp;<strong>en los pr\u00f3ximos cinco a\u00f1os<\/strong>&nbsp;<strong>la Argentina superar\u00e1 a Chile, l\u00edder en Sudam\u00e9rica, que actualmente es el principal exportador de este metal.<\/strong><\/p>\n\n\n\n<p>Por su parte, otro informe que elabor\u00f3 Benchmark Mineral Intelligence adelanta&nbsp;<strong>el crecimiento que experimentar\u00e1 el sector.<\/strong>&nbsp;Sostiene que&nbsp;<strong>el mercado global de litio<\/strong>&nbsp;<strong>mover\u00e1 cerca de 40.000 millones de d\u00f3lares en 2030<\/strong>&nbsp;<em>versus<\/em>&nbsp;los 1.200 millones registrados en 2015.<\/p>\n","protected":false},"excerpt":{"rendered":"<p>El encuentro fue desarrollado en la Casa de Salta, en la Ciudad de Buenos Aires, y congreg\u00f3 a los mandatarios provinciales, bajo la premisa de trabajar en torno de un recurso clave y abundante en el pa\u00eds.\u00a0 Por Tania Braum Los gobernadores de las provincias que integran la denominada \"Mesa del Litio\" que se conform\u00f3 [&hellip;]<\/p>\n","protected":false},"author":51,"featured_media":366039,"comment_status":"open","ping_status":"open","sticky":false,"template":"","format":"standard","meta":{"_stopmodifiedupdate":false,"_modified_date":"","inline_featured_image":false,"spay_email":"","jetpack_publicize_message":""},"categories":[2,676],"tags":[],"jetpack_featured_media_url":"https:\/\/notinor.com\/jujuy\/wp-content\/uploads\/2022\/12\/RMIM5NSD6FBLXPCFSOM64N7JP4.jpg","jetpack_publicize_connections":[],"_links":{"self":[{"href":"https:\/\/notinor.com\/jujuy\/wp-json\/wp\/v2\/posts\/366017"}],"collection":[{"href":"https:\/\/notinor.com\/jujuy\/wp-json\/wp\/v2\/posts"}],"about":[{"href":"https:\/\/notinor.com\/jujuy\/wp-json\/wp\/v2\/types\/post"}],"author":[{"embeddable":true,"href":"https:\/\/notinor.com\/jujuy\/wp-json\/wp\/v2\/users\/51"}],"replies":[{"embeddable":true,"href":"https:\/\/notinor.com\/jujuy\/wp-json\/wp\/v2\/comments?post=366017"}],"version-history":[{"count":7,"href":"https:\/\/notinor.com\/jujuy\/wp-json\/wp\/v2\/posts\/366017\/revisions"}],"predecessor-version":[{"id":366047,"href":"https:\/\/notinor.com\/jujuy\/wp-json\/wp\/v2\/posts\/366017\/revisions\/366047"}],"wp:featuredmedia":[{"embeddable":true,"href":"https:\/\/notinor.com\/jujuy\/wp-json\/wp\/v2\/media\/366039"}],"wp:attachment":[{"href":"https:\/\/notinor.com\/jujuy\/wp-json\/wp\/v2\/media?parent=366017"}],"wp:term":[{"taxonomy":"category","embeddable":true,"href":"https:\/\/notinor.com\/jujuy\/wp-json\/wp\/v2\/categories?post=366017"},{"taxonomy":"post_tag","embeddable":true,"href":"https:\/\/notinor.com\/jujuy\/wp-json\/wp\/v2\/tags?post=366017"}],"curies":[{"name":"wp","href":"https:\/\/api.w.org\/{rel}","templated":true}]}}