{"id":365996,"date":"2022-12-21T15:19:22","date_gmt":"2022-12-21T18:19:22","guid":{"rendered":"https:\/\/notinor.com\/jujuy\/?p=365996"},"modified":"2022-12-21T15:19:27","modified_gmt":"2022-12-21T18:19:27","slug":"rodriguez-larreta-morales-y-los-jefes-del-bloque-de-juntos-por-el-cambio-buscan-promover-el-empleo-registrado","status":"publish","type":"post","link":"https:\/\/notinor.com\/jujuy\/rodriguez-larreta-morales-y-los-jefes-del-bloque-de-juntos-por-el-cambio-buscan-promover-el-empleo-registrado\/","title":{"rendered":"Rodr\u00edguez Larreta, Morales y los jefes del bloque de Juntos por el Cambio buscan promover el empleo registrado"},"content":{"rendered":"\n<p class=\"has-medium-font-size\"><strong><em>El jefe de Gobierno Porte\u00f1o, el gobernador de Jujuy, y los jefes del bloque de Juntos por el Cambio presentaron un proyecto de ley para promover el empleo registrado<\/em><\/strong><\/p>\n\n\n\n<figure class=\"wp-block-image size-large\"><img decoding=\"async\" loading=\"lazy\" width=\"723\" height=\"480\" src=\"https:\/\/notinor.com\/jujuy\/wp-content\/uploads\/2022\/12\/0181-723x480.png\" alt=\"\" class=\"wp-image-365997\" srcset=\"https:\/\/notinor.com\/jujuy\/wp-content\/uploads\/2022\/12\/0181-723x480.png 723w, https:\/\/notinor.com\/jujuy\/wp-content\/uploads\/2022\/12\/0181-550x365.png 550w, https:\/\/notinor.com\/jujuy\/wp-content\/uploads\/2022\/12\/0181-768x510.png 768w, https:\/\/notinor.com\/jujuy\/wp-content\/uploads\/2022\/12\/0181-750x498.png 750w, https:\/\/notinor.com\/jujuy\/wp-content\/uploads\/2022\/12\/0181.png 1043w\" sizes=\"(max-width: 723px) 100vw, 723px\" \/><\/figure>\n\n\n\n<p>El jefe de Gobierno de la Ciudad de Buenos Aires, Horacio Rodr\u00edguez Larreta; el gobernador de la provincia de Jujuy, Gerardo Morales; el presidente de la Coalici\u00f3n C\u00edvica ARI, Maxi Ferraro; y los jefes del bloque de Juntos por el Cambio (JxC), Mario Negri, Cristian Ritondo, Juan Manuel L\u00f3pez y Rodrigo de Loredo; presentaron esta ma\u00f1ana un proyecto de ley que modifica el sistema de multas por trabajo no registrado o mal registrado.<\/p>\n\n\n\n<p><strong>Se trata de la Ley de Registraci\u00f3n de la Relaci\u00f3n Laboral y modificaciones del sistema de certificado de trabajo y remuneraciones, una iniciativa que busca promover la generaci\u00f3n de m\u00e1s empleo privado registrado, y que tambi\u00e9n apunta contra la industria del juicio. <\/strong>Hab\u00eda sido uno de los compromisos asumidos por Rodr\u00edguez Larreta en el \u00faltimo coloquio IDEA.<\/p>\n\n\n\n<p>\u201cEl gran desaf\u00edo de la Argentina es generar trabajo para poder crecer. Hoy lamentablemente tenemos un sistema que en vez de incentivar el trabajo funciona como un cepo a la actividad privada de los argentinos. Tenemos que cambiar eso\u201d afirm\u00f3 Rodr\u00edguez Larreta.<\/p>\n\n\n\n<p>\u201cEn ese camino <strong>tenemos que terminar con la Industria de los juicios laborales para incentivar a los empresarios a que registren a sus trabajadores<\/strong>. Queremos un solo sistema de sanciones, m\u00e1s equilibrado, previsible y justo para todos\u201d, cerr\u00f3 el mandatario.<\/p>\n\n\n\n<p>En los fundamentos del proyecto presentado, se afirma: \u201c<strong>La modalidad actual fracas\u00f3. No hay m\u00e1s empleo registrado, no hay menos litigiosidad, no contribuy\u00f3 con el Sistema \u00danico de la Seguridad Social (SUSS), no hay certeza en las relaciones laborales ni la previsibilidad necesaria para la creaci\u00f3n de empleo decente. <\/strong>Esta iniciativa brinda pautas objetivas a los trabajadores, a los empleadores y a la Justicia sobre el c\u00e1lculo de las sanciones y las definiciones de una relaci\u00f3n laboral correctamente registrada y de remuneraci\u00f3n no registrada\u201d.<\/p>\n\n\n\n<p>\u201cHoy <strong>las multas dependen de la interpretaci\u00f3n de un juez, ya que el concepto de base del c\u00e1lculo es difuso<\/strong>. Para muchas micro, peque\u00f1as y medianas empresas (MiPyME), <strong>la normativa vigente, por su falta de precisiones, abre una gran incertidumbre.<\/strong> Es una confusi\u00f3n saber cu\u00e1ndo una relaci\u00f3n laboral est\u00e1 correctamente registrada. Estas sanciones tienen un costo adicional muy alto y muchas de estas empresas debieron cerrar por condenas judiciales impagables\u201d, explican los diputados de Juntos por el Cambio.<\/p>\n\n\n\n<p>\u201c<strong>El empleo formal registrado no crece desde 2011 y los trabajadores en relaciones parcialmente registradas, o directamente no registradas, contin\u00faan fluctuando desde hace d\u00e9cadas en alrededor de un 30 al 40% por ciento<\/strong>\u201d, a\u00f1aden.<\/p>\n\n\n\n<p><strong>La propuesta reforma las partes de las sanciones en tres leyes que se hicieron desde 1992 y mantiene las indemnizaciones de la Ley de Contrato de Trabajo (LCT).<\/strong><\/p>\n\n\n\n<p>\u201cCon este proyecto <strong>se busca un nuevo equilibrio que permitir\u00e1 fortalecer las relaciones laborales e incentivar la creaci\u00f3n de trabajo decente<\/strong> sin desproteger a los trabajadores en total cumplimiento de nuestro ordenamiento nacional\u201d, concluyeron.<\/p>\n\n\n\n<p>Participaron tambi\u00e9n: la diputada nacional Silvia Lospennato; los economistas Hern\u00e1n Lacunza, Eduardo Levy Yeyati, Ezequiel Jarvis, asesor en tema laboral de Fundaci\u00f3n Pensar, Horacio Barreiro, asesor en tema laboral de la Fundaci\u00f3n Alem; y Julia Pomares, jefa de asesores del GCBA. Tambi\u00e9n son autores del proyecto las diputadas Mar\u00eda Eugenia Vidal y Graciela Oca\u00f1a.<\/p>\n","protected":false},"excerpt":{"rendered":"<p>El jefe de Gobierno Porte\u00f1o, el gobernador de Jujuy, y los jefes del bloque de Juntos por el Cambio presentaron un proyecto de ley para promover el empleo registrado El jefe de Gobierno de la Ciudad de Buenos Aires, Horacio Rodr\u00edguez Larreta; el gobernador de la provincia de Jujuy, Gerardo Morales; el presidente de la [&hellip;]<\/p>\n","protected":false},"author":54,"featured_media":365997,"comment_status":"closed","ping_status":"closed","sticky":false,"template":"","format":"standard","meta":{"_stopmodifiedupdate":false,"_modified_date":"","inline_featured_image":false,"spay_email":"","jetpack_publicize_message":""},"categories":[2,501],"tags":[],"jetpack_featured_media_url":"https:\/\/notinor.com\/jujuy\/wp-content\/uploads\/2022\/12\/0181.png","jetpack_publicize_connections":[],"_links":{"self":[{"href":"https:\/\/notinor.com\/jujuy\/wp-json\/wp\/v2\/posts\/365996"}],"collection":[{"href":"https:\/\/notinor.com\/jujuy\/wp-json\/wp\/v2\/posts"}],"about":[{"href":"https:\/\/notinor.com\/jujuy\/wp-json\/wp\/v2\/types\/post"}],"author":[{"embeddable":true,"href":"https:\/\/notinor.com\/jujuy\/wp-json\/wp\/v2\/users\/54"}],"replies":[{"embeddable":true,"href":"https:\/\/notinor.com\/jujuy\/wp-json\/wp\/v2\/comments?post=365996"}],"version-history":[{"count":1,"href":"https:\/\/notinor.com\/jujuy\/wp-json\/wp\/v2\/posts\/365996\/revisions"}],"predecessor-version":[{"id":365998,"href":"https:\/\/notinor.com\/jujuy\/wp-json\/wp\/v2\/posts\/365996\/revisions\/365998"}],"wp:featuredmedia":[{"embeddable":true,"href":"https:\/\/notinor.com\/jujuy\/wp-json\/wp\/v2\/media\/365997"}],"wp:attachment":[{"href":"https:\/\/notinor.com\/jujuy\/wp-json\/wp\/v2\/media?parent=365996"}],"wp:term":[{"taxonomy":"category","embeddable":true,"href":"https:\/\/notinor.com\/jujuy\/wp-json\/wp\/v2\/categories?post=365996"},{"taxonomy":"post_tag","embeddable":true,"href":"https:\/\/notinor.com\/jujuy\/wp-json\/wp\/v2\/tags?post=365996"}],"curies":[{"name":"wp","href":"https:\/\/api.w.org\/{rel}","templated":true}]}}