{"id":365983,"date":"2022-12-21T11:17:23","date_gmt":"2022-12-21T14:17:23","guid":{"rendered":"https:\/\/notinor.com\/jujuy\/?p=365983"},"modified":"2022-12-21T11:17:28","modified_gmt":"2022-12-21T14:17:28","slug":"argentina-el-rayo-de-luz-que-ilumino-a-lionel-messi-levantando-la-copa-del-mundo","status":"publish","type":"post","link":"https:\/\/notinor.com\/jujuy\/argentina-el-rayo-de-luz-que-ilumino-a-lionel-messi-levantando-la-copa-del-mundo\/","title":{"rendered":"Argentina: el rayo de luz que ilumin\u00f3 a Lionel Messi levantando la Copa del Mundo"},"content":{"rendered":"\n<p class=\"has-medium-font-size\"><strong><em>Hay dos fechas que millones de argentinos no podr\u00e1n olvidar por el resto de sus vidas. La primera sin dudas ser\u00e1 el 18 de diciembre del 2022, cuando la selecci\u00f3n se proclam\u00f3 campeona del mundo por tercera vez en su historia, y la otra el 20 de diciembre que fue cuando los hinchas colmaron las calles de Buenos Aires para recibir a los protagonistas en una jornada sin precedentes.<\/em><\/strong><\/p>\n\n\n<div class=\"wp-block-image\">\n<figure class=\"aligncenter size-large\"><img decoding=\"async\" loading=\"lazy\" width=\"431\" height=\"480\" src=\"https:\/\/notinor.com\/jujuy\/wp-content\/uploads\/2022\/12\/messi-1-431x480.jpg\" alt=\"\" class=\"wp-image-365985\" srcset=\"https:\/\/notinor.com\/jujuy\/wp-content\/uploads\/2022\/12\/messi-1-431x480.jpg 431w, https:\/\/notinor.com\/jujuy\/wp-content\/uploads\/2022\/12\/messi-1-328x365.jpg 328w, https:\/\/notinor.com\/jujuy\/wp-content\/uploads\/2022\/12\/messi-1.jpg 458w\" sizes=\"(max-width: 431px) 100vw, 431px\" \/><\/figure><\/div>\n\n\n<p>La caravana albiceleste dej\u00f3 <strong>muchas im\u00e1genes que quedar\u00e1n para el recuerdo<\/strong>, algunas por lo simp\u00e1ticas (como la de Lionel Messi tomando fernet de una jarra), otras m\u00e1s desafortunadas (la del fan\u00e1tico que se arroj\u00f3 al micro desde un puente y cay\u00f3 al asfalto) y por <strong>una que ahora recorre el mundo.<\/strong><\/p>\n\n\n\n<p>En di\u00e1logo con Infobae, Jos\u00e9 Imbrenda, cont\u00f3 c\u00f3mo fue el detr\u00e1s de escena de la foto m\u00e1s viral de la jornada, en la que el capit\u00e1n de la Selecci\u00f3n Argentina aparece<strong> levantando la Copa del Mundo bajo tres rayos de luz que lo iluminan de lleno<\/strong>.<\/p>\n\n\n\n<p>\u201cNosotros est\u00e1bamos al lado del micro y fren\u00f3 justo adelante nuestro. Paredes (Leandro) agarr\u00f3 justo la copa y ah\u00ed<strong> empezamos a cantarle para que la levantara<\/strong>\u2026 cuando la levant\u00f3 explotamos todos\u201d, recuerda Jos\u00e9, que ni se imaginaba lo que iba a suceder despu\u00e9s.<\/p>\n\n\n\n<p>\u00a0<strong>\u201c\u00a1Que Messi se de vuelta!, \u00a1que Messi se de vuelta!\u201d<\/strong>, comenz\u00f3 a cantar Jos\u00e9 y el resto del grupo que lo rodeaba, con el objetivo de conseguir un saludo del capit\u00e1n de la Albiceleste, pero la sorpresa iba a ser mucho m\u00e1s gratificante para todos.<\/p>\n\n\n\n<p>&nbsp;\u201cEmpezamos a gritar tanto que Paredes lo llam\u00f3 a Messi, le toc\u00f3 el hombro y le dijo algo as\u00ed como: \u2018Mira, salud\u00e1\u201d, no escuchamos lo que le dijo, obvio. En eso Messi salud\u00f3 y cuando Paredes le pas\u00f3 la copa, Leo la agarr\u00f3 y la levant\u00f3 adelante nuestro\u201d, relata este hincha de 37 a\u00f1os.<\/p>\n\n\n\n<p>&nbsp;\u201cFue \u00e9pico\u2026 cuando voy a sacarle la foto a Messi, aparecieron tres rayos en el cielo\u201d, comenta sorprendido y aclara: \u201cNo es que hab\u00eda tres rayos de luz apunt\u00e1ndolo justo desde el cielo, tambi\u00e9n habr\u00e1 sido el contraste de la c\u00e1mara, pero da justo ah\u00ed. Tres rayos de luz y justo cuando ganamos la tercera Copa Mundial\u2026\u201d<\/p>\n\n\n\n<p>&nbsp;\u201cYo elijo creer que hay algo m\u00e1s, que este chab\u00f3n est\u00e1 iluminado y nos ilumin\u00f3 a todos. Despu\u00e9s, que digan lo que quieran\u201d, sentencia sobre la imagen que ahora recorre las redes sociales como la m\u00e1s llamativa de la multitudinaria caravana.<\/p>\n\n\n\n<p>Jos\u00e9, de Zona oeste, fue uno de los tantos que tuvo al astro del PSG a metros suyo y, sobre eso, asegura que sinti\u00f3 algo dif\u00edcil de explicar: \u201cNo tiene l\u00f3gica, no se puede poner en palabras. Es como el amor. Como cuando ves a la piba que te gusta y la miras, y sabes que no te va a dar bola pero queres mirarla y que te mire... bueno, con Messi es algo parecido. Cuando pasa toda esa secuencia, que \u00e9l mira, levanta la copa y saluda... y encima mir\u00e1ndonos a nosotros, fue demasiado\u201d.<\/p>\n\n\n\n<p>Con respecto a la experiencia inolvidable que vivi\u00f3 este 20 de diciembre, Jos\u00e9 reconoce que, \u201cel operativo policial estuvo dentro de todo bien\u201d y que \u201cen ning\u00fan momento se pusieron agresivos ni nada\u201d.<\/p>\n\n\n\n<p>Fueron poco m\u00e1s de cinco horas que el micro pase\u00f3 por las calles de Buenos Aires a paso de hombre. El calor y los 30 grados no impidieron que la gente acompa\u00f1ara a los futbolistas durante un tramo del trayecto. \u201cYo no lo sufr\u00ed tanto (el calor), pas\u00f3 el micro, lo segu\u00ed un rato hasta donde pude y cuando se empezaron a amontonar todos fren\u00e9, m\u00e1s que nada porque ya ten\u00eda la foto que quer\u00eda y dije \u2018listo, \u00bfQu\u00e9 voy a seguir haciendo despu\u00e9s de esto?, \u00bfPara qu\u00e9 voy a seguir exponi\u00e9ndome?\u201d.<\/p>\n\n\n\n<p>En cuanto a la asistencia de fan\u00e1ticos, la caravana fue un \u00e9xito al punto de que m\u00e1s de 4 millones de personas salieron a las calles para celebrar el tercer t\u00edtulo de la Selecci\u00f3n Argentina. Sin embargo, la cantidad de gente, que aumentaba con el paso de las horas, oblig\u00f3 a que se cambiara el recorrido del micro e incluso que se decidiera levantar el operativo. Los futbolistas terminaron montados en helic\u00f3pteros sobrevolando el Obelisco antes de volver al predio.<\/p>\n\n\n<div class=\"wp-block-image\">\n<figure class=\"aligncenter size-full\"><img decoding=\"async\" loading=\"lazy\" width=\"750\" height=\"426\" src=\"https:\/\/notinor.com\/jujuy\/wp-content\/uploads\/2022\/12\/messi-2.jpg\" alt=\"\" class=\"wp-image-365986\" srcset=\"https:\/\/notinor.com\/jujuy\/wp-content\/uploads\/2022\/12\/messi-2.jpg 750w, https:\/\/notinor.com\/jujuy\/wp-content\/uploads\/2022\/12\/messi-2-643x365.jpg 643w\" sizes=\"(max-width: 750px) 100vw, 750px\" \/><\/figure><\/div>","protected":false},"excerpt":{"rendered":"<p>Hay dos fechas que millones de argentinos no podr\u00e1n olvidar por el resto de sus vidas. La primera sin dudas ser\u00e1 el 18 de diciembre del 2022, cuando la selecci\u00f3n se proclam\u00f3 campeona del mundo por tercera vez en su historia, y la otra el 20 de diciembre que fue cuando los hinchas colmaron las [&hellip;]<\/p>\n","protected":false},"author":5,"featured_media":365984,"comment_status":"open","ping_status":"open","sticky":false,"template":"","format":"standard","meta":{"_stopmodifiedupdate":false,"_modified_date":"","inline_featured_image":false,"spay_email":"","jetpack_publicize_message":""},"categories":[5],"tags":[],"jetpack_featured_media_url":"https:\/\/notinor.com\/jujuy\/wp-content\/uploads\/2022\/12\/messi.jpg","jetpack_publicize_connections":[],"_links":{"self":[{"href":"https:\/\/notinor.com\/jujuy\/wp-json\/wp\/v2\/posts\/365983"}],"collection":[{"href":"https:\/\/notinor.com\/jujuy\/wp-json\/wp\/v2\/posts"}],"about":[{"href":"https:\/\/notinor.com\/jujuy\/wp-json\/wp\/v2\/types\/post"}],"author":[{"embeddable":true,"href":"https:\/\/notinor.com\/jujuy\/wp-json\/wp\/v2\/users\/5"}],"replies":[{"embeddable":true,"href":"https:\/\/notinor.com\/jujuy\/wp-json\/wp\/v2\/comments?post=365983"}],"version-history":[{"count":1,"href":"https:\/\/notinor.com\/jujuy\/wp-json\/wp\/v2\/posts\/365983\/revisions"}],"predecessor-version":[{"id":365987,"href":"https:\/\/notinor.com\/jujuy\/wp-json\/wp\/v2\/posts\/365983\/revisions\/365987"}],"wp:featuredmedia":[{"embeddable":true,"href":"https:\/\/notinor.com\/jujuy\/wp-json\/wp\/v2\/media\/365984"}],"wp:attachment":[{"href":"https:\/\/notinor.com\/jujuy\/wp-json\/wp\/v2\/media?parent=365983"}],"wp:term":[{"taxonomy":"category","embeddable":true,"href":"https:\/\/notinor.com\/jujuy\/wp-json\/wp\/v2\/categories?post=365983"},{"taxonomy":"post_tag","embeddable":true,"href":"https:\/\/notinor.com\/jujuy\/wp-json\/wp\/v2\/tags?post=365983"}],"curies":[{"name":"wp","href":"https:\/\/api.w.org\/{rel}","templated":true}]}}